{"id":3558,"date":"2014-03-17T17:52:24","date_gmt":"2014-03-17T16:52:24","guid":{"rendered":"http:\/\/ge-eiserfeld.de\/?p=3558"},"modified":"2014-11-06T22:38:18","modified_gmt":"2014-11-06T21:38:18","slug":"schulimkerei-erhlt-frdermittel","status":"publish","type":"post","link":"https:\/\/www.gesamtschule-eiserfeld.de\/?p=3558","title":{"rendered":"Schulimkerei erh&auml;lt F&ouml;rdermittel"},"content":{"rendered":"<p><b>Schulimkerei der Gesamtschule Eiserfeld erh\u00e4lt 2000\u20ac F\u00f6rdermittel von der Deutschen Bundesstiftung Umwelt<\/b><\/p>\n<p>Coaching-Projektidee \u00fcberzeugte die Jury<\/p>\n<p><img data-recalc-dims=\"1\" loading=\"lazy\" decoding=\"async\" style=\"background-image: none; float: left; margin: 0px 10px 0px 0px; display: inline;\" title=\"image\" src=\"https:\/\/i0.wp.com\/gesamtschule-eiserfeld.de\/wp-content\/uploads\/2014\/03\/image.png?resize=277%2C183\" alt=\"image\" width=\"277\" height=\"183\" align=\"left\" border=\"0\" \/>Immer gr\u00f6\u00dferer Aufmerksamkeit und Beliebtheit erfreut sich dieser Tage die Imkerei AG an der Gesamtschule Eiserfeld, die sich wieder f\u00fcr die Bewirtschaftung und Pflege ihrer drei Bienenv\u00f6lker in diesem Fr\u00fchjahr bereit macht. Ein Teil dieses wachsenden Interesses f\u00fcr die Bienen an der Schule geht sicher auf das Konto der reichen und qualitativ guten Honigernte aus dem letzten Sommer, die rei\u00dfenden Absatz an der Schule fand.<\/p>\n<p><!--more--><\/p>\n<p>Ein guter Teil der Popularit\u00e4t ist aber sicher auch dem Engagement der beiden verantwortlichen Betreuer der AG \u2013 Wolfgang Heck, Biologielehrer an der GEE, und Rainer Otto, Vereinsimker und Imker-Pate, geschuldet. Beiden gelang es mit ihrer Projektidee zur F\u00f6rderung nachhaltiger Schulimkerei eine Fachjury der DBU (Deutsche Bundesstiftung Umwelt) zu \u00fcberzeugen und F\u00f6rdergeld in H\u00f6he von 2000 Euro f\u00fcr die Schulimkerei zu erhalten (<i><span style=\"text-decoration: underline;\"><a href=\"http:\/\/gesamtschule-eiserfeld.de\/PresseInfos\/PM_Nachh_Schulimkerei_Siegen.pdf\" target=\"_blank\">mehr<\/a><\/span><\/i> unter Presseinfo DBU).<\/p>\n<p><img data-recalc-dims=\"1\" loading=\"lazy\" decoding=\"async\" style=\"background-image: none; float: right; margin: 0px 0px 0px 10px; display: inline;\" title=\"image\" src=\"https:\/\/i0.wp.com\/gesamtschule-eiserfeld.de\/wp-content\/uploads\/2014\/03\/image1.png?resize=281%2C186\" alt=\"image\" width=\"281\" height=\"186\" align=\"right\" border=\"0\" \/><\/p>\n<p>Was m\u00f6chten die beiden Verantwortlichen der Bienen-AG an der Gesamtschule Eiserfeld mit ihrem neuen Konzept erreichen? Vorrangig sollen sich \u00e4ltere Sch\u00fcler als Coaches f\u00fcr den jungen Imkernachwuchs an unserer Schule einsetzen. Hinzu kommt die Umr\u00fcstung des Schulgartens f\u00fcr die Bienenv\u00f6lker, die Renovierung der dort vorhandenen H\u00fctte im Sinne einer Bienenwerkstatt und die Anschaffung zwei weiterer V\u00f6lker. Bei allen Aktivit\u00e4ten wird die Nachhaltigkeit und die Motivation der Sch\u00fcler in dieser AG zu umweltbewusstem Engagement ganz gro\u00df geschrieben.<\/p>\n<p><img data-recalc-dims=\"1\" loading=\"lazy\" decoding=\"async\" style=\"background-image: none; float: left; margin: 0px 10px 0px 0px; display: inline;\" title=\"image\" src=\"https:\/\/i0.wp.com\/gesamtschule-eiserfeld.de\/wp-content\/uploads\/2014\/03\/image2.png?resize=135%2C203\" alt=\"image\" width=\"135\" height=\"203\" align=\"left\" border=\"0\" \/>So konnten die beiden AG Verantwortlichen k\u00fcrzlich im Rahmen der Fachtagung \u201eLernen durch Umweltengagement \u2013 bestechend gut\u201c in Osnabr\u00fcck den Bewilligungsbescheid \u00fcber das F\u00f6rdergeld erfreut entgegennehmen. Zusammen mit acht weiteren, von der Jury ausgew\u00e4hlten Schulen empfingen sie diese Honorierung ihres Einsatzes f\u00fcr nachhaltige Schulimkerei und verpflichteten sich damit, innerhalb eines Jahres die Umsetzung ihrer Projektidee an der Gesamtschule Eiserfeld zu dokumentieren.<\/p>\n<p>(j.dicker)<\/p>\n","protected":false},"excerpt":{"rendered":"<p>Schulimkerei der Gesamtschule Eiserfeld erh\u00e4lt 2000\u20ac F\u00f6rdermittel von der Deutschen Bundesstiftung Umwelt Coaching-Projektidee \u00fcberzeugte die Jury Immer gr\u00f6\u00dferer Aufmerksamkeit und Beliebtheit erfreut sich dieser Tage die Imkerei AG an der Gesamtschule Eiserfeld, die sich wieder f\u00fcr die Bewirtschaftung und Pflege ihrer drei Bienenv\u00f6lker in diesem Fr\u00fchjahr bereit macht. Ein Teil dieses wachsenden Interesses f\u00fcr die &hellip; <a href=\"https:\/\/www.gesamtschule-eiserfeld.de\/?p=3558\" class=\"more-link\"><span class=\"screen-reader-text\">Schulimkerei erh&auml;lt F&ouml;rdermittel<\/span> weiterlesen <span class=\"meta-nav\">&rarr;<\/span><\/a><\/p>\n","protected":false},"author":9,"featured_media":0,"comment_status":"closed","ping_status":"open","sticky":false,"template":"","format":"standard","meta":{"jetpack_post_was_ever_published":false,"_jetpack_newsletter_access":"","_jetpack_dont_email_post_to_subs":false,"_jetpack_newsletter_tier_id":0,"_jetpack_memberships_contains_paywalled_content":false,"_jetpack_memberships_contains_paid_content":false,"footnotes":"","jetpack_publicize_message":"","jetpack_publicize_feature_enabled":true,"jetpack_social_post_already_shared":true,"jetpack_social_options":{"image_generator_settings":{"template":"highway","default_image_id":0,"font":"","enabled":false},"version":2}},"categories":[34,35,36,51,10],"tags":[],"class_list":["post-3558","post","type-post","status-publish","format-standard","hentry","category-jg-56","category-jg-78","category-jg-910","category-naturwissenschaften","category-projekte"],"yoast_head":"<!-- This site is optimized with the Yoast SEO plugin v27.4 - https:\/\/yoast.com\/product\/yoast-seo-wordpress\/ -->\n<title>Schulimkerei erh&auml;lt F&ouml;rdermittel - Gesamtschule Eiserfeld<\/title>\n<meta name=\"robots\" content=\"index, follow, max-snippet:-1, max-image-preview:large, max-video-preview:-1\" \/>\n<link rel=\"canonical\" href=\"https:\/\/www.gesamtschule-eiserfeld.de\/?p=3558\" \/>\n<meta property=\"og:locale\" content=\"de_DE\" \/>\n<meta property=\"og:type\" content=\"article\" \/>\n<meta property=\"og:title\" content=\"Schulimkerei erh&auml;lt F&ouml;rdermittel - Gesamtschule Eiserfeld\" \/>\n<meta property=\"og:description\" content=\"Schulimkerei der Gesamtschule Eiserfeld erh\u00e4lt 2000\u20ac F\u00f6rdermittel von der Deutschen Bundesstiftung Umwelt Coaching-Projektidee \u00fcberzeugte die Jury Immer gr\u00f6\u00dferer Aufmerksamkeit und Beliebtheit erfreut sich dieser Tage die Imkerei AG an der Gesamtschule Eiserfeld, die sich wieder f\u00fcr die Bewirtschaftung und Pflege ihrer drei Bienenv\u00f6lker in diesem Fr\u00fchjahr bereit macht. Ein Teil dieses wachsenden Interesses f\u00fcr die &hellip; Schulimkerei erh&auml;lt F&ouml;rdermittel weiterlesen &rarr;\" \/>\n<meta property=\"og:url\" content=\"https:\/\/www.gesamtschule-eiserfeld.de\/?p=3558\" \/>\n<meta property=\"og:site_name\" content=\"Gesamtschule Eiserfeld\" \/>\n<meta property=\"article:publisher\" content=\"https:\/\/www.facebook.com\/GEEiserfeld\" \/>\n<meta property=\"article:published_time\" content=\"2014-03-17T16:52:24+00:00\" \/>\n<meta property=\"article:modified_time\" content=\"2014-11-06T21:38:18+00:00\" \/>\n<meta property=\"og:image\" content=\"http:\/\/gesamtschule-eiserfeld.de\/wp-content\/uploads\/2014\/03\/image.png\" \/>\n<meta name=\"author\" content=\"dorw\" \/>\n<meta name=\"twitter:card\" content=\"summary_large_image\" \/>\n<meta name=\"twitter:label1\" content=\"Verfasst von\" \/>\n\t<meta name=\"twitter:data1\" content=\"dorw\" \/>\n\t<meta name=\"twitter:label2\" content=\"Gesch\u00e4tzte Lesezeit\" \/>\n\t<meta name=\"twitter:data2\" content=\"2\u00a0Minuten\" \/>\n<script type=\"application\/ld+json\" class=\"yoast-schema-graph\">{\"@context\":\"https:\\\/\\\/schema.org\",\"@graph\":[{\"@type\":\"Article\",\"@id\":\"https:\\\/\\\/www.gesamtschule-eiserfeld.de\\\/?p=3558#article\",\"isPartOf\":{\"@id\":\"https:\\\/\\\/www.gesamtschule-eiserfeld.de\\\/?p=3558\"},\"author\":{\"name\":\"dorw\",\"@id\":\"https:\\\/\\\/www.gesamtschule-eiserfeld.de\\\/#\\\/schema\\\/person\\\/9f37123dd2ff514a1346db435bdb3784\"},\"headline\":\"Schulimkerei erh&auml;lt F&ouml;rdermittel\",\"datePublished\":\"2014-03-17T16:52:24+00:00\",\"dateModified\":\"2014-11-06T21:38:18+00:00\",\"mainEntityOfPage\":{\"@id\":\"https:\\\/\\\/www.gesamtschule-eiserfeld.de\\\/?p=3558\"},\"wordCount\":317,\"publisher\":{\"@id\":\"https:\\\/\\\/www.gesamtschule-eiserfeld.de\\\/#organization\"},\"image\":{\"@id\":\"https:\\\/\\\/www.gesamtschule-eiserfeld.de\\\/?p=3558#primaryimage\"},\"thumbnailUrl\":\"http:\\\/\\\/gesamtschule-eiserfeld.de\\\/wp-content\\\/uploads\\\/2014\\\/03\\\/image.png\",\"articleSection\":[\"Jg 5\\\/6\",\"Jg 7\\\/8\",\"Jg 9\\\/10\",\"Naturwissenschaften\",\"Projekte\"],\"inLanguage\":\"de\"},{\"@type\":\"WebPage\",\"@id\":\"https:\\\/\\\/www.gesamtschule-eiserfeld.de\\\/?p=3558\",\"url\":\"https:\\\/\\\/www.gesamtschule-eiserfeld.de\\\/?p=3558\",\"name\":\"Schulimkerei erh&auml;lt F&ouml;rdermittel - Gesamtschule Eiserfeld\",\"isPartOf\":{\"@id\":\"https:\\\/\\\/www.gesamtschule-eiserfeld.de\\\/#website\"},\"primaryImageOfPage\":{\"@id\":\"https:\\\/\\\/www.gesamtschule-eiserfeld.de\\\/?p=3558#primaryimage\"},\"image\":{\"@id\":\"https:\\\/\\\/www.gesamtschule-eiserfeld.de\\\/?p=3558#primaryimage\"},\"thumbnailUrl\":\"http:\\\/\\\/gesamtschule-eiserfeld.de\\\/wp-content\\\/uploads\\\/2014\\\/03\\\/image.png\",\"datePublished\":\"2014-03-17T16:52:24+00:00\",\"dateModified\":\"2014-11-06T21:38:18+00:00\",\"breadcrumb\":{\"@id\":\"https:\\\/\\\/www.gesamtschule-eiserfeld.de\\\/?p=3558#breadcrumb\"},\"inLanguage\":\"de\",\"potentialAction\":[{\"@type\":\"ReadAction\",\"target\":[\"https:\\\/\\\/www.gesamtschule-eiserfeld.de\\\/?p=3558\"]}]},{\"@type\":\"ImageObject\",\"inLanguage\":\"de\",\"@id\":\"https:\\\/\\\/www.gesamtschule-eiserfeld.de\\\/?p=3558#primaryimage\",\"url\":\"http:\\\/\\\/gesamtschule-eiserfeld.de\\\/wp-content\\\/uploads\\\/2014\\\/03\\\/image.png\",\"contentUrl\":\"http:\\\/\\\/gesamtschule-eiserfeld.de\\\/wp-content\\\/uploads\\\/2014\\\/03\\\/image.png\"},{\"@type\":\"BreadcrumbList\",\"@id\":\"https:\\\/\\\/www.gesamtschule-eiserfeld.de\\\/?p=3558#breadcrumb\",\"itemListElement\":[{\"@type\":\"ListItem\",\"position\":1,\"name\":\"Startseite\",\"item\":\"https:\\\/\\\/www.gesamtschule-eiserfeld.de\\\/\"},{\"@type\":\"ListItem\",\"position\":2,\"name\":\"Schulimkerei erh&auml;lt F&ouml;rdermittel\"}]},{\"@type\":\"WebSite\",\"@id\":\"https:\\\/\\\/www.gesamtschule-eiserfeld.de\\\/#website\",\"url\":\"https:\\\/\\\/www.gesamtschule-eiserfeld.de\\\/\",\"name\":\"Gesamtschule Eiserfeld\",\"description\":\"\",\"publisher\":{\"@id\":\"https:\\\/\\\/www.gesamtschule-eiserfeld.de\\\/#organization\"},\"potentialAction\":[{\"@type\":\"SearchAction\",\"target\":{\"@type\":\"EntryPoint\",\"urlTemplate\":\"https:\\\/\\\/www.gesamtschule-eiserfeld.de\\\/?s={search_term_string}\"},\"query-input\":{\"@type\":\"PropertyValueSpecification\",\"valueRequired\":true,\"valueName\":\"search_term_string\"}}],\"inLanguage\":\"de\"},{\"@type\":\"Organization\",\"@id\":\"https:\\\/\\\/www.gesamtschule-eiserfeld.de\\\/#organization\",\"name\":\"Gesamtschule Eiserfeld\",\"url\":\"https:\\\/\\\/www.gesamtschule-eiserfeld.de\\\/\",\"logo\":{\"@type\":\"ImageObject\",\"inLanguage\":\"de\",\"@id\":\"https:\\\/\\\/www.gesamtschule-eiserfeld.de\\\/#\\\/schema\\\/logo\\\/image\\\/\",\"url\":\"https:\\\/\\\/i1.wp.com\\\/www.gesamtschule-eiserfeld.de\\\/wp-content\\\/uploads\\\/2019\\\/01\\\/GEE-Logo-neu.jpg?fit=436%2C126&ssl=1\",\"contentUrl\":\"https:\\\/\\\/i1.wp.com\\\/www.gesamtschule-eiserfeld.de\\\/wp-content\\\/uploads\\\/2019\\\/01\\\/GEE-Logo-neu.jpg?fit=436%2C126&ssl=1\",\"width\":436,\"height\":126,\"caption\":\"Gesamtschule Eiserfeld\"},\"image\":{\"@id\":\"https:\\\/\\\/www.gesamtschule-eiserfeld.de\\\/#\\\/schema\\\/logo\\\/image\\\/\"},\"sameAs\":[\"https:\\\/\\\/www.facebook.com\\\/GEEiserfeld\"]},{\"@type\":\"Person\",\"@id\":\"https:\\\/\\\/www.gesamtschule-eiserfeld.de\\\/#\\\/schema\\\/person\\\/9f37123dd2ff514a1346db435bdb3784\",\"name\":\"dorw\",\"sameAs\":[\"http:\\\/\\\/www.ge-eiserfeld.de\"],\"url\":\"https:\\\/\\\/www.gesamtschule-eiserfeld.de\\\/?author=9\"}]}<\/script>\n<!-- \/ Yoast SEO plugin. -->","yoast_head_json":{"title":"Schulimkerei erh&auml;lt F&ouml;rdermittel - Gesamtschule Eiserfeld","robots":{"index":"index","follow":"follow","max-snippet":"max-snippet:-1","max-image-preview":"max-image-preview:large","max-video-preview":"max-video-preview:-1"},"canonical":"https:\/\/www.gesamtschule-eiserfeld.de\/?p=3558","og_locale":"de_DE","og_type":"article","og_title":"Schulimkerei erh&auml;lt F&ouml;rdermittel - Gesamtschule Eiserfeld","og_description":"Schulimkerei der Gesamtschule Eiserfeld erh\u00e4lt 2000\u20ac F\u00f6rdermittel von der Deutschen Bundesstiftung Umwelt Coaching-Projektidee \u00fcberzeugte die Jury Immer gr\u00f6\u00dferer Aufmerksamkeit und Beliebtheit erfreut sich dieser Tage die Imkerei AG an der Gesamtschule Eiserfeld, die sich wieder f\u00fcr die Bewirtschaftung und Pflege ihrer drei Bienenv\u00f6lker in diesem Fr\u00fchjahr bereit macht. Ein Teil dieses wachsenden Interesses f\u00fcr die &hellip; Schulimkerei erh&auml;lt F&ouml;rdermittel weiterlesen &rarr;","og_url":"https:\/\/www.gesamtschule-eiserfeld.de\/?p=3558","og_site_name":"Gesamtschule Eiserfeld","article_publisher":"https:\/\/www.facebook.com\/GEEiserfeld","article_published_time":"2014-03-17T16:52:24+00:00","article_modified_time":"2014-11-06T21:38:18+00:00","og_image":[{"url":"http:\/\/gesamtschule-eiserfeld.de\/wp-content\/uploads\/2014\/03\/image.png","type":"","width":"","height":""}],"author":"dorw","twitter_card":"summary_large_image","twitter_misc":{"Verfasst von":"dorw","Gesch\u00e4tzte Lesezeit":"2\u00a0Minuten"},"schema":{"@context":"https:\/\/schema.org","@graph":[{"@type":"Article","@id":"https:\/\/www.gesamtschule-eiserfeld.de\/?p=3558#article","isPartOf":{"@id":"https:\/\/www.gesamtschule-eiserfeld.de\/?p=3558"},"author":{"name":"dorw","@id":"https:\/\/www.gesamtschule-eiserfeld.de\/#\/schema\/person\/9f37123dd2ff514a1346db435bdb3784"},"headline":"Schulimkerei erh&auml;lt F&ouml;rdermittel","datePublished":"2014-03-17T16:52:24+00:00","dateModified":"2014-11-06T21:38:18+00:00","mainEntityOfPage":{"@id":"https:\/\/www.gesamtschule-eiserfeld.de\/?p=3558"},"wordCount":317,"publisher":{"@id":"https:\/\/www.gesamtschule-eiserfeld.de\/#organization"},"image":{"@id":"https:\/\/www.gesamtschule-eiserfeld.de\/?p=3558#primaryimage"},"thumbnailUrl":"http:\/\/gesamtschule-eiserfeld.de\/wp-content\/uploads\/2014\/03\/image.png","articleSection":["Jg 5\/6","Jg 7\/8","Jg 9\/10","Naturwissenschaften","Projekte"],"inLanguage":"de"},{"@type":"WebPage","@id":"https:\/\/www.gesamtschule-eiserfeld.de\/?p=3558","url":"https:\/\/www.gesamtschule-eiserfeld.de\/?p=3558","name":"Schulimkerei erh&auml;lt F&ouml;rdermittel - Gesamtschule Eiserfeld","isPartOf":{"@id":"https:\/\/www.gesamtschule-eiserfeld.de\/#website"},"primaryImageOfPage":{"@id":"https:\/\/www.gesamtschule-eiserfeld.de\/?p=3558#primaryimage"},"image":{"@id":"https:\/\/www.gesamtschule-eiserfeld.de\/?p=3558#primaryimage"},"thumbnailUrl":"http:\/\/gesamtschule-eiserfeld.de\/wp-content\/uploads\/2014\/03\/image.png","datePublished":"2014-03-17T16:52:24+00:00","dateModified":"2014-11-06T21:38:18+00:00","breadcrumb":{"@id":"https:\/\/www.gesamtschule-eiserfeld.de\/?p=3558#breadcrumb"},"inLanguage":"de","potentialAction":[{"@type":"ReadAction","target":["https:\/\/www.gesamtschule-eiserfeld.de\/?p=3558"]}]},{"@type":"ImageObject","inLanguage":"de","@id":"https:\/\/www.gesamtschule-eiserfeld.de\/?p=3558#primaryimage","url":"http:\/\/gesamtschule-eiserfeld.de\/wp-content\/uploads\/2014\/03\/image.png","contentUrl":"http:\/\/gesamtschule-eiserfeld.de\/wp-content\/uploads\/2014\/03\/image.png"},{"@type":"BreadcrumbList","@id":"https:\/\/www.gesamtschule-eiserfeld.de\/?p=3558#breadcrumb","itemListElement":[{"@type":"ListItem","position":1,"name":"Startseite","item":"https:\/\/www.gesamtschule-eiserfeld.de\/"},{"@type":"ListItem","position":2,"name":"Schulimkerei erh&auml;lt F&ouml;rdermittel"}]},{"@type":"WebSite","@id":"https:\/\/www.gesamtschule-eiserfeld.de\/#website","url":"https:\/\/www.gesamtschule-eiserfeld.de\/","name":"Gesamtschule Eiserfeld","description":"","publisher":{"@id":"https:\/\/www.gesamtschule-eiserfeld.de\/#organization"},"potentialAction":[{"@type":"SearchAction","target":{"@type":"EntryPoint","urlTemplate":"https:\/\/www.gesamtschule-eiserfeld.de\/?s={search_term_string}"},"query-input":{"@type":"PropertyValueSpecification","valueRequired":true,"valueName":"search_term_string"}}],"inLanguage":"de"},{"@type":"Organization","@id":"https:\/\/www.gesamtschule-eiserfeld.de\/#organization","name":"Gesamtschule Eiserfeld","url":"https:\/\/www.gesamtschule-eiserfeld.de\/","logo":{"@type":"ImageObject","inLanguage":"de","@id":"https:\/\/www.gesamtschule-eiserfeld.de\/#\/schema\/logo\/image\/","url":"https:\/\/i1.wp.com\/www.gesamtschule-eiserfeld.de\/wp-content\/uploads\/2019\/01\/GEE-Logo-neu.jpg?fit=436%2C126&ssl=1","contentUrl":"https:\/\/i1.wp.com\/www.gesamtschule-eiserfeld.de\/wp-content\/uploads\/2019\/01\/GEE-Logo-neu.jpg?fit=436%2C126&ssl=1","width":436,"height":126,"caption":"Gesamtschule Eiserfeld"},"image":{"@id":"https:\/\/www.gesamtschule-eiserfeld.de\/#\/schema\/logo\/image\/"},"sameAs":["https:\/\/www.facebook.com\/GEEiserfeld"]},{"@type":"Person","@id":"https:\/\/www.gesamtschule-eiserfeld.de\/#\/schema\/person\/9f37123dd2ff514a1346db435bdb3784","name":"dorw","sameAs":["http:\/\/www.ge-eiserfeld.de"],"url":"https:\/\/www.gesamtschule-eiserfeld.de\/?author=9"}]}},"jetpack_publicize_connections":[],"jetpack_featured_media_url":"","jetpack_shortlink":"https:\/\/wp.me\/p2weeL-Vo","jetpack_sharing_enabled":true,"_links":{"self":[{"href":"https:\/\/www.gesamtschule-eiserfeld.de\/index.php?rest_route=\/wp\/v2\/posts\/3558","targetHints":{"allow":["GET"]}}],"collection":[{"href":"https:\/\/www.gesamtschule-eiserfeld.de\/index.php?rest_route=\/wp\/v2\/posts"}],"about":[{"href":"https:\/\/www.gesamtschule-eiserfeld.de\/index.php?rest_route=\/wp\/v2\/types\/post"}],"author":[{"embeddable":true,"href":"https:\/\/www.gesamtschule-eiserfeld.de\/index.php?rest_route=\/wp\/v2\/users\/9"}],"replies":[{"embeddable":true,"href":"https:\/\/www.gesamtschule-eiserfeld.de\/index.php?rest_route=%2Fwp%2Fv2%2Fcomments&post=3558"}],"version-history":[{"count":0,"href":"https:\/\/www.gesamtschule-eiserfeld.de\/index.php?rest_route=\/wp\/v2\/posts\/3558\/revisions"}],"wp:attachment":[{"href":"https:\/\/www.gesamtschule-eiserfeld.de\/index.php?rest_route=%2Fwp%2Fv2%2Fmedia&parent=3558"}],"wp:term":[{"taxonomy":"category","embeddable":true,"href":"https:\/\/www.gesamtschule-eiserfeld.de\/index.php?rest_route=%2Fwp%2Fv2%2Fcategories&post=3558"},{"taxonomy":"post_tag","embeddable":true,"href":"https:\/\/www.gesamtschule-eiserfeld.de\/index.php?rest_route=%2Fwp%2Fv2%2Ftags&post=3558"}],"curies":[{"name":"wp","href":"https:\/\/api.w.org\/{rel}","templated":true}]}}