{"id":361,"date":"2011-05-18T08:39:00","date_gmt":"2011-05-18T06:39:00","guid":{"rendered":"http:\/\/ge-eiserfeld.de\/?p=361"},"modified":"2012-07-06T08:41:31","modified_gmt":"2012-07-06T06:41:31","slug":"besuch-der-eiserfelder-werksttten","status":"publish","type":"post","link":"https:\/\/www.gesamtschule-eiserfeld.de\/?p=361","title":{"rendered":"Besuch der Eiserfelder Werkst&auml;tten"},"content":{"rendered":"<p align=\"justify\"><a href=\"http:\/\/gesamtschule-eiserfeld.de\/wp-content\/uploads\/2012\/07\/clip_image0023.jpg\"><font face=\"Times New Roman\"><a href=\"https:\/\/i0.wp.com\/gesamtschule-eiserfeld.de\/wp-content\/uploads\/2012\/07\/clip_image0024.jpg\"><img data-recalc-dims=\"1\" loading=\"lazy\" decoding=\"async\" style=\"background-image: none; border-bottom: 0px; border-left: 0px; padding-left: 0px; padding-right: 0px; display: inline; float: left; border-top: 0px; border-right: 0px; padding-top: 0px\" title=\"Herstellung von Kabelb\u00e4umen, eine komplizierte Arbeit, die Fingerfertigkeit und viel Geduld erfordert.\" border=\"0\" hspace=\"12\" alt=\"Herstellung von Kabelb\u00e4umen, eine komplizierte Arbeit, die Fingerfertigkeit und viel Geduld erfordert.\" align=\"left\" src=\"https:\/\/i0.wp.com\/gesamtschule-eiserfeld.de\/wp-content\/uploads\/2012\/07\/clip_image002_thumb2.jpg?resize=120%2C89\" width=\"120\" height=\"89\" \/><\/a><\/font><\/a><font face=\"Times New Roman\">15 Sch\u00fclerinnen und Sch\u00fcler des 8. Jahrgangs haben in diesem Schuljahr im Fach \u201eGemeinn\u00fctzig Handeln\u201c ihre praktische Arbeit in der Hans-Reinhardt-Schule abgeleistet. In den letzten Wochen haben sie au\u00dferdem recherchiert, welche Berufe es gibt, in denen man behinderte Menschen unterst\u00fctzen kann. <\/font><\/p>\n<div align=\"justify\"><!--more--><\/div>\n<p align=\"justify\"><font face=\"Times New Roman\"><\/font><\/p>\n<p align=\"justify\"><font face=\"Times New Roman\">Um einen vertieften Einblick in die Praxis zu bekommen, besuchten Sch\u00fclerinnen und Sch\u00fcler der Gruppe die Eiserfelder Werkst\u00e4tten, wo sie durch deren Leiter, Herrn Droste, eine fundierte Information \u00fcber die Einrichtungen der Arbeiterwohl-fahrt im Siegerland erhielten. Von etwa 1000 Menschen im Siegerland werden 189 in Eiserfeld darin unterst\u00fctzt, am Arbeitsleben teilzunehmen.<\/font><\/p>\n<p align=\"justify\"><a href=\"https:\/\/i0.wp.com\/gesamtschule-eiserfeld.de\/wp-content\/uploads\/2012\/07\/clip_image0042.jpg\"><font face=\"Times New Roman\"><img data-recalc-dims=\"1\" loading=\"lazy\" decoding=\"async\" style=\"background-image: none; border-bottom: 0px; border-left: 0px; padding-left: 0px; padding-right: 0px; display: inline; float: left; border-top: 0px; border-right: 0px; padding-top: 0px\" title=\"Das gro\u00dfe Wandbild in der Kantine ist \u00e4lter als die Besucher und wirkt trotzdem wie neu. Es muss zur\u00fcckgelassen werden, wenn die Werkstatt in den Neubau am Heidenberg umziehen wird, auf den alle schon seit Jahren gewartet haben.\" border=\"0\" hspace=\"12\" alt=\"Das gro\u00dfe Wandbild in der Kantine ist \u00e4lter als die Besucher und wirkt trotzdem wie neu. Es muss zur\u00fcckgelassen werden, wenn die Werkstatt in den Neubau am Heidenberg umziehen wird, auf den alle schon seit Jahren gewartet haben.\" align=\"left\" src=\"https:\/\/i0.wp.com\/gesamtschule-eiserfeld.de\/wp-content\/uploads\/2012\/07\/clip_image004_thumb2.jpg?resize=186%2C244\" width=\"186\" height=\"244\" \/><\/font><\/a><i><font face=\"Times New Roman\">\u201eIch fand es spannend zu sehen, wie es nach der Schulzeit f\u00fcr die Sch\u00fcler der Hans-Reinhardt-Schule weitergeht. Viele von ihnen sind sehr geschickt und haben gro\u00dfe Handfertigkeit. Sie haben ihre Aufgaben richtig gut drauf!\u201c (Chris)<\/font><\/i><\/p>\n<p align=\"justify\"><font face=\"Times New Roman\">\u00dcberrascht waren die Achtkl\u00e4ssler \u00fcber die Vielseitigkeit der Arbeiten, die in den Werkst\u00e4tten geleistet werden, dazu geh\u00f6ren u.a. Kunststoffbearbeitung, Montage von Teilegruppen, Verpackungsarbeiten, Folien-Einschwei\u00dfarbeiten, Elektromontage, Metallbearbeitung, Kabelkonfektionierung, Textilbearbeitung, Gartenbau und Landschaftspflege. Einige Besch\u00e4ftigte arbeiten auch au\u00dferhalb der Werkst\u00e4tten, wie z.B. auch unser Hausmeisterhelfer. Alle Arbeiten m\u00fcssen pr\u00e4zise durch die technischen Leiter vorbereitet werden, damit keine Unf\u00e4lle geschehen, z.B. dass man sich am Folienschwei\u00dfger\u00e4t nicht verbrennt, vor allem aber, damit alle Produkte fehlerfrei die Werkst\u00e4tten verlassen, seien es nun Kabelb\u00e4ume, elektronische Bauteile oder Packungen mit genauer Anzahl von Kleinteilen. <\/font><\/p>\n<p align=\"justify\"><a href=\"https:\/\/i0.wp.com\/gesamtschule-eiserfeld.de\/wp-content\/uploads\/2012\/07\/clip_image0061.jpg\"><font face=\"Times New Roman\"><img data-recalc-dims=\"1\" loading=\"lazy\" decoding=\"async\" style=\"background-image: none; border-bottom: 0px; border-left: 0px; padding-left: 0px; padding-right: 0px; display: inline; float: right; border-top: 0px; border-right: 0px; padding-top: 0px\" title=\"Im Eingangsbereich der Werkst\u00e4tten befindet sich die Gruppe der neuen Besch\u00e4ftigten.\" border=\"0\" hspace=\"12\" alt=\"Im Eingangsbereich der Werkst\u00e4tten befindet sich die Gruppe der neuen Besch\u00e4ftigten.\" align=\"right\" src=\"https:\/\/i0.wp.com\/gesamtschule-eiserfeld.de\/wp-content\/uploads\/2012\/07\/clip_image006_thumb1.jpg?resize=244%2C185\" width=\"244\" height=\"185\" \/><\/font><\/a><font face=\"Times New Roman\">Es gibt viele verschiedene Berufe, die in der Werkstatt gebraucht werden, auch technische Berufe mit Zusatzqualifikation, f\u00fcr die man direkt bei der AWO geschult wird. Vor allem werden in Zukunft mehr Helfer im Freiwilligen Sozialen Jahr gesucht, weil es ab Sommer keinen Zivildienst mehr gibt. <\/font><\/p>\n<p align=\"justify\"><font face=\"Times New Roman\">Wie in einer Lehrwerkstatt werden sie zun\u00e4chst besonders angeleitet, jeder nach seinem individuellen F\u00f6rderplan. Inzwischen gibt es neben Praktika modulare Ausbildungsrahmenpl\u00e4ne Bildungspl\u00e4ne und Bildungsab-schl\u00fcsse als Metallwerker oder Holzwerker, die vor der IHK abgelegt werden. <\/font><\/p>\n<p align=\"justify\"><font face=\"Times New Roman\">Nun m\u00fcssten die Besch\u00e4ftigten nur noch ad\u00e4quat f\u00fcr ihre Arbeit bezahlt werden. Neben einer Grundrente bekommen sie n\u00e4mlich nur einen geringen Lohn, so dass immer ein Gef\u00fchl des Almosenempf\u00e4ngers bleibt, auch wenn Vollzeitarbeit geleistet wird. In anderen europ\u00e4ischen L\u00e4ndern zahlt man dagegen einen subventionierten Stundenlohn, was sicher zufriedenstellender ist.<\/font><\/p>\n<p align=\"justify\"><font face=\"Times New Roman\">In den kommenden Wochen wird unsere Gruppe noch am Ritterfest der Hans-Reinhardt-Schule teilnehmen, bei der Abnahme des Fahrradf\u00fchrerscheins helfen und die DRK-Kinderklinik besuchen, um dort mehr \u00fcber die Entstehung und medizinische Versorgung von Behinderungen zu erfahren. (mein) <\/font><\/p>\n<p align=\"justify\"><font face=\"Times New Roman\"><\/font><\/p>\n","protected":false},"excerpt":{"rendered":"<p>15 Sch\u00fclerinnen und Sch\u00fcler des 8. Jahrgangs haben in diesem Schuljahr im Fach \u201eGemeinn\u00fctzig Handeln\u201c ihre praktische Arbeit in der Hans-Reinhardt-Schule abgeleistet. In den letzten Wochen haben sie au\u00dferdem recherchiert, welche Berufe es gibt, in denen man behinderte Menschen unterst\u00fctzen kann.<\/p>\n","protected":false},"author":9,"featured_media":0,"comment_status":"closed","ping_status":"open","sticky":false,"template":"","format":"standard","meta":{"jetpack_post_was_ever_published":false,"_jetpack_newsletter_access":"","_jetpack_dont_email_post_to_subs":false,"_jetpack_newsletter_tier_id":0,"_jetpack_memberships_contains_paywalled_content":false,"_jetpack_memberships_contains_paid_content":false,"footnotes":"","jetpack_publicize_message":"","jetpack_publicize_feature_enabled":true,"jetpack_social_post_already_shared":false,"jetpack_social_options":{"image_generator_settings":{"template":"highway","default_image_id":0,"font":"","enabled":false},"version":2}},"categories":[23],"tags":[],"class_list":["post-361","post","type-post","status-publish","format-standard","hentry","category-partner"],"yoast_head":"<!-- This site is optimized with the Yoast SEO plugin v27.4 - https:\/\/yoast.com\/product\/yoast-seo-wordpress\/ -->\n<title>Besuch der Eiserfelder Werkst&auml;tten - Gesamtschule Eiserfeld<\/title>\n<meta name=\"robots\" content=\"index, follow, max-snippet:-1, max-image-preview:large, max-video-preview:-1\" \/>\n<link rel=\"canonical\" href=\"https:\/\/www.gesamtschule-eiserfeld.de\/?p=361\" \/>\n<meta property=\"og:locale\" content=\"de_DE\" \/>\n<meta property=\"og:type\" content=\"article\" \/>\n<meta property=\"og:title\" content=\"Besuch der Eiserfelder Werkst&auml;tten - Gesamtschule Eiserfeld\" \/>\n<meta property=\"og:description\" content=\"15 Sch\u00fclerinnen und Sch\u00fcler des 8. Jahrgangs haben in diesem Schuljahr im Fach \u201eGemeinn\u00fctzig Handeln\u201c ihre praktische Arbeit in der Hans-Reinhardt-Schule abgeleistet. In den letzten Wochen haben sie au\u00dferdem recherchiert, welche Berufe es gibt, in denen man behinderte Menschen unterst\u00fctzen kann.\" \/>\n<meta property=\"og:url\" content=\"https:\/\/www.gesamtschule-eiserfeld.de\/?p=361\" \/>\n<meta property=\"og:site_name\" content=\"Gesamtschule Eiserfeld\" \/>\n<meta property=\"article:publisher\" content=\"https:\/\/www.facebook.com\/GEEiserfeld\" \/>\n<meta property=\"article:published_time\" content=\"2011-05-18T06:39:00+00:00\" \/>\n<meta property=\"article:modified_time\" content=\"2012-07-06T06:41:31+00:00\" \/>\n<meta property=\"og:image\" content=\"http:\/\/gesamtschule-eiserfeld.de\/wp-content\/uploads\/2012\/07\/clip_image002_thumb2.jpg\" \/>\n<meta name=\"author\" content=\"dorw\" \/>\n<meta name=\"twitter:card\" content=\"summary_large_image\" \/>\n<meta name=\"twitter:label1\" content=\"Verfasst von\" \/>\n\t<meta name=\"twitter:data1\" content=\"dorw\" \/>\n\t<meta name=\"twitter:label2\" content=\"Gesch\u00e4tzte Lesezeit\" \/>\n\t<meta name=\"twitter:data2\" content=\"2\u00a0Minuten\" \/>\n<script type=\"application\/ld+json\" class=\"yoast-schema-graph\">{\"@context\":\"https:\\\/\\\/schema.org\",\"@graph\":[{\"@type\":\"Article\",\"@id\":\"https:\\\/\\\/www.gesamtschule-eiserfeld.de\\\/?p=361#article\",\"isPartOf\":{\"@id\":\"https:\\\/\\\/www.gesamtschule-eiserfeld.de\\\/?p=361\"},\"author\":{\"name\":\"dorw\",\"@id\":\"https:\\\/\\\/www.gesamtschule-eiserfeld.de\\\/#\\\/schema\\\/person\\\/9f37123dd2ff514a1346db435bdb3784\"},\"headline\":\"Besuch der Eiserfelder Werkst&auml;tten\",\"datePublished\":\"2011-05-18T06:39:00+00:00\",\"dateModified\":\"2012-07-06T06:41:31+00:00\",\"mainEntityOfPage\":{\"@id\":\"https:\\\/\\\/www.gesamtschule-eiserfeld.de\\\/?p=361\"},\"wordCount\":427,\"publisher\":{\"@id\":\"https:\\\/\\\/www.gesamtschule-eiserfeld.de\\\/#organization\"},\"image\":{\"@id\":\"https:\\\/\\\/www.gesamtschule-eiserfeld.de\\\/?p=361#primaryimage\"},\"thumbnailUrl\":\"http:\\\/\\\/gesamtschule-eiserfeld.de\\\/wp-content\\\/uploads\\\/2012\\\/07\\\/clip_image002_thumb2.jpg\",\"articleSection\":[\"Partner\"],\"inLanguage\":\"de\"},{\"@type\":\"WebPage\",\"@id\":\"https:\\\/\\\/www.gesamtschule-eiserfeld.de\\\/?p=361\",\"url\":\"https:\\\/\\\/www.gesamtschule-eiserfeld.de\\\/?p=361\",\"name\":\"Besuch der Eiserfelder Werkst&auml;tten - Gesamtschule Eiserfeld\",\"isPartOf\":{\"@id\":\"https:\\\/\\\/www.gesamtschule-eiserfeld.de\\\/#website\"},\"primaryImageOfPage\":{\"@id\":\"https:\\\/\\\/www.gesamtschule-eiserfeld.de\\\/?p=361#primaryimage\"},\"image\":{\"@id\":\"https:\\\/\\\/www.gesamtschule-eiserfeld.de\\\/?p=361#primaryimage\"},\"thumbnailUrl\":\"http:\\\/\\\/gesamtschule-eiserfeld.de\\\/wp-content\\\/uploads\\\/2012\\\/07\\\/clip_image002_thumb2.jpg\",\"datePublished\":\"2011-05-18T06:39:00+00:00\",\"dateModified\":\"2012-07-06T06:41:31+00:00\",\"breadcrumb\":{\"@id\":\"https:\\\/\\\/www.gesamtschule-eiserfeld.de\\\/?p=361#breadcrumb\"},\"inLanguage\":\"de\",\"potentialAction\":[{\"@type\":\"ReadAction\",\"target\":[\"https:\\\/\\\/www.gesamtschule-eiserfeld.de\\\/?p=361\"]}]},{\"@type\":\"ImageObject\",\"inLanguage\":\"de\",\"@id\":\"https:\\\/\\\/www.gesamtschule-eiserfeld.de\\\/?p=361#primaryimage\",\"url\":\"http:\\\/\\\/gesamtschule-eiserfeld.de\\\/wp-content\\\/uploads\\\/2012\\\/07\\\/clip_image002_thumb2.jpg\",\"contentUrl\":\"http:\\\/\\\/gesamtschule-eiserfeld.de\\\/wp-content\\\/uploads\\\/2012\\\/07\\\/clip_image002_thumb2.jpg\"},{\"@type\":\"BreadcrumbList\",\"@id\":\"https:\\\/\\\/www.gesamtschule-eiserfeld.de\\\/?p=361#breadcrumb\",\"itemListElement\":[{\"@type\":\"ListItem\",\"position\":1,\"name\":\"Startseite\",\"item\":\"https:\\\/\\\/www.gesamtschule-eiserfeld.de\\\/\"},{\"@type\":\"ListItem\",\"position\":2,\"name\":\"Besuch der Eiserfelder Werkst&auml;tten\"}]},{\"@type\":\"WebSite\",\"@id\":\"https:\\\/\\\/www.gesamtschule-eiserfeld.de\\\/#website\",\"url\":\"https:\\\/\\\/www.gesamtschule-eiserfeld.de\\\/\",\"name\":\"Gesamtschule Eiserfeld\",\"description\":\"\",\"publisher\":{\"@id\":\"https:\\\/\\\/www.gesamtschule-eiserfeld.de\\\/#organization\"},\"potentialAction\":[{\"@type\":\"SearchAction\",\"target\":{\"@type\":\"EntryPoint\",\"urlTemplate\":\"https:\\\/\\\/www.gesamtschule-eiserfeld.de\\\/?s={search_term_string}\"},\"query-input\":{\"@type\":\"PropertyValueSpecification\",\"valueRequired\":true,\"valueName\":\"search_term_string\"}}],\"inLanguage\":\"de\"},{\"@type\":\"Organization\",\"@id\":\"https:\\\/\\\/www.gesamtschule-eiserfeld.de\\\/#organization\",\"name\":\"Gesamtschule Eiserfeld\",\"url\":\"https:\\\/\\\/www.gesamtschule-eiserfeld.de\\\/\",\"logo\":{\"@type\":\"ImageObject\",\"inLanguage\":\"de\",\"@id\":\"https:\\\/\\\/www.gesamtschule-eiserfeld.de\\\/#\\\/schema\\\/logo\\\/image\\\/\",\"url\":\"https:\\\/\\\/i1.wp.com\\\/www.gesamtschule-eiserfeld.de\\\/wp-content\\\/uploads\\\/2019\\\/01\\\/GEE-Logo-neu.jpg?fit=436%2C126&ssl=1\",\"contentUrl\":\"https:\\\/\\\/i1.wp.com\\\/www.gesamtschule-eiserfeld.de\\\/wp-content\\\/uploads\\\/2019\\\/01\\\/GEE-Logo-neu.jpg?fit=436%2C126&ssl=1\",\"width\":436,\"height\":126,\"caption\":\"Gesamtschule Eiserfeld\"},\"image\":{\"@id\":\"https:\\\/\\\/www.gesamtschule-eiserfeld.de\\\/#\\\/schema\\\/logo\\\/image\\\/\"},\"sameAs\":[\"https:\\\/\\\/www.facebook.com\\\/GEEiserfeld\"]},{\"@type\":\"Person\",\"@id\":\"https:\\\/\\\/www.gesamtschule-eiserfeld.de\\\/#\\\/schema\\\/person\\\/9f37123dd2ff514a1346db435bdb3784\",\"name\":\"dorw\",\"sameAs\":[\"http:\\\/\\\/www.ge-eiserfeld.de\"],\"url\":\"https:\\\/\\\/www.gesamtschule-eiserfeld.de\\\/?author=9\"}]}<\/script>\n<!-- \/ Yoast SEO plugin. -->","yoast_head_json":{"title":"Besuch der Eiserfelder Werkst&auml;tten - Gesamtschule Eiserfeld","robots":{"index":"index","follow":"follow","max-snippet":"max-snippet:-1","max-image-preview":"max-image-preview:large","max-video-preview":"max-video-preview:-1"},"canonical":"https:\/\/www.gesamtschule-eiserfeld.de\/?p=361","og_locale":"de_DE","og_type":"article","og_title":"Besuch der Eiserfelder Werkst&auml;tten - Gesamtschule Eiserfeld","og_description":"15 Sch\u00fclerinnen und Sch\u00fcler des 8. Jahrgangs haben in diesem Schuljahr im Fach \u201eGemeinn\u00fctzig Handeln\u201c ihre praktische Arbeit in der Hans-Reinhardt-Schule abgeleistet. In den letzten Wochen haben sie au\u00dferdem recherchiert, welche Berufe es gibt, in denen man behinderte Menschen unterst\u00fctzen kann.","og_url":"https:\/\/www.gesamtschule-eiserfeld.de\/?p=361","og_site_name":"Gesamtschule Eiserfeld","article_publisher":"https:\/\/www.facebook.com\/GEEiserfeld","article_published_time":"2011-05-18T06:39:00+00:00","article_modified_time":"2012-07-06T06:41:31+00:00","og_image":[{"url":"http:\/\/gesamtschule-eiserfeld.de\/wp-content\/uploads\/2012\/07\/clip_image002_thumb2.jpg","type":"","width":"","height":""}],"author":"dorw","twitter_card":"summary_large_image","twitter_misc":{"Verfasst von":"dorw","Gesch\u00e4tzte Lesezeit":"2\u00a0Minuten"},"schema":{"@context":"https:\/\/schema.org","@graph":[{"@type":"Article","@id":"https:\/\/www.gesamtschule-eiserfeld.de\/?p=361#article","isPartOf":{"@id":"https:\/\/www.gesamtschule-eiserfeld.de\/?p=361"},"author":{"name":"dorw","@id":"https:\/\/www.gesamtschule-eiserfeld.de\/#\/schema\/person\/9f37123dd2ff514a1346db435bdb3784"},"headline":"Besuch der Eiserfelder Werkst&auml;tten","datePublished":"2011-05-18T06:39:00+00:00","dateModified":"2012-07-06T06:41:31+00:00","mainEntityOfPage":{"@id":"https:\/\/www.gesamtschule-eiserfeld.de\/?p=361"},"wordCount":427,"publisher":{"@id":"https:\/\/www.gesamtschule-eiserfeld.de\/#organization"},"image":{"@id":"https:\/\/www.gesamtschule-eiserfeld.de\/?p=361#primaryimage"},"thumbnailUrl":"http:\/\/gesamtschule-eiserfeld.de\/wp-content\/uploads\/2012\/07\/clip_image002_thumb2.jpg","articleSection":["Partner"],"inLanguage":"de"},{"@type":"WebPage","@id":"https:\/\/www.gesamtschule-eiserfeld.de\/?p=361","url":"https:\/\/www.gesamtschule-eiserfeld.de\/?p=361","name":"Besuch der Eiserfelder Werkst&auml;tten - Gesamtschule Eiserfeld","isPartOf":{"@id":"https:\/\/www.gesamtschule-eiserfeld.de\/#website"},"primaryImageOfPage":{"@id":"https:\/\/www.gesamtschule-eiserfeld.de\/?p=361#primaryimage"},"image":{"@id":"https:\/\/www.gesamtschule-eiserfeld.de\/?p=361#primaryimage"},"thumbnailUrl":"http:\/\/gesamtschule-eiserfeld.de\/wp-content\/uploads\/2012\/07\/clip_image002_thumb2.jpg","datePublished":"2011-05-18T06:39:00+00:00","dateModified":"2012-07-06T06:41:31+00:00","breadcrumb":{"@id":"https:\/\/www.gesamtschule-eiserfeld.de\/?p=361#breadcrumb"},"inLanguage":"de","potentialAction":[{"@type":"ReadAction","target":["https:\/\/www.gesamtschule-eiserfeld.de\/?p=361"]}]},{"@type":"ImageObject","inLanguage":"de","@id":"https:\/\/www.gesamtschule-eiserfeld.de\/?p=361#primaryimage","url":"http:\/\/gesamtschule-eiserfeld.de\/wp-content\/uploads\/2012\/07\/clip_image002_thumb2.jpg","contentUrl":"http:\/\/gesamtschule-eiserfeld.de\/wp-content\/uploads\/2012\/07\/clip_image002_thumb2.jpg"},{"@type":"BreadcrumbList","@id":"https:\/\/www.gesamtschule-eiserfeld.de\/?p=361#breadcrumb","itemListElement":[{"@type":"ListItem","position":1,"name":"Startseite","item":"https:\/\/www.gesamtschule-eiserfeld.de\/"},{"@type":"ListItem","position":2,"name":"Besuch der Eiserfelder Werkst&auml;tten"}]},{"@type":"WebSite","@id":"https:\/\/www.gesamtschule-eiserfeld.de\/#website","url":"https:\/\/www.gesamtschule-eiserfeld.de\/","name":"Gesamtschule Eiserfeld","description":"","publisher":{"@id":"https:\/\/www.gesamtschule-eiserfeld.de\/#organization"},"potentialAction":[{"@type":"SearchAction","target":{"@type":"EntryPoint","urlTemplate":"https:\/\/www.gesamtschule-eiserfeld.de\/?s={search_term_string}"},"query-input":{"@type":"PropertyValueSpecification","valueRequired":true,"valueName":"search_term_string"}}],"inLanguage":"de"},{"@type":"Organization","@id":"https:\/\/www.gesamtschule-eiserfeld.de\/#organization","name":"Gesamtschule Eiserfeld","url":"https:\/\/www.gesamtschule-eiserfeld.de\/","logo":{"@type":"ImageObject","inLanguage":"de","@id":"https:\/\/www.gesamtschule-eiserfeld.de\/#\/schema\/logo\/image\/","url":"https:\/\/i1.wp.com\/www.gesamtschule-eiserfeld.de\/wp-content\/uploads\/2019\/01\/GEE-Logo-neu.jpg?fit=436%2C126&ssl=1","contentUrl":"https:\/\/i1.wp.com\/www.gesamtschule-eiserfeld.de\/wp-content\/uploads\/2019\/01\/GEE-Logo-neu.jpg?fit=436%2C126&ssl=1","width":436,"height":126,"caption":"Gesamtschule Eiserfeld"},"image":{"@id":"https:\/\/www.gesamtschule-eiserfeld.de\/#\/schema\/logo\/image\/"},"sameAs":["https:\/\/www.facebook.com\/GEEiserfeld"]},{"@type":"Person","@id":"https:\/\/www.gesamtschule-eiserfeld.de\/#\/schema\/person\/9f37123dd2ff514a1346db435bdb3784","name":"dorw","sameAs":["http:\/\/www.ge-eiserfeld.de"],"url":"https:\/\/www.gesamtschule-eiserfeld.de\/?author=9"}]}},"jetpack_publicize_connections":[],"jetpack_featured_media_url":"","jetpack_shortlink":"https:\/\/wp.me\/p2weeL-5P","jetpack_sharing_enabled":true,"_links":{"self":[{"href":"https:\/\/www.gesamtschule-eiserfeld.de\/index.php?rest_route=\/wp\/v2\/posts\/361","targetHints":{"allow":["GET"]}}],"collection":[{"href":"https:\/\/www.gesamtschule-eiserfeld.de\/index.php?rest_route=\/wp\/v2\/posts"}],"about":[{"href":"https:\/\/www.gesamtschule-eiserfeld.de\/index.php?rest_route=\/wp\/v2\/types\/post"}],"author":[{"embeddable":true,"href":"https:\/\/www.gesamtschule-eiserfeld.de\/index.php?rest_route=\/wp\/v2\/users\/9"}],"replies":[{"embeddable":true,"href":"https:\/\/www.gesamtschule-eiserfeld.de\/index.php?rest_route=%2Fwp%2Fv2%2Fcomments&post=361"}],"version-history":[{"count":0,"href":"https:\/\/www.gesamtschule-eiserfeld.de\/index.php?rest_route=\/wp\/v2\/posts\/361\/revisions"}],"wp:attachment":[{"href":"https:\/\/www.gesamtschule-eiserfeld.de\/index.php?rest_route=%2Fwp%2Fv2%2Fmedia&parent=361"}],"wp:term":[{"taxonomy":"category","embeddable":true,"href":"https:\/\/www.gesamtschule-eiserfeld.de\/index.php?rest_route=%2Fwp%2Fv2%2Fcategories&post=361"},{"taxonomy":"post_tag","embeddable":true,"href":"https:\/\/www.gesamtschule-eiserfeld.de\/index.php?rest_route=%2Fwp%2Fv2%2Ftags&post=361"}],"curies":[{"name":"wp","href":"https:\/\/api.w.org\/{rel}","templated":true}]}}