{"id":378,"date":"2010-10-06T08:48:00","date_gmt":"2010-10-06T06:48:00","guid":{"rendered":"http:\/\/ge-eiserfeld.de\/?p=378"},"modified":"2012-07-06T08:54:20","modified_gmt":"2012-07-06T06:54:20","slug":"erster-besuch-in-der-hans-reinhardt-schule","status":"publish","type":"post","link":"https:\/\/www.gesamtschule-eiserfeld.de\/?p=378","title":{"rendered":"Erster Besuch in der Hans-Reinhardt-Schule"},"content":{"rendered":"<p align=\"justify\"><font face=\"Times New Roman\">Am 6. Oktober 2010 besuchte die neue Gruppe aus dem WP-II-Kurs &quot;Gemeinn\u00fctzig Handeln&quot; die Hans-Reinhardt-Schule.      <br \/>Nachdem die neue Busroute ausprobiert war, wurden bereits in der Mittagspause auf dem Schulhof die ersten Kontakte gekn\u00fcpft. Insbesondere die Besucher unseres Kindermusicals freuten sich, dass die gemeinsame Arbeit jetzt endlich beginnt.<\/font><\/p>\n<p><!--more--><\/p>\n<p align=\"justify\"><font face=\"Times New Roman\">     <br \/>Spannend fanden die Sch\u00fclerinnen und Sch\u00fcler den Wechsel ins Lehrerzimmer, wo Ihnen Schulleiter Dirk Volkwein in einer kleinen Konferenz Informationen \u00fcber die Schule, die Schulordnung und die Aufgaben eines Praktikanten vermittelte<\/font><\/p>\n<p align=\"justify\"><b><font face=\"Times New Roman\">Besuch der Klassen<\/font><\/b><\/p>\n<p align=\"justify\"><font face=\"Times New Roman\">Anschlie\u00dfend stellten sich die Sch\u00fclerinnen und Sch\u00fcler in ihren neuen Klassen vor und wurden dort sehr herzlich begr\u00fc\u00dft. Alle berichteten, dass ihnen der erste Nachmittag dort gut gefallen hat.     <br \/>Bereits jetzt kamen die ersten Anfragen, ob es m\u00f6glich ist, im 9. Jahrgang das Berufspraktikum an der Hans-Reinhardt-Schule durchzuf\u00fchren. Wer sich bew\u00e4hrt, darf kommen, so wie in diesem Sommer vier Sch\u00fclerinnen und ein Sch\u00fcler aus dem 9. Jahrgang.      <br \/>Ida und Ann-Christin, die das Abitur an der GEE abgelegt haben, leisten im Moment an der Hans-Reinhardt-Schule ihr Freiwilliges Soziales Jahr ab.      <br \/>Nat\u00fcrlich ist auch bereits, wie in jedem Jahr, ein Fu\u00dfballturnier geplant.       <br \/>Wie sch\u00f6n, dass unsere Schulpartnerschaft so lebendig ist! (mein)<\/font><\/p>\n<p align=\"justify\"><a href=\"https:\/\/i0.wp.com\/gesamtschule-eiserfeld.de\/wp-content\/uploads\/2012\/07\/image6.png\"><font face=\"Times New Roman\"><img data-recalc-dims=\"1\" loading=\"lazy\" decoding=\"async\" style=\"background-image: none; border-bottom: 0px; border-left: 0px; margin: 0px 10px 0px 0px; padding-left: 0px; padding-right: 0px; display: inline; float: left; border-top: 0px; border-right: 0px; padding-top: 0px\" title=\"image\" border=\"0\" alt=\"image\" align=\"left\" src=\"https:\/\/i0.wp.com\/gesamtschule-eiserfeld.de\/wp-content\/uploads\/2012\/07\/image_thumb6.png?resize=104%2C79\" width=\"104\" height=\"79\" \/><\/font><\/a><\/p>\n<p align=\"justify\"><font face=\"Times New Roman\">Ich durfte zum ersten Mal im Leben ein M\u00e4dchen im Rollstuhl fahren. (Kathy)<\/font><\/p>\n<p align=\"justify\"><font face=\"Times New Roman\"><\/font><\/p>\n<p align=\"justify\"><font face=\"Times New Roman\"><\/font><\/p>\n<p align=\"justify\"><a href=\"https:\/\/i0.wp.com\/gesamtschule-eiserfeld.de\/wp-content\/uploads\/2012\/07\/image7.png\"><font face=\"Times New Roman\"><img data-recalc-dims=\"1\" loading=\"lazy\" decoding=\"async\" style=\"background-image: none; border-bottom: 0px; border-left: 0px; margin: 0px 10px; padding-left: 0px; padding-right: 0px; display: inline; float: right; border-top: 0px; border-right: 0px; padding-top: 0px\" title=\"image\" border=\"0\" alt=\"image\" align=\"right\" src=\"https:\/\/i0.wp.com\/gesamtschule-eiserfeld.de\/wp-content\/uploads\/2012\/07\/image_thumb7.png?resize=104%2C74\" width=\"104\" height=\"74\" \/><\/font><\/a><\/p>\n<p align=\"justify\"><font face=\"Times New Roman\">Mir ist aufgefallen, dass die Sch\u00fcler vom Verhalten her nicht viel anders sind als wir. Sie sind sehr sozial. (Jan)<\/font><\/p>\n<p> <font face=\"Times New Roman\">   <\/p>\n<p align=\"justify\">&#160;<\/p>\n<p align=\"justify\"><\/p>\n<p> <\/font>  <\/p>\n<p align=\"justify\"><a href=\"https:\/\/i0.wp.com\/gesamtschule-eiserfeld.de\/wp-content\/uploads\/2012\/07\/image8.png\"><font face=\"Times New Roman\"><img data-recalc-dims=\"1\" loading=\"lazy\" decoding=\"async\" style=\"background-image: none; border-bottom: 0px; border-left: 0px; margin: 0px 10px 0px 0px; padding-left: 0px; padding-right: 0px; display: inline; float: left; border-top: 0px; border-right: 0px; padding-top: 0px\" title=\"image\" border=\"0\" alt=\"image\" align=\"left\" src=\"https:\/\/i0.wp.com\/gesamtschule-eiserfeld.de\/wp-content\/uploads\/2012\/07\/image_thumb8.png?resize=104%2C74\" width=\"104\" height=\"74\" \/><\/font><\/a><\/p>\n<p align=\"justify\"><font face=\"Times New Roman\">Nach der Pause haben die Kinder gepuzzelt. Wir haben ihnen dabei geholfen. Danach war eine Joghurtpause. Manchmal haben wir die Kinder zur Toilette begleitet.      <br \/>(Jana R.)<\/font><\/p>\n<p align=\"justify\"><font face=\"Times New Roman\"><\/font><\/p>\n<p align=\"justify\"><a href=\"https:\/\/i0.wp.com\/gesamtschule-eiserfeld.de\/wp-content\/uploads\/2012\/07\/image9.png\"><font face=\"Times New Roman\"><img data-recalc-dims=\"1\" loading=\"lazy\" decoding=\"async\" style=\"background-image: none; border-bottom: 0px; border-left: 0px; margin: 0px 10px; padding-left: 0px; padding-right: 0px; display: inline; float: right; border-top: 0px; border-right: 0px; padding-top: 0px\" title=\"image\" border=\"0\" alt=\"image\" align=\"right\" src=\"https:\/\/i0.wp.com\/gesamtschule-eiserfeld.de\/wp-content\/uploads\/2012\/07\/image_thumb9.png?resize=104%2C77\" width=\"104\" height=\"77\" \/><\/font><\/a><\/p>\n<p align=\"justify\"><font face=\"Times New Roman\">Gestern habe ich es geschafft, mit vielen Kindern der Hans-Reinhardt-Schule Kontakt zu kn\u00fcpfen. Dar\u00fcber bin ich stolz, weil das ein guter Anfang war. (Sarah, Jana S)<\/font><\/p>\n<p align=\"justify\"><font face=\"Times New Roman\"><\/font><\/p>\n<p align=\"justify\"><font face=\"Times New Roman\">&#160;<\/font><\/p>\n<p align=\"justify\"><font face=\"Times New Roman\"><\/font><\/p>\n<p align=\"justify\"><font face=\"Times New Roman\"><\/font><\/p>\n<p align=\"justify\"><font face=\"Times New Roman\"><\/font><\/p>\n","protected":false},"excerpt":{"rendered":"<p>Am 6. Oktober 2010 besuchte die neue Gruppe aus dem WP-II-Kurs &quot;Gemeinn\u00fctzig Handeln&quot; die Hans-Reinhardt-Schule. Nachdem die neue Busroute ausprobiert war, wurden bereits in der Mittagspause auf dem Schulhof die ersten Kontakte gekn\u00fcpft. Insbesondere die Besucher unseres Kindermusicals freuten sich, dass die gemeinsame Arbeit jetzt endlich beginnt.<\/p>\n","protected":false},"author":9,"featured_media":0,"comment_status":"closed","ping_status":"open","sticky":false,"template":"","format":"standard","meta":{"jetpack_post_was_ever_published":false,"_jetpack_newsletter_access":"","_jetpack_dont_email_post_to_subs":false,"_jetpack_newsletter_tier_id":0,"_jetpack_memberships_contains_paywalled_content":false,"_jetpack_memberships_contains_paid_content":false,"footnotes":"","jetpack_publicize_message":"","jetpack_publicize_feature_enabled":true,"jetpack_social_post_already_shared":false,"jetpack_social_options":{"image_generator_settings":{"template":"highway","default_image_id":0,"font":"","enabled":false},"version":2}},"categories":[23],"tags":[],"class_list":["post-378","post","type-post","status-publish","format-standard","hentry","category-partner"],"yoast_head":"<!-- This site is optimized with the Yoast SEO plugin v27.4 - https:\/\/yoast.com\/product\/yoast-seo-wordpress\/ -->\n<title>Erster Besuch in der Hans-Reinhardt-Schule - Gesamtschule Eiserfeld<\/title>\n<meta name=\"robots\" content=\"index, follow, max-snippet:-1, max-image-preview:large, max-video-preview:-1\" \/>\n<link rel=\"canonical\" href=\"https:\/\/www.gesamtschule-eiserfeld.de\/?p=378\" \/>\n<meta property=\"og:locale\" content=\"de_DE\" \/>\n<meta property=\"og:type\" content=\"article\" \/>\n<meta property=\"og:title\" content=\"Erster Besuch in der Hans-Reinhardt-Schule - Gesamtschule Eiserfeld\" \/>\n<meta property=\"og:description\" content=\"Am 6. Oktober 2010 besuchte die neue Gruppe aus dem WP-II-Kurs &quot;Gemeinn\u00fctzig Handeln&quot; die Hans-Reinhardt-Schule. Nachdem die neue Busroute ausprobiert war, wurden bereits in der Mittagspause auf dem Schulhof die ersten Kontakte gekn\u00fcpft. Insbesondere die Besucher unseres Kindermusicals freuten sich, dass die gemeinsame Arbeit jetzt endlich beginnt.\" \/>\n<meta property=\"og:url\" content=\"https:\/\/www.gesamtschule-eiserfeld.de\/?p=378\" \/>\n<meta property=\"og:site_name\" content=\"Gesamtschule Eiserfeld\" \/>\n<meta property=\"article:publisher\" content=\"https:\/\/www.facebook.com\/GEEiserfeld\" \/>\n<meta property=\"article:published_time\" content=\"2010-10-06T06:48:00+00:00\" \/>\n<meta property=\"article:modified_time\" content=\"2012-07-06T06:54:20+00:00\" \/>\n<meta property=\"og:image\" content=\"http:\/\/gesamtschule-eiserfeld.de\/wp-content\/uploads\/2012\/07\/image_thumb6.png\" \/>\n<meta name=\"author\" content=\"dorw\" \/>\n<meta name=\"twitter:card\" content=\"summary_large_image\" \/>\n<meta name=\"twitter:label1\" content=\"Verfasst von\" \/>\n\t<meta name=\"twitter:data1\" content=\"dorw\" \/>\n\t<meta name=\"twitter:label2\" content=\"Gesch\u00e4tzte Lesezeit\" \/>\n\t<meta name=\"twitter:data2\" content=\"1\u00a0Minute\" \/>\n<script type=\"application\/ld+json\" class=\"yoast-schema-graph\">{\"@context\":\"https:\\\/\\\/schema.org\",\"@graph\":[{\"@type\":\"Article\",\"@id\":\"https:\\\/\\\/www.gesamtschule-eiserfeld.de\\\/?p=378#article\",\"isPartOf\":{\"@id\":\"https:\\\/\\\/www.gesamtschule-eiserfeld.de\\\/?p=378\"},\"author\":{\"name\":\"dorw\",\"@id\":\"https:\\\/\\\/www.gesamtschule-eiserfeld.de\\\/#\\\/schema\\\/person\\\/9f37123dd2ff514a1346db435bdb3784\"},\"headline\":\"Erster Besuch in der Hans-Reinhardt-Schule\",\"datePublished\":\"2010-10-06T06:48:00+00:00\",\"dateModified\":\"2012-07-06T06:54:20+00:00\",\"mainEntityOfPage\":{\"@id\":\"https:\\\/\\\/www.gesamtschule-eiserfeld.de\\\/?p=378\"},\"wordCount\":298,\"publisher\":{\"@id\":\"https:\\\/\\\/www.gesamtschule-eiserfeld.de\\\/#organization\"},\"image\":{\"@id\":\"https:\\\/\\\/www.gesamtschule-eiserfeld.de\\\/?p=378#primaryimage\"},\"thumbnailUrl\":\"http:\\\/\\\/gesamtschule-eiserfeld.de\\\/wp-content\\\/uploads\\\/2012\\\/07\\\/image_thumb6.png\",\"articleSection\":[\"Partner\"],\"inLanguage\":\"de\"},{\"@type\":\"WebPage\",\"@id\":\"https:\\\/\\\/www.gesamtschule-eiserfeld.de\\\/?p=378\",\"url\":\"https:\\\/\\\/www.gesamtschule-eiserfeld.de\\\/?p=378\",\"name\":\"Erster Besuch in der Hans-Reinhardt-Schule - Gesamtschule Eiserfeld\",\"isPartOf\":{\"@id\":\"https:\\\/\\\/www.gesamtschule-eiserfeld.de\\\/#website\"},\"primaryImageOfPage\":{\"@id\":\"https:\\\/\\\/www.gesamtschule-eiserfeld.de\\\/?p=378#primaryimage\"},\"image\":{\"@id\":\"https:\\\/\\\/www.gesamtschule-eiserfeld.de\\\/?p=378#primaryimage\"},\"thumbnailUrl\":\"http:\\\/\\\/gesamtschule-eiserfeld.de\\\/wp-content\\\/uploads\\\/2012\\\/07\\\/image_thumb6.png\",\"datePublished\":\"2010-10-06T06:48:00+00:00\",\"dateModified\":\"2012-07-06T06:54:20+00:00\",\"breadcrumb\":{\"@id\":\"https:\\\/\\\/www.gesamtschule-eiserfeld.de\\\/?p=378#breadcrumb\"},\"inLanguage\":\"de\",\"potentialAction\":[{\"@type\":\"ReadAction\",\"target\":[\"https:\\\/\\\/www.gesamtschule-eiserfeld.de\\\/?p=378\"]}]},{\"@type\":\"ImageObject\",\"inLanguage\":\"de\",\"@id\":\"https:\\\/\\\/www.gesamtschule-eiserfeld.de\\\/?p=378#primaryimage\",\"url\":\"http:\\\/\\\/gesamtschule-eiserfeld.de\\\/wp-content\\\/uploads\\\/2012\\\/07\\\/image_thumb6.png\",\"contentUrl\":\"http:\\\/\\\/gesamtschule-eiserfeld.de\\\/wp-content\\\/uploads\\\/2012\\\/07\\\/image_thumb6.png\"},{\"@type\":\"BreadcrumbList\",\"@id\":\"https:\\\/\\\/www.gesamtschule-eiserfeld.de\\\/?p=378#breadcrumb\",\"itemListElement\":[{\"@type\":\"ListItem\",\"position\":1,\"name\":\"Startseite\",\"item\":\"https:\\\/\\\/www.gesamtschule-eiserfeld.de\\\/\"},{\"@type\":\"ListItem\",\"position\":2,\"name\":\"Erster Besuch in der Hans-Reinhardt-Schule\"}]},{\"@type\":\"WebSite\",\"@id\":\"https:\\\/\\\/www.gesamtschule-eiserfeld.de\\\/#website\",\"url\":\"https:\\\/\\\/www.gesamtschule-eiserfeld.de\\\/\",\"name\":\"Gesamtschule Eiserfeld\",\"description\":\"\",\"publisher\":{\"@id\":\"https:\\\/\\\/www.gesamtschule-eiserfeld.de\\\/#organization\"},\"potentialAction\":[{\"@type\":\"SearchAction\",\"target\":{\"@type\":\"EntryPoint\",\"urlTemplate\":\"https:\\\/\\\/www.gesamtschule-eiserfeld.de\\\/?s={search_term_string}\"},\"query-input\":{\"@type\":\"PropertyValueSpecification\",\"valueRequired\":true,\"valueName\":\"search_term_string\"}}],\"inLanguage\":\"de\"},{\"@type\":\"Organization\",\"@id\":\"https:\\\/\\\/www.gesamtschule-eiserfeld.de\\\/#organization\",\"name\":\"Gesamtschule Eiserfeld\",\"url\":\"https:\\\/\\\/www.gesamtschule-eiserfeld.de\\\/\",\"logo\":{\"@type\":\"ImageObject\",\"inLanguage\":\"de\",\"@id\":\"https:\\\/\\\/www.gesamtschule-eiserfeld.de\\\/#\\\/schema\\\/logo\\\/image\\\/\",\"url\":\"https:\\\/\\\/i1.wp.com\\\/www.gesamtschule-eiserfeld.de\\\/wp-content\\\/uploads\\\/2019\\\/01\\\/GEE-Logo-neu.jpg?fit=436%2C126&ssl=1\",\"contentUrl\":\"https:\\\/\\\/i1.wp.com\\\/www.gesamtschule-eiserfeld.de\\\/wp-content\\\/uploads\\\/2019\\\/01\\\/GEE-Logo-neu.jpg?fit=436%2C126&ssl=1\",\"width\":436,\"height\":126,\"caption\":\"Gesamtschule Eiserfeld\"},\"image\":{\"@id\":\"https:\\\/\\\/www.gesamtschule-eiserfeld.de\\\/#\\\/schema\\\/logo\\\/image\\\/\"},\"sameAs\":[\"https:\\\/\\\/www.facebook.com\\\/GEEiserfeld\"]},{\"@type\":\"Person\",\"@id\":\"https:\\\/\\\/www.gesamtschule-eiserfeld.de\\\/#\\\/schema\\\/person\\\/9f37123dd2ff514a1346db435bdb3784\",\"name\":\"dorw\",\"sameAs\":[\"http:\\\/\\\/www.ge-eiserfeld.de\"],\"url\":\"https:\\\/\\\/www.gesamtschule-eiserfeld.de\\\/?author=9\"}]}<\/script>\n<!-- \/ Yoast SEO plugin. -->","yoast_head_json":{"title":"Erster Besuch in der Hans-Reinhardt-Schule - Gesamtschule Eiserfeld","robots":{"index":"index","follow":"follow","max-snippet":"max-snippet:-1","max-image-preview":"max-image-preview:large","max-video-preview":"max-video-preview:-1"},"canonical":"https:\/\/www.gesamtschule-eiserfeld.de\/?p=378","og_locale":"de_DE","og_type":"article","og_title":"Erster Besuch in der Hans-Reinhardt-Schule - Gesamtschule Eiserfeld","og_description":"Am 6. Oktober 2010 besuchte die neue Gruppe aus dem WP-II-Kurs &quot;Gemeinn\u00fctzig Handeln&quot; die Hans-Reinhardt-Schule. Nachdem die neue Busroute ausprobiert war, wurden bereits in der Mittagspause auf dem Schulhof die ersten Kontakte gekn\u00fcpft. Insbesondere die Besucher unseres Kindermusicals freuten sich, dass die gemeinsame Arbeit jetzt endlich beginnt.","og_url":"https:\/\/www.gesamtschule-eiserfeld.de\/?p=378","og_site_name":"Gesamtschule Eiserfeld","article_publisher":"https:\/\/www.facebook.com\/GEEiserfeld","article_published_time":"2010-10-06T06:48:00+00:00","article_modified_time":"2012-07-06T06:54:20+00:00","og_image":[{"url":"http:\/\/gesamtschule-eiserfeld.de\/wp-content\/uploads\/2012\/07\/image_thumb6.png","type":"","width":"","height":""}],"author":"dorw","twitter_card":"summary_large_image","twitter_misc":{"Verfasst von":"dorw","Gesch\u00e4tzte Lesezeit":"1\u00a0Minute"},"schema":{"@context":"https:\/\/schema.org","@graph":[{"@type":"Article","@id":"https:\/\/www.gesamtschule-eiserfeld.de\/?p=378#article","isPartOf":{"@id":"https:\/\/www.gesamtschule-eiserfeld.de\/?p=378"},"author":{"name":"dorw","@id":"https:\/\/www.gesamtschule-eiserfeld.de\/#\/schema\/person\/9f37123dd2ff514a1346db435bdb3784"},"headline":"Erster Besuch in der Hans-Reinhardt-Schule","datePublished":"2010-10-06T06:48:00+00:00","dateModified":"2012-07-06T06:54:20+00:00","mainEntityOfPage":{"@id":"https:\/\/www.gesamtschule-eiserfeld.de\/?p=378"},"wordCount":298,"publisher":{"@id":"https:\/\/www.gesamtschule-eiserfeld.de\/#organization"},"image":{"@id":"https:\/\/www.gesamtschule-eiserfeld.de\/?p=378#primaryimage"},"thumbnailUrl":"http:\/\/gesamtschule-eiserfeld.de\/wp-content\/uploads\/2012\/07\/image_thumb6.png","articleSection":["Partner"],"inLanguage":"de"},{"@type":"WebPage","@id":"https:\/\/www.gesamtschule-eiserfeld.de\/?p=378","url":"https:\/\/www.gesamtschule-eiserfeld.de\/?p=378","name":"Erster Besuch in der Hans-Reinhardt-Schule - Gesamtschule Eiserfeld","isPartOf":{"@id":"https:\/\/www.gesamtschule-eiserfeld.de\/#website"},"primaryImageOfPage":{"@id":"https:\/\/www.gesamtschule-eiserfeld.de\/?p=378#primaryimage"},"image":{"@id":"https:\/\/www.gesamtschule-eiserfeld.de\/?p=378#primaryimage"},"thumbnailUrl":"http:\/\/gesamtschule-eiserfeld.de\/wp-content\/uploads\/2012\/07\/image_thumb6.png","datePublished":"2010-10-06T06:48:00+00:00","dateModified":"2012-07-06T06:54:20+00:00","breadcrumb":{"@id":"https:\/\/www.gesamtschule-eiserfeld.de\/?p=378#breadcrumb"},"inLanguage":"de","potentialAction":[{"@type":"ReadAction","target":["https:\/\/www.gesamtschule-eiserfeld.de\/?p=378"]}]},{"@type":"ImageObject","inLanguage":"de","@id":"https:\/\/www.gesamtschule-eiserfeld.de\/?p=378#primaryimage","url":"http:\/\/gesamtschule-eiserfeld.de\/wp-content\/uploads\/2012\/07\/image_thumb6.png","contentUrl":"http:\/\/gesamtschule-eiserfeld.de\/wp-content\/uploads\/2012\/07\/image_thumb6.png"},{"@type":"BreadcrumbList","@id":"https:\/\/www.gesamtschule-eiserfeld.de\/?p=378#breadcrumb","itemListElement":[{"@type":"ListItem","position":1,"name":"Startseite","item":"https:\/\/www.gesamtschule-eiserfeld.de\/"},{"@type":"ListItem","position":2,"name":"Erster Besuch in der Hans-Reinhardt-Schule"}]},{"@type":"WebSite","@id":"https:\/\/www.gesamtschule-eiserfeld.de\/#website","url":"https:\/\/www.gesamtschule-eiserfeld.de\/","name":"Gesamtschule Eiserfeld","description":"","publisher":{"@id":"https:\/\/www.gesamtschule-eiserfeld.de\/#organization"},"potentialAction":[{"@type":"SearchAction","target":{"@type":"EntryPoint","urlTemplate":"https:\/\/www.gesamtschule-eiserfeld.de\/?s={search_term_string}"},"query-input":{"@type":"PropertyValueSpecification","valueRequired":true,"valueName":"search_term_string"}}],"inLanguage":"de"},{"@type":"Organization","@id":"https:\/\/www.gesamtschule-eiserfeld.de\/#organization","name":"Gesamtschule Eiserfeld","url":"https:\/\/www.gesamtschule-eiserfeld.de\/","logo":{"@type":"ImageObject","inLanguage":"de","@id":"https:\/\/www.gesamtschule-eiserfeld.de\/#\/schema\/logo\/image\/","url":"https:\/\/i1.wp.com\/www.gesamtschule-eiserfeld.de\/wp-content\/uploads\/2019\/01\/GEE-Logo-neu.jpg?fit=436%2C126&ssl=1","contentUrl":"https:\/\/i1.wp.com\/www.gesamtschule-eiserfeld.de\/wp-content\/uploads\/2019\/01\/GEE-Logo-neu.jpg?fit=436%2C126&ssl=1","width":436,"height":126,"caption":"Gesamtschule Eiserfeld"},"image":{"@id":"https:\/\/www.gesamtschule-eiserfeld.de\/#\/schema\/logo\/image\/"},"sameAs":["https:\/\/www.facebook.com\/GEEiserfeld"]},{"@type":"Person","@id":"https:\/\/www.gesamtschule-eiserfeld.de\/#\/schema\/person\/9f37123dd2ff514a1346db435bdb3784","name":"dorw","sameAs":["http:\/\/www.ge-eiserfeld.de"],"url":"https:\/\/www.gesamtschule-eiserfeld.de\/?author=9"}]}},"jetpack_publicize_connections":[],"jetpack_featured_media_url":"","jetpack_shortlink":"https:\/\/wp.me\/p2weeL-66","jetpack_sharing_enabled":true,"_links":{"self":[{"href":"https:\/\/www.gesamtschule-eiserfeld.de\/index.php?rest_route=\/wp\/v2\/posts\/378","targetHints":{"allow":["GET"]}}],"collection":[{"href":"https:\/\/www.gesamtschule-eiserfeld.de\/index.php?rest_route=\/wp\/v2\/posts"}],"about":[{"href":"https:\/\/www.gesamtschule-eiserfeld.de\/index.php?rest_route=\/wp\/v2\/types\/post"}],"author":[{"embeddable":true,"href":"https:\/\/www.gesamtschule-eiserfeld.de\/index.php?rest_route=\/wp\/v2\/users\/9"}],"replies":[{"embeddable":true,"href":"https:\/\/www.gesamtschule-eiserfeld.de\/index.php?rest_route=%2Fwp%2Fv2%2Fcomments&post=378"}],"version-history":[{"count":0,"href":"https:\/\/www.gesamtschule-eiserfeld.de\/index.php?rest_route=\/wp\/v2\/posts\/378\/revisions"}],"wp:attachment":[{"href":"https:\/\/www.gesamtschule-eiserfeld.de\/index.php?rest_route=%2Fwp%2Fv2%2Fmedia&parent=378"}],"wp:term":[{"taxonomy":"category","embeddable":true,"href":"https:\/\/www.gesamtschule-eiserfeld.de\/index.php?rest_route=%2Fwp%2Fv2%2Fcategories&post=378"},{"taxonomy":"post_tag","embeddable":true,"href":"https:\/\/www.gesamtschule-eiserfeld.de\/index.php?rest_route=%2Fwp%2Fv2%2Ftags&post=378"}],"curies":[{"name":"wp","href":"https:\/\/api.w.org\/{rel}","templated":true}]}}