{"id":3806,"date":"2014-04-11T13:18:49","date_gmt":"2014-04-11T12:18:49","guid":{"rendered":"http:\/\/ge-eiserfeld.de\/?p=3806"},"modified":"2014-05-25T15:23:23","modified_gmt":"2014-05-25T14:23:23","slug":"newsletter-ostern-2014","status":"publish","type":"post","link":"https:\/\/www.gesamtschule-eiserfeld.de\/?p=3806","title":{"rendered":"Newsletter Ostern 2014"},"content":{"rendered":"<p>GEE-NEWS<br \/>\nhttp:\/\/www.gesamtschule-eiserfeld.de<br \/>\nAbonnenten: 515<br \/>\nDatum: 11.04.2014<\/p>\n<p>Liebe Eltern, liebe Freunde unserer Gesamtschule,<!--more--><\/p>\n<p>der Fr\u00fchling und die fast sommerlichen Temperaturen k\u00fcndigen die Osterferien schon eine Weile an. Die Zeit vor den sp\u00e4ter als \u00fcblich beginnenden Ferien haben wir flei\u00dfig genutzt. Die 8er brachten Vera erfolgreich hinter sich, die Abiturienten haben ihre Vorabiklausuren geschrieben und am letzten Schultag alle ihre Abizulassung empfangen. Jetzt gilt es \u201enur noch\u201c die Pr\u00fcfungen zu bestehen. Mit dem Elternsprechtag am Mittwoch, d. 9.April endeten die Arbeiten rund um das Quartalsende: Klassenarbeiten, Korrekturen, Notenbesprechungen und Konferenzen.<br \/>\nNeben dem schulischen \u201eAlltagsgesch\u00e4ft\u201c haben wir in den letzten Wochen aber auch einige Aktionen im au\u00dferschulischen Bereich durchgef\u00fchrt: gewinnbringende Potenzialanalyse im Jg. 12, die 7er auf \u201eMint on Tour\u201c, Kooperationsvertrag mit dem Siegerlandflughafen, eine gelungene und von unseren Sch\u00fclerInnen hervorragend getragene Podiumsdiskussion mit lokalen Vertretern politischer Parteien und\u00a0 nat\u00fcrlich die hei\u00dfgeliebte Skifreizeit.\u00a0 \u00dcber diese und einige weitere Ereignisse wird\u00a0 auf unserer Homepage ausf\u00fchrlich in Wort und Bild berichtet.<\/p>\n<p>Differenzierung<br \/>\nDas Kollegium war im letzten Quartal besonders auch im Bereich der Schulentwicklung t\u00e4tig. Der Studientag am 18.03 widmete sich ausf\u00fchrlich dem Thema Differenzierung. Hier waren Kreativit\u00e4t und guter Einblick in die Struktur der Gesamtschule gefragt, deren Grundz\u00fcge Herr Mader f\u00fcr alle noch einmal kurz vorgestellt hat. Wie sollen wir m\u00f6glichst optimal die leistungsstarken Sch\u00fclerInnen fordern und sie auf ihrem Weg zum erfolgreichen Abitur unterst\u00fctzen? Und wie k\u00f6nnen wir leistungsschw\u00e4chere Sch\u00fclerInnen f\u00f6rdern, damit sie gut auf ihr Berufsleben vorbereitet werden und den f\u00fcr sie besten Schulabschluss bekommen? Wie k\u00f6nnen Sch\u00fcler gemeinsam lernen und dennoch ihre individuell unterschiedlichen Ziele im Blick behalten? Die bisher angewandte Leistungsdifferenzierung und gezielte F\u00f6rderung durch Klassenneubildung, wie wir sie lange Zeit erfolgreich praktiziert haben, ist nicht mehr m\u00f6glich. Schon l\u00e4nger arbeitet das Kollegium an einem schl\u00fcssigen neuen Konzept, das die Forderung nach langem gemeinsamen Lernen erf\u00fcllt und gleichzeitig den individuellen Sch\u00fclerbiografien und der gro\u00dfen Heterogenit\u00e4t unserer Sch\u00fclerInnen\u00a0 gerecht wird. Das ab dem kommenden Schuljahr geltende Differenzierungsmodell sieht eine Fortf\u00fchrung der bisherigen Klasseneinteilung\u00a0 in allen Nebenf\u00e4chern vor. In F\u00e4chern mit \u00e4u\u00dferer Differenzierung (D, E, M, Ch) werden die Sch\u00fclerInnen jahrgangs\u00fcbergreifend in abschluss- und leistungsorientierten Kursen unterrichtet. Zur weiteren gezielten F\u00f6rderung setzten wir die Erg\u00e4nzungsstunden (fr\u00fcher\u00a0 WPII) ein. Hier werden Sch\u00fclerInnen\u00a0 halbj\u00e4hrlichen Kursen zugewiesen, in denen sie ihren Schw\u00e4chen und St\u00e4rken entsprechend gef\u00f6rdert und gefordert werden. Das neue Konzept ist im Kollegium, in der Eltern- und der Schulpflegschaft umfassend kommuniziert worden und wir sind zuversichtlich, dass wir f\u00fcr unsere Sch\u00fclerInnen eine passende Differenzierungsform gefunden haben.<br \/>\nNeue stellvertretende Schulleiterin<br \/>\nSeit dem 25.03.14 ist es offiziell: Frau Uschi Guntermann ist unsere neue stellvertretende Schulleiterin. Sie hat bisher als Stufenleiterin in der Sekundarstufe II erfolgreiche Leitungsarbeit geleistet und in ihren F\u00e4chern Mathematik und Geschichte Sch\u00fclerInnen vom Jahrgang 5 bis 13 unterrichtet. Wir freuen uns auf die Zusammenarbeit ihr und w\u00fcnschen ihr f\u00fcr diese neue Aufgabe viel Erfolg.<\/p>\n<p>Personal<br \/>\nHerr Kraft hat den bisherigen Aufgabenbereich von Frau Guntermann \u00fcbernommen und ist jetzt als Jahrgangsstufenleiter f\u00fcr die Stufe 11 zust\u00e4ndig.<br \/>\nZum 30. April verlassen uns die Referendare der\u00a0 Sekundarstufe I: Frau Alfes, Herr Cetinkaya, Frau Kowallik, Frau Schneider, Frau Steffenhagen und Frau Werny.\u00a0 Sie haben erfolgreich ihr II.Staatsexamen bestanden und werden demn\u00e4chst an verschiedenen Schulen ihren Dienst antreten. Wir w\u00fcnschen Ihnen viel Erfolg und alles Gute f\u00fcr ihre Zukunft.<br \/>\nSeit dem 1. November haben wir neue Referendare in der Sekundarstufe II, die seit Februar auch im eigenst\u00e4ndigen Unterricht t\u00e4tig sind: Frau Feldheim, Herr Kapmeyer, Frau Moog, Herr Schneider, Frau Sch\u00f6ttler, Herr Wei\u00dfbrodt. Ihnen w\u00fcnschen wir eine erfolgreiche letzte Ausbildungsphase und eine sch\u00f6ne Zeit an unserer Schule.<\/p>\n<p>Ausblick<br \/>\nF\u00fcr die Zeit nach den Osterferien steht ein\u00a0 volles Programm an. Gleich am zweiten Schultag beginnen die schriftlichen Abiturpr\u00fcfungen mit dem Fach Deutsch. Auch die zentralen Pr\u00fcfungen in der Jahrgangsstufe 10 stehen an und noch viele Klassenarbeiten und Klausuren in allen \u00fcbrigen Jahrgangsstufen.<br \/>\nF\u00fcr die Eltern haben wir einige Informationsveranstaltungen vorbereitet, zu denen Sie spezielle Einladungen bekommen, die aber auch jetzt schon im Terminkalender einzusehen sind.<br \/>\nDas Projekt Cybermobbing f\u00fcr den Jahrgang 6 wird wieder im gewohnten Rahmen durchgef\u00fchrt. Ebenso das Muku-Fest, das Musical und das Sportfest.<br \/>\nDie Theaterfreunde k\u00f6nnen sich auf die Auff\u00fchrung des neuen St\u00fcckes unserer Theatergruppe gee whiz\u00a0 \u201eRemember me\u201c freuen. Die Pr\u00e4miere findet bereits am 29. April um 19.00 Uhr in unserer Aula statt.<\/p>\n<p>Mit \u00f6sterlichen Gr\u00fc\u00dfen<br \/>\nWerner J\u00fcngst und Uschi Zingler<\/p>\n<p>Viele neue lesenswerte Artikel auf der Homepage<br \/>\nhttp:\/\/www.gesamtschule-eiserfeld.de\/<br \/>\nTermine (sind auf der Homepage abrufbar)<\/p>\n<p>Die n\u00e4chsten beweglichen Ferientage 2014<br \/>\n\u2022 30.05.2014 (Freitag nach Christi Himmelfahrt)<br \/>\n\u2022 10.06.2014 (Dienstag nach Pfingsten, offiz. Ferientag)<\/p>\n<p>Newsletter An- und Abmeldung<\/p>\n<p>Bei Wechsel von E-Mail-Adressen oder Providern bitte \u00fcber die Homepage mit der alten Adresse Abmeldung durchf\u00fchren und dann mit der neuen Adresse wieder anmelden.<br \/>\nAlternativ bitte die Altadresse und die Neuadresse per E-mail mitteilen.<\/p>\n<p>Anmelden &#8211; Abmelden: http:\/\/www.gesamtschule-eiserfeld.de\/Service\/Newsletter-Anmeldung\/index.html<br \/>\n*<br \/>\nKontakt: buero@gesamtschule-eiserfeld.de<\/p>\n","protected":false},"excerpt":{"rendered":"<p>GEE-NEWS http:\/\/www.gesamtschule-eiserfeld.de Abonnenten: 515 Datum: 11.04.2014 Liebe Eltern, liebe Freunde unserer Gesamtschule,<\/p>\n","protected":false},"author":9,"featured_media":0,"comment_status":"closed","ping_status":"open","sticky":false,"template":"","format":"standard","meta":{"jetpack_post_was_ever_published":false,"_jetpack_newsletter_access":"","_jetpack_dont_email_post_to_subs":false,"_jetpack_newsletter_tier_id":0,"_jetpack_memberships_contains_paywalled_content":false,"_jetpack_memberships_contains_paid_content":false,"footnotes":"","jetpack_publicize_message":"","jetpack_publicize_feature_enabled":true,"jetpack_social_post_already_shared":true,"jetpack_social_options":{"image_generator_settings":{"template":"highway","default_image_id":0,"font":"","enabled":false},"version":2}},"categories":[62],"tags":[],"class_list":["post-3806","post","type-post","status-publish","format-standard","hentry","category-newsletter"],"yoast_head":"<!-- This site is optimized with the Yoast SEO plugin v27.4 - https:\/\/yoast.com\/product\/yoast-seo-wordpress\/ -->\n<title>Newsletter Ostern 2014 - Gesamtschule Eiserfeld<\/title>\n<meta name=\"robots\" content=\"index, follow, max-snippet:-1, max-image-preview:large, max-video-preview:-1\" \/>\n<link rel=\"canonical\" href=\"https:\/\/www.gesamtschule-eiserfeld.de\/?p=3806\" \/>\n<meta property=\"og:locale\" content=\"de_DE\" \/>\n<meta property=\"og:type\" content=\"article\" \/>\n<meta property=\"og:title\" content=\"Newsletter Ostern 2014 - Gesamtschule Eiserfeld\" \/>\n<meta property=\"og:description\" content=\"GEE-NEWS http:\/\/www.gesamtschule-eiserfeld.de Abonnenten: 515 Datum: 11.04.2014 Liebe Eltern, liebe Freunde unserer Gesamtschule,\" \/>\n<meta property=\"og:url\" content=\"https:\/\/www.gesamtschule-eiserfeld.de\/?p=3806\" \/>\n<meta property=\"og:site_name\" content=\"Gesamtschule Eiserfeld\" \/>\n<meta property=\"article:publisher\" content=\"https:\/\/www.facebook.com\/GEEiserfeld\" \/>\n<meta property=\"article:published_time\" content=\"2014-04-11T12:18:49+00:00\" \/>\n<meta property=\"article:modified_time\" content=\"2014-05-25T14:23:23+00:00\" \/>\n<meta name=\"author\" content=\"dorw\" \/>\n<meta name=\"twitter:card\" content=\"summary_large_image\" \/>\n<meta name=\"twitter:label1\" content=\"Verfasst von\" \/>\n\t<meta name=\"twitter:data1\" content=\"dorw\" \/>\n\t<meta name=\"twitter:label2\" content=\"Gesch\u00e4tzte Lesezeit\" \/>\n\t<meta name=\"twitter:data2\" content=\"4\u00a0Minuten\" \/>\n<script type=\"application\/ld+json\" class=\"yoast-schema-graph\">{\"@context\":\"https:\\\/\\\/schema.org\",\"@graph\":[{\"@type\":\"Article\",\"@id\":\"https:\\\/\\\/www.gesamtschule-eiserfeld.de\\\/?p=3806#article\",\"isPartOf\":{\"@id\":\"https:\\\/\\\/www.gesamtschule-eiserfeld.de\\\/?p=3806\"},\"author\":{\"name\":\"dorw\",\"@id\":\"https:\\\/\\\/www.gesamtschule-eiserfeld.de\\\/#\\\/schema\\\/person\\\/9f37123dd2ff514a1346db435bdb3784\"},\"headline\":\"Newsletter Ostern 2014\",\"datePublished\":\"2014-04-11T12:18:49+00:00\",\"dateModified\":\"2014-05-25T14:23:23+00:00\",\"mainEntityOfPage\":{\"@id\":\"https:\\\/\\\/www.gesamtschule-eiserfeld.de\\\/?p=3806\"},\"wordCount\":862,\"publisher\":{\"@id\":\"https:\\\/\\\/www.gesamtschule-eiserfeld.de\\\/#organization\"},\"articleSection\":[\"Newsletter\"],\"inLanguage\":\"de\"},{\"@type\":\"WebPage\",\"@id\":\"https:\\\/\\\/www.gesamtschule-eiserfeld.de\\\/?p=3806\",\"url\":\"https:\\\/\\\/www.gesamtschule-eiserfeld.de\\\/?p=3806\",\"name\":\"Newsletter Ostern 2014 - Gesamtschule Eiserfeld\",\"isPartOf\":{\"@id\":\"https:\\\/\\\/www.gesamtschule-eiserfeld.de\\\/#website\"},\"datePublished\":\"2014-04-11T12:18:49+00:00\",\"dateModified\":\"2014-05-25T14:23:23+00:00\",\"breadcrumb\":{\"@id\":\"https:\\\/\\\/www.gesamtschule-eiserfeld.de\\\/?p=3806#breadcrumb\"},\"inLanguage\":\"de\",\"potentialAction\":[{\"@type\":\"ReadAction\",\"target\":[\"https:\\\/\\\/www.gesamtschule-eiserfeld.de\\\/?p=3806\"]}]},{\"@type\":\"BreadcrumbList\",\"@id\":\"https:\\\/\\\/www.gesamtschule-eiserfeld.de\\\/?p=3806#breadcrumb\",\"itemListElement\":[{\"@type\":\"ListItem\",\"position\":1,\"name\":\"Startseite\",\"item\":\"https:\\\/\\\/www.gesamtschule-eiserfeld.de\\\/\"},{\"@type\":\"ListItem\",\"position\":2,\"name\":\"Newsletter Ostern 2014\"}]},{\"@type\":\"WebSite\",\"@id\":\"https:\\\/\\\/www.gesamtschule-eiserfeld.de\\\/#website\",\"url\":\"https:\\\/\\\/www.gesamtschule-eiserfeld.de\\\/\",\"name\":\"Gesamtschule Eiserfeld\",\"description\":\"\",\"publisher\":{\"@id\":\"https:\\\/\\\/www.gesamtschule-eiserfeld.de\\\/#organization\"},\"potentialAction\":[{\"@type\":\"SearchAction\",\"target\":{\"@type\":\"EntryPoint\",\"urlTemplate\":\"https:\\\/\\\/www.gesamtschule-eiserfeld.de\\\/?s={search_term_string}\"},\"query-input\":{\"@type\":\"PropertyValueSpecification\",\"valueRequired\":true,\"valueName\":\"search_term_string\"}}],\"inLanguage\":\"de\"},{\"@type\":\"Organization\",\"@id\":\"https:\\\/\\\/www.gesamtschule-eiserfeld.de\\\/#organization\",\"name\":\"Gesamtschule Eiserfeld\",\"url\":\"https:\\\/\\\/www.gesamtschule-eiserfeld.de\\\/\",\"logo\":{\"@type\":\"ImageObject\",\"inLanguage\":\"de\",\"@id\":\"https:\\\/\\\/www.gesamtschule-eiserfeld.de\\\/#\\\/schema\\\/logo\\\/image\\\/\",\"url\":\"https:\\\/\\\/i1.wp.com\\\/www.gesamtschule-eiserfeld.de\\\/wp-content\\\/uploads\\\/2019\\\/01\\\/GEE-Logo-neu.jpg?fit=436%2C126&ssl=1\",\"contentUrl\":\"https:\\\/\\\/i1.wp.com\\\/www.gesamtschule-eiserfeld.de\\\/wp-content\\\/uploads\\\/2019\\\/01\\\/GEE-Logo-neu.jpg?fit=436%2C126&ssl=1\",\"width\":436,\"height\":126,\"caption\":\"Gesamtschule Eiserfeld\"},\"image\":{\"@id\":\"https:\\\/\\\/www.gesamtschule-eiserfeld.de\\\/#\\\/schema\\\/logo\\\/image\\\/\"},\"sameAs\":[\"https:\\\/\\\/www.facebook.com\\\/GEEiserfeld\"]},{\"@type\":\"Person\",\"@id\":\"https:\\\/\\\/www.gesamtschule-eiserfeld.de\\\/#\\\/schema\\\/person\\\/9f37123dd2ff514a1346db435bdb3784\",\"name\":\"dorw\",\"sameAs\":[\"http:\\\/\\\/www.ge-eiserfeld.de\"],\"url\":\"https:\\\/\\\/www.gesamtschule-eiserfeld.de\\\/?author=9\"}]}<\/script>\n<!-- \/ Yoast SEO plugin. -->","yoast_head_json":{"title":"Newsletter Ostern 2014 - Gesamtschule Eiserfeld","robots":{"index":"index","follow":"follow","max-snippet":"max-snippet:-1","max-image-preview":"max-image-preview:large","max-video-preview":"max-video-preview:-1"},"canonical":"https:\/\/www.gesamtschule-eiserfeld.de\/?p=3806","og_locale":"de_DE","og_type":"article","og_title":"Newsletter Ostern 2014 - Gesamtschule Eiserfeld","og_description":"GEE-NEWS http:\/\/www.gesamtschule-eiserfeld.de Abonnenten: 515 Datum: 11.04.2014 Liebe Eltern, liebe Freunde unserer Gesamtschule,","og_url":"https:\/\/www.gesamtschule-eiserfeld.de\/?p=3806","og_site_name":"Gesamtschule Eiserfeld","article_publisher":"https:\/\/www.facebook.com\/GEEiserfeld","article_published_time":"2014-04-11T12:18:49+00:00","article_modified_time":"2014-05-25T14:23:23+00:00","author":"dorw","twitter_card":"summary_large_image","twitter_misc":{"Verfasst von":"dorw","Gesch\u00e4tzte Lesezeit":"4\u00a0Minuten"},"schema":{"@context":"https:\/\/schema.org","@graph":[{"@type":"Article","@id":"https:\/\/www.gesamtschule-eiserfeld.de\/?p=3806#article","isPartOf":{"@id":"https:\/\/www.gesamtschule-eiserfeld.de\/?p=3806"},"author":{"name":"dorw","@id":"https:\/\/www.gesamtschule-eiserfeld.de\/#\/schema\/person\/9f37123dd2ff514a1346db435bdb3784"},"headline":"Newsletter Ostern 2014","datePublished":"2014-04-11T12:18:49+00:00","dateModified":"2014-05-25T14:23:23+00:00","mainEntityOfPage":{"@id":"https:\/\/www.gesamtschule-eiserfeld.de\/?p=3806"},"wordCount":862,"publisher":{"@id":"https:\/\/www.gesamtschule-eiserfeld.de\/#organization"},"articleSection":["Newsletter"],"inLanguage":"de"},{"@type":"WebPage","@id":"https:\/\/www.gesamtschule-eiserfeld.de\/?p=3806","url":"https:\/\/www.gesamtschule-eiserfeld.de\/?p=3806","name":"Newsletter Ostern 2014 - Gesamtschule Eiserfeld","isPartOf":{"@id":"https:\/\/www.gesamtschule-eiserfeld.de\/#website"},"datePublished":"2014-04-11T12:18:49+00:00","dateModified":"2014-05-25T14:23:23+00:00","breadcrumb":{"@id":"https:\/\/www.gesamtschule-eiserfeld.de\/?p=3806#breadcrumb"},"inLanguage":"de","potentialAction":[{"@type":"ReadAction","target":["https:\/\/www.gesamtschule-eiserfeld.de\/?p=3806"]}]},{"@type":"BreadcrumbList","@id":"https:\/\/www.gesamtschule-eiserfeld.de\/?p=3806#breadcrumb","itemListElement":[{"@type":"ListItem","position":1,"name":"Startseite","item":"https:\/\/www.gesamtschule-eiserfeld.de\/"},{"@type":"ListItem","position":2,"name":"Newsletter Ostern 2014"}]},{"@type":"WebSite","@id":"https:\/\/www.gesamtschule-eiserfeld.de\/#website","url":"https:\/\/www.gesamtschule-eiserfeld.de\/","name":"Gesamtschule Eiserfeld","description":"","publisher":{"@id":"https:\/\/www.gesamtschule-eiserfeld.de\/#organization"},"potentialAction":[{"@type":"SearchAction","target":{"@type":"EntryPoint","urlTemplate":"https:\/\/www.gesamtschule-eiserfeld.de\/?s={search_term_string}"},"query-input":{"@type":"PropertyValueSpecification","valueRequired":true,"valueName":"search_term_string"}}],"inLanguage":"de"},{"@type":"Organization","@id":"https:\/\/www.gesamtschule-eiserfeld.de\/#organization","name":"Gesamtschule Eiserfeld","url":"https:\/\/www.gesamtschule-eiserfeld.de\/","logo":{"@type":"ImageObject","inLanguage":"de","@id":"https:\/\/www.gesamtschule-eiserfeld.de\/#\/schema\/logo\/image\/","url":"https:\/\/i1.wp.com\/www.gesamtschule-eiserfeld.de\/wp-content\/uploads\/2019\/01\/GEE-Logo-neu.jpg?fit=436%2C126&ssl=1","contentUrl":"https:\/\/i1.wp.com\/www.gesamtschule-eiserfeld.de\/wp-content\/uploads\/2019\/01\/GEE-Logo-neu.jpg?fit=436%2C126&ssl=1","width":436,"height":126,"caption":"Gesamtschule Eiserfeld"},"image":{"@id":"https:\/\/www.gesamtschule-eiserfeld.de\/#\/schema\/logo\/image\/"},"sameAs":["https:\/\/www.facebook.com\/GEEiserfeld"]},{"@type":"Person","@id":"https:\/\/www.gesamtschule-eiserfeld.de\/#\/schema\/person\/9f37123dd2ff514a1346db435bdb3784","name":"dorw","sameAs":["http:\/\/www.ge-eiserfeld.de"],"url":"https:\/\/www.gesamtschule-eiserfeld.de\/?author=9"}]}},"jetpack_publicize_connections":[],"jetpack_featured_media_url":"","jetpack_shortlink":"https:\/\/wp.me\/p2weeL-Zo","jetpack_sharing_enabled":true,"_links":{"self":[{"href":"https:\/\/www.gesamtschule-eiserfeld.de\/index.php?rest_route=\/wp\/v2\/posts\/3806","targetHints":{"allow":["GET"]}}],"collection":[{"href":"https:\/\/www.gesamtschule-eiserfeld.de\/index.php?rest_route=\/wp\/v2\/posts"}],"about":[{"href":"https:\/\/www.gesamtschule-eiserfeld.de\/index.php?rest_route=\/wp\/v2\/types\/post"}],"author":[{"embeddable":true,"href":"https:\/\/www.gesamtschule-eiserfeld.de\/index.php?rest_route=\/wp\/v2\/users\/9"}],"replies":[{"embeddable":true,"href":"https:\/\/www.gesamtschule-eiserfeld.de\/index.php?rest_route=%2Fwp%2Fv2%2Fcomments&post=3806"}],"version-history":[{"count":0,"href":"https:\/\/www.gesamtschule-eiserfeld.de\/index.php?rest_route=\/wp\/v2\/posts\/3806\/revisions"}],"wp:attachment":[{"href":"https:\/\/www.gesamtschule-eiserfeld.de\/index.php?rest_route=%2Fwp%2Fv2%2Fmedia&parent=3806"}],"wp:term":[{"taxonomy":"category","embeddable":true,"href":"https:\/\/www.gesamtschule-eiserfeld.de\/index.php?rest_route=%2Fwp%2Fv2%2Fcategories&post=3806"},{"taxonomy":"post_tag","embeddable":true,"href":"https:\/\/www.gesamtschule-eiserfeld.de\/index.php?rest_route=%2Fwp%2Fv2%2Ftags&post=3806"}],"curies":[{"name":"wp","href":"https:\/\/api.w.org\/{rel}","templated":true}]}}