{"id":4017,"date":"2014-07-03T14:44:00","date_gmt":"2014-07-03T13:44:00","guid":{"rendered":"http:\/\/ge-eiserfeld.de\/?p=4017"},"modified":"2014-07-17T07:53:04","modified_gmt":"2014-07-17T06:53:04","slug":"erstes-treffen-mit-reprsentanten-der-firmenpartner-der-gee","status":"publish","type":"post","link":"https:\/\/www.gesamtschule-eiserfeld.de\/?p=4017","title":{"rendered":"Erstes Treffen mit Repr&auml;sentanten der Firmenpartner der GEE"},"content":{"rendered":"<p align=\"justify\"><a href=\"https:\/\/i0.wp.com\/gesamtschule-eiserfeld.de\/wp-content\/uploads\/2014\/06\/image16.png\"><img data-recalc-dims=\"1\" loading=\"lazy\" decoding=\"async\" style=\"background-image: none; float: left; padding-top: 0px; padding-left: 0px; margin: 0px 10px 0px 0px; display: inline; padding-right: 0px; border-width: 0px;\" title=\"image\" src=\"https:\/\/i0.wp.com\/gesamtschule-eiserfeld.de\/wp-content\/uploads\/2014\/06\/image_thumb11.png?resize=283%2C187\" alt=\"image\" width=\"283\" height=\"187\" align=\"left\" border=\"0\" \/><\/a><em><span style=\"font-size: xx-small;\">(judi)<\/span> \u201eKooperationen stehen und fallen mit den Personen\u2026\u201c<br \/>\n<\/em>\u2026dar\u00fcber waren sich alle Beteiligten von Anfang an einig in der ersten Gespr\u00e4chsrunde, zu der die Schulleitung der Gesamtschule Eiserfeld Vertreter ihrer Firmenpartner eingeladen hatte. Die Schule unterh\u00e4lt teilweise schon seit etlichen Jahren Firmenpartnerschaften mit mehreren Betrieben aus der Region. Da lag es nahe, einmal Bilanz zu ziehen und im Gespr\u00e4ch am runden Tisch gegenseitige Erkenntnisse, aber auch zuk\u00fcnftige Erwartungen an die Kooperation abzugleichen.<\/p>\n<p><!--more--><\/p>\n<p align=\"justify\">So bekundeten Claudia B\u00fcdenbender und Kristina Schwarz von der AOK Nordwest, Dirk Volkwein von der AWO, Sebastian Daub und Annette Schuhmann, Siegenia und Helmut Henrich von der IHK Siegen einhellig in der Vorstellungsrunde, dass bisherige gemeinsame Projekte sehr wohl positive Spuren hinterlassen haben. Es sei jedoch auch wichtig, die Kooperation mit der Schule noch breiter aufzustellen.<\/p>\n<p align=\"justify\"><img data-recalc-dims=\"1\" loading=\"lazy\" decoding=\"async\" style=\"background-image: none; padding-top: 0px; padding-left: 0px; display: inline; padding-right: 0px; border-width: 0px;\" title=\"image\" src=\"https:\/\/i0.wp.com\/gesamtschule-eiserfeld.de\/wp-content\/uploads\/2014\/06\/image17.png?resize=474%2C152\" alt=\"image\" width=\"474\" height=\"152\" border=\"0\" \/><\/p>\n<p align=\"justify\">Ein angeregter Gedankenaustausch folgte, in dem die Vertreter der Partnerfirmen dann ihre Erwartungen ganz konkret formulierten. Ein regelm\u00e4\u00dfiger Kontakt sei w\u00fcnschenswert, verbunden mit mehr Transparenz in puncto Projektmanagement. Au\u00dferdem, so Annette Schuhmann, solle sich die Partnerfirma st\u00e4rker als Marke an der Schule etablieren, schlie\u00dflich gehe es ja darum, eine Win-Win Situation herzustellen: Einerseits erhoffen sich die Firmen Unterst\u00fctzung in der Nachwuchsgewinnung und andererseits m\u00f6chte die Schule eine effiziente Vorbereitung ihrer Sch\u00fcler auf das Berufsleben.<\/p>\n<p align=\"justify\"><a href=\"https:\/\/i0.wp.com\/gesamtschule-eiserfeld.de\/wp-content\/uploads\/2014\/06\/image18.png\"><img data-recalc-dims=\"1\" loading=\"lazy\" decoding=\"async\" style=\"background-image: none; float: right; padding-top: 0px; padding-left: 0px; margin: 0px 0px 0px 10px; display: inline; padding-right: 0px; border-width: 0px;\" title=\"image\" src=\"https:\/\/i0.wp.com\/gesamtschule-eiserfeld.de\/wp-content\/uploads\/2014\/06\/image_thumb12.png?resize=322%2C213\" alt=\"image\" width=\"322\" height=\"213\" align=\"right\" border=\"0\" \/><\/a>Neben einem Austausch mit Sch\u00fclern der Sekundarstufe II w\u00fcnschten sich die Vertreter der Partnerfirmen ferner auch eine st\u00e4rkere Kommunikation der Partnerschaft in der Schulgemeinde. Z.B. sollten auch Eltern \u00fcber Ausbildungsm\u00f6glichkeiten ihrer Kinder in den Partnerfirmen beraten und besser informiert werden, denn nicht selten sei die Palette der Ausbildungsberufe in diesen Betrieben wenig bekannt.<\/p>\n<p align=\"justify\">Die Gespr\u00e4chsrunde endete mit einer Ideensammlung f\u00fcr die zuk\u00fcnftige Ausgestaltung der Kooperation zwischen Schule und Betrieben, in der u.a. auch gemeinsame Unterrichts-module, eine Unterrichtseinheit \u201eBusiness-Benimm\u201c f\u00fcr Berufsstarter und gemeinsame Kulturprojekte angedacht wurden.<\/p>\n","protected":false},"excerpt":{"rendered":"<p>(judi) \u201eKooperationen stehen und fallen mit den Personen\u2026\u201c \u2026dar\u00fcber waren sich alle Beteiligten von Anfang an einig in der ersten Gespr\u00e4chsrunde, zu der die Schulleitung der Gesamtschule Eiserfeld Vertreter ihrer Firmenpartner eingeladen hatte. Die Schule unterh\u00e4lt teilweise schon seit etlichen Jahren Firmenpartnerschaften mit mehreren Betrieben aus der Region. Da lag es nahe, einmal Bilanz zu &hellip; <a href=\"https:\/\/www.gesamtschule-eiserfeld.de\/?p=4017\" class=\"more-link\"><span class=\"screen-reader-text\">Erstes Treffen mit Repr&auml;sentanten der Firmenpartner der GEE<\/span> weiterlesen <span class=\"meta-nav\">&rarr;<\/span><\/a><\/p>\n","protected":false},"author":9,"featured_media":4014,"comment_status":"closed","ping_status":"open","sticky":false,"template":"","format":"standard","meta":{"jetpack_post_was_ever_published":false,"_jetpack_newsletter_access":"","_jetpack_dont_email_post_to_subs":false,"_jetpack_newsletter_tier_id":0,"_jetpack_memberships_contains_paywalled_content":false,"_jetpack_memberships_contains_paid_content":false,"footnotes":"","jetpack_publicize_message":"","jetpack_publicize_feature_enabled":true,"jetpack_social_post_already_shared":true,"jetpack_social_options":{"image_generator_settings":{"template":"highway","default_image_id":0,"font":"","enabled":false},"version":2}},"categories":[21,23],"tags":[],"class_list":["post-4017","post","type-post","status-publish","format-standard","has-post-thumbnail","hentry","category-berufsorientierung","category-partner"],"yoast_head":"<!-- This site is optimized with the Yoast SEO plugin v27.4 - https:\/\/yoast.com\/product\/yoast-seo-wordpress\/ -->\n<title>Erstes Treffen mit Repr&auml;sentanten der Firmenpartner der GEE - Gesamtschule Eiserfeld<\/title>\n<meta name=\"robots\" content=\"index, follow, max-snippet:-1, max-image-preview:large, max-video-preview:-1\" \/>\n<link rel=\"canonical\" href=\"https:\/\/www.gesamtschule-eiserfeld.de\/?p=4017\" \/>\n<meta property=\"og:locale\" content=\"de_DE\" \/>\n<meta property=\"og:type\" content=\"article\" \/>\n<meta property=\"og:title\" content=\"Erstes Treffen mit Repr&auml;sentanten der Firmenpartner der GEE - Gesamtschule Eiserfeld\" \/>\n<meta property=\"og:description\" content=\"(judi) \u201eKooperationen stehen und fallen mit den Personen\u2026\u201c \u2026dar\u00fcber waren sich alle Beteiligten von Anfang an einig in der ersten Gespr\u00e4chsrunde, zu der die Schulleitung der Gesamtschule Eiserfeld Vertreter ihrer Firmenpartner eingeladen hatte. Die Schule unterh\u00e4lt teilweise schon seit etlichen Jahren Firmenpartnerschaften mit mehreren Betrieben aus der Region. Da lag es nahe, einmal Bilanz zu &hellip; Erstes Treffen mit Repr&auml;sentanten der Firmenpartner der GEE weiterlesen &rarr;\" \/>\n<meta property=\"og:url\" content=\"https:\/\/www.gesamtschule-eiserfeld.de\/?p=4017\" \/>\n<meta property=\"og:site_name\" content=\"Gesamtschule Eiserfeld\" \/>\n<meta property=\"article:publisher\" content=\"https:\/\/www.facebook.com\/GEEiserfeld\" \/>\n<meta property=\"article:published_time\" content=\"2014-07-03T13:44:00+00:00\" \/>\n<meta property=\"article:modified_time\" content=\"2014-07-17T06:53:04+00:00\" \/>\n<meta property=\"og:image\" content=\"https:\/\/i1.wp.com\/www.gesamtschule-eiserfeld.de\/wp-content\/uploads\/2014\/06\/image17.png?fit=618%2C198&ssl=1\" \/>\n\t<meta property=\"og:image:width\" content=\"618\" \/>\n\t<meta property=\"og:image:height\" content=\"198\" \/>\n\t<meta property=\"og:image:type\" content=\"image\/png\" \/>\n<meta name=\"author\" content=\"dorw\" \/>\n<meta name=\"twitter:card\" content=\"summary_large_image\" \/>\n<meta name=\"twitter:label1\" content=\"Verfasst von\" \/>\n\t<meta name=\"twitter:data1\" content=\"dorw\" \/>\n\t<meta name=\"twitter:label2\" content=\"Gesch\u00e4tzte Lesezeit\" \/>\n\t<meta name=\"twitter:data2\" content=\"2\u00a0Minuten\" \/>\n<script type=\"application\/ld+json\" class=\"yoast-schema-graph\">{\"@context\":\"https:\\\/\\\/schema.org\",\"@graph\":[{\"@type\":\"Article\",\"@id\":\"https:\\\/\\\/www.gesamtschule-eiserfeld.de\\\/?p=4017#article\",\"isPartOf\":{\"@id\":\"https:\\\/\\\/www.gesamtschule-eiserfeld.de\\\/?p=4017\"},\"author\":{\"name\":\"dorw\",\"@id\":\"https:\\\/\\\/www.gesamtschule-eiserfeld.de\\\/#\\\/schema\\\/person\\\/9f37123dd2ff514a1346db435bdb3784\"},\"headline\":\"Erstes Treffen mit Repr&auml;sentanten der Firmenpartner der GEE\",\"datePublished\":\"2014-07-03T13:44:00+00:00\",\"dateModified\":\"2014-07-17T06:53:04+00:00\",\"mainEntityOfPage\":{\"@id\":\"https:\\\/\\\/www.gesamtschule-eiserfeld.de\\\/?p=4017\"},\"wordCount\":321,\"publisher\":{\"@id\":\"https:\\\/\\\/www.gesamtschule-eiserfeld.de\\\/#organization\"},\"image\":{\"@id\":\"https:\\\/\\\/www.gesamtschule-eiserfeld.de\\\/?p=4017#primaryimage\"},\"thumbnailUrl\":\"https:\\\/\\\/i0.wp.com\\\/www.gesamtschule-eiserfeld.de\\\/wp-content\\\/uploads\\\/2014\\\/06\\\/image17.png?fit=618%2C198&ssl=1\",\"articleSection\":[\"Berufsorientierung\",\"Partner\"],\"inLanguage\":\"de\"},{\"@type\":\"WebPage\",\"@id\":\"https:\\\/\\\/www.gesamtschule-eiserfeld.de\\\/?p=4017\",\"url\":\"https:\\\/\\\/www.gesamtschule-eiserfeld.de\\\/?p=4017\",\"name\":\"Erstes Treffen mit Repr&auml;sentanten der Firmenpartner der GEE - Gesamtschule Eiserfeld\",\"isPartOf\":{\"@id\":\"https:\\\/\\\/www.gesamtschule-eiserfeld.de\\\/#website\"},\"primaryImageOfPage\":{\"@id\":\"https:\\\/\\\/www.gesamtschule-eiserfeld.de\\\/?p=4017#primaryimage\"},\"image\":{\"@id\":\"https:\\\/\\\/www.gesamtschule-eiserfeld.de\\\/?p=4017#primaryimage\"},\"thumbnailUrl\":\"https:\\\/\\\/i0.wp.com\\\/www.gesamtschule-eiserfeld.de\\\/wp-content\\\/uploads\\\/2014\\\/06\\\/image17.png?fit=618%2C198&ssl=1\",\"datePublished\":\"2014-07-03T13:44:00+00:00\",\"dateModified\":\"2014-07-17T06:53:04+00:00\",\"breadcrumb\":{\"@id\":\"https:\\\/\\\/www.gesamtschule-eiserfeld.de\\\/?p=4017#breadcrumb\"},\"inLanguage\":\"de\",\"potentialAction\":[{\"@type\":\"ReadAction\",\"target\":[\"https:\\\/\\\/www.gesamtschule-eiserfeld.de\\\/?p=4017\"]}]},{\"@type\":\"ImageObject\",\"inLanguage\":\"de\",\"@id\":\"https:\\\/\\\/www.gesamtschule-eiserfeld.de\\\/?p=4017#primaryimage\",\"url\":\"https:\\\/\\\/i0.wp.com\\\/www.gesamtschule-eiserfeld.de\\\/wp-content\\\/uploads\\\/2014\\\/06\\\/image17.png?fit=618%2C198&ssl=1\",\"contentUrl\":\"https:\\\/\\\/i0.wp.com\\\/www.gesamtschule-eiserfeld.de\\\/wp-content\\\/uploads\\\/2014\\\/06\\\/image17.png?fit=618%2C198&ssl=1\",\"width\":618,\"height\":198},{\"@type\":\"BreadcrumbList\",\"@id\":\"https:\\\/\\\/www.gesamtschule-eiserfeld.de\\\/?p=4017#breadcrumb\",\"itemListElement\":[{\"@type\":\"ListItem\",\"position\":1,\"name\":\"Startseite\",\"item\":\"https:\\\/\\\/www.gesamtschule-eiserfeld.de\\\/\"},{\"@type\":\"ListItem\",\"position\":2,\"name\":\"Erstes Treffen mit Repr&auml;sentanten der Firmenpartner der GEE\"}]},{\"@type\":\"WebSite\",\"@id\":\"https:\\\/\\\/www.gesamtschule-eiserfeld.de\\\/#website\",\"url\":\"https:\\\/\\\/www.gesamtschule-eiserfeld.de\\\/\",\"name\":\"Gesamtschule Eiserfeld\",\"description\":\"\",\"publisher\":{\"@id\":\"https:\\\/\\\/www.gesamtschule-eiserfeld.de\\\/#organization\"},\"potentialAction\":[{\"@type\":\"SearchAction\",\"target\":{\"@type\":\"EntryPoint\",\"urlTemplate\":\"https:\\\/\\\/www.gesamtschule-eiserfeld.de\\\/?s={search_term_string}\"},\"query-input\":{\"@type\":\"PropertyValueSpecification\",\"valueRequired\":true,\"valueName\":\"search_term_string\"}}],\"inLanguage\":\"de\"},{\"@type\":\"Organization\",\"@id\":\"https:\\\/\\\/www.gesamtschule-eiserfeld.de\\\/#organization\",\"name\":\"Gesamtschule Eiserfeld\",\"url\":\"https:\\\/\\\/www.gesamtschule-eiserfeld.de\\\/\",\"logo\":{\"@type\":\"ImageObject\",\"inLanguage\":\"de\",\"@id\":\"https:\\\/\\\/www.gesamtschule-eiserfeld.de\\\/#\\\/schema\\\/logo\\\/image\\\/\",\"url\":\"https:\\\/\\\/i1.wp.com\\\/www.gesamtschule-eiserfeld.de\\\/wp-content\\\/uploads\\\/2019\\\/01\\\/GEE-Logo-neu.jpg?fit=436%2C126&ssl=1\",\"contentUrl\":\"https:\\\/\\\/i1.wp.com\\\/www.gesamtschule-eiserfeld.de\\\/wp-content\\\/uploads\\\/2019\\\/01\\\/GEE-Logo-neu.jpg?fit=436%2C126&ssl=1\",\"width\":436,\"height\":126,\"caption\":\"Gesamtschule Eiserfeld\"},\"image\":{\"@id\":\"https:\\\/\\\/www.gesamtschule-eiserfeld.de\\\/#\\\/schema\\\/logo\\\/image\\\/\"},\"sameAs\":[\"https:\\\/\\\/www.facebook.com\\\/GEEiserfeld\"]},{\"@type\":\"Person\",\"@id\":\"https:\\\/\\\/www.gesamtschule-eiserfeld.de\\\/#\\\/schema\\\/person\\\/9f37123dd2ff514a1346db435bdb3784\",\"name\":\"dorw\",\"sameAs\":[\"http:\\\/\\\/www.ge-eiserfeld.de\"],\"url\":\"https:\\\/\\\/www.gesamtschule-eiserfeld.de\\\/?author=9\"}]}<\/script>\n<!-- \/ Yoast SEO plugin. -->","yoast_head_json":{"title":"Erstes Treffen mit Repr&auml;sentanten der Firmenpartner der GEE - Gesamtschule Eiserfeld","robots":{"index":"index","follow":"follow","max-snippet":"max-snippet:-1","max-image-preview":"max-image-preview:large","max-video-preview":"max-video-preview:-1"},"canonical":"https:\/\/www.gesamtschule-eiserfeld.de\/?p=4017","og_locale":"de_DE","og_type":"article","og_title":"Erstes Treffen mit Repr&auml;sentanten der Firmenpartner der GEE - Gesamtschule Eiserfeld","og_description":"(judi) \u201eKooperationen stehen und fallen mit den Personen\u2026\u201c \u2026dar\u00fcber waren sich alle Beteiligten von Anfang an einig in der ersten Gespr\u00e4chsrunde, zu der die Schulleitung der Gesamtschule Eiserfeld Vertreter ihrer Firmenpartner eingeladen hatte. Die Schule unterh\u00e4lt teilweise schon seit etlichen Jahren Firmenpartnerschaften mit mehreren Betrieben aus der Region. Da lag es nahe, einmal Bilanz zu &hellip; Erstes Treffen mit Repr&auml;sentanten der Firmenpartner der GEE weiterlesen &rarr;","og_url":"https:\/\/www.gesamtschule-eiserfeld.de\/?p=4017","og_site_name":"Gesamtschule Eiserfeld","article_publisher":"https:\/\/www.facebook.com\/GEEiserfeld","article_published_time":"2014-07-03T13:44:00+00:00","article_modified_time":"2014-07-17T06:53:04+00:00","og_image":[{"width":618,"height":198,"url":"https:\/\/i1.wp.com\/www.gesamtschule-eiserfeld.de\/wp-content\/uploads\/2014\/06\/image17.png?fit=618%2C198&ssl=1","type":"image\/png"}],"author":"dorw","twitter_card":"summary_large_image","twitter_misc":{"Verfasst von":"dorw","Gesch\u00e4tzte Lesezeit":"2\u00a0Minuten"},"schema":{"@context":"https:\/\/schema.org","@graph":[{"@type":"Article","@id":"https:\/\/www.gesamtschule-eiserfeld.de\/?p=4017#article","isPartOf":{"@id":"https:\/\/www.gesamtschule-eiserfeld.de\/?p=4017"},"author":{"name":"dorw","@id":"https:\/\/www.gesamtschule-eiserfeld.de\/#\/schema\/person\/9f37123dd2ff514a1346db435bdb3784"},"headline":"Erstes Treffen mit Repr&auml;sentanten der Firmenpartner der GEE","datePublished":"2014-07-03T13:44:00+00:00","dateModified":"2014-07-17T06:53:04+00:00","mainEntityOfPage":{"@id":"https:\/\/www.gesamtschule-eiserfeld.de\/?p=4017"},"wordCount":321,"publisher":{"@id":"https:\/\/www.gesamtschule-eiserfeld.de\/#organization"},"image":{"@id":"https:\/\/www.gesamtschule-eiserfeld.de\/?p=4017#primaryimage"},"thumbnailUrl":"https:\/\/i0.wp.com\/www.gesamtschule-eiserfeld.de\/wp-content\/uploads\/2014\/06\/image17.png?fit=618%2C198&ssl=1","articleSection":["Berufsorientierung","Partner"],"inLanguage":"de"},{"@type":"WebPage","@id":"https:\/\/www.gesamtschule-eiserfeld.de\/?p=4017","url":"https:\/\/www.gesamtschule-eiserfeld.de\/?p=4017","name":"Erstes Treffen mit Repr&auml;sentanten der Firmenpartner der GEE - Gesamtschule Eiserfeld","isPartOf":{"@id":"https:\/\/www.gesamtschule-eiserfeld.de\/#website"},"primaryImageOfPage":{"@id":"https:\/\/www.gesamtschule-eiserfeld.de\/?p=4017#primaryimage"},"image":{"@id":"https:\/\/www.gesamtschule-eiserfeld.de\/?p=4017#primaryimage"},"thumbnailUrl":"https:\/\/i0.wp.com\/www.gesamtschule-eiserfeld.de\/wp-content\/uploads\/2014\/06\/image17.png?fit=618%2C198&ssl=1","datePublished":"2014-07-03T13:44:00+00:00","dateModified":"2014-07-17T06:53:04+00:00","breadcrumb":{"@id":"https:\/\/www.gesamtschule-eiserfeld.de\/?p=4017#breadcrumb"},"inLanguage":"de","potentialAction":[{"@type":"ReadAction","target":["https:\/\/www.gesamtschule-eiserfeld.de\/?p=4017"]}]},{"@type":"ImageObject","inLanguage":"de","@id":"https:\/\/www.gesamtschule-eiserfeld.de\/?p=4017#primaryimage","url":"https:\/\/i0.wp.com\/www.gesamtschule-eiserfeld.de\/wp-content\/uploads\/2014\/06\/image17.png?fit=618%2C198&ssl=1","contentUrl":"https:\/\/i0.wp.com\/www.gesamtschule-eiserfeld.de\/wp-content\/uploads\/2014\/06\/image17.png?fit=618%2C198&ssl=1","width":618,"height":198},{"@type":"BreadcrumbList","@id":"https:\/\/www.gesamtschule-eiserfeld.de\/?p=4017#breadcrumb","itemListElement":[{"@type":"ListItem","position":1,"name":"Startseite","item":"https:\/\/www.gesamtschule-eiserfeld.de\/"},{"@type":"ListItem","position":2,"name":"Erstes Treffen mit Repr&auml;sentanten der Firmenpartner der GEE"}]},{"@type":"WebSite","@id":"https:\/\/www.gesamtschule-eiserfeld.de\/#website","url":"https:\/\/www.gesamtschule-eiserfeld.de\/","name":"Gesamtschule Eiserfeld","description":"","publisher":{"@id":"https:\/\/www.gesamtschule-eiserfeld.de\/#organization"},"potentialAction":[{"@type":"SearchAction","target":{"@type":"EntryPoint","urlTemplate":"https:\/\/www.gesamtschule-eiserfeld.de\/?s={search_term_string}"},"query-input":{"@type":"PropertyValueSpecification","valueRequired":true,"valueName":"search_term_string"}}],"inLanguage":"de"},{"@type":"Organization","@id":"https:\/\/www.gesamtschule-eiserfeld.de\/#organization","name":"Gesamtschule Eiserfeld","url":"https:\/\/www.gesamtschule-eiserfeld.de\/","logo":{"@type":"ImageObject","inLanguage":"de","@id":"https:\/\/www.gesamtschule-eiserfeld.de\/#\/schema\/logo\/image\/","url":"https:\/\/i1.wp.com\/www.gesamtschule-eiserfeld.de\/wp-content\/uploads\/2019\/01\/GEE-Logo-neu.jpg?fit=436%2C126&ssl=1","contentUrl":"https:\/\/i1.wp.com\/www.gesamtschule-eiserfeld.de\/wp-content\/uploads\/2019\/01\/GEE-Logo-neu.jpg?fit=436%2C126&ssl=1","width":436,"height":126,"caption":"Gesamtschule Eiserfeld"},"image":{"@id":"https:\/\/www.gesamtschule-eiserfeld.de\/#\/schema\/logo\/image\/"},"sameAs":["https:\/\/www.facebook.com\/GEEiserfeld"]},{"@type":"Person","@id":"https:\/\/www.gesamtschule-eiserfeld.de\/#\/schema\/person\/9f37123dd2ff514a1346db435bdb3784","name":"dorw","sameAs":["http:\/\/www.ge-eiserfeld.de"],"url":"https:\/\/www.gesamtschule-eiserfeld.de\/?author=9"}]}},"jetpack_publicize_connections":[],"jetpack_featured_media_url":"https:\/\/i0.wp.com\/www.gesamtschule-eiserfeld.de\/wp-content\/uploads\/2014\/06\/image17.png?fit=618%2C198&ssl=1","jetpack_shortlink":"https:\/\/wp.me\/p2weeL-12N","jetpack_sharing_enabled":true,"_links":{"self":[{"href":"https:\/\/www.gesamtschule-eiserfeld.de\/index.php?rest_route=\/wp\/v2\/posts\/4017","targetHints":{"allow":["GET"]}}],"collection":[{"href":"https:\/\/www.gesamtschule-eiserfeld.de\/index.php?rest_route=\/wp\/v2\/posts"}],"about":[{"href":"https:\/\/www.gesamtschule-eiserfeld.de\/index.php?rest_route=\/wp\/v2\/types\/post"}],"author":[{"embeddable":true,"href":"https:\/\/www.gesamtschule-eiserfeld.de\/index.php?rest_route=\/wp\/v2\/users\/9"}],"replies":[{"embeddable":true,"href":"https:\/\/www.gesamtschule-eiserfeld.de\/index.php?rest_route=%2Fwp%2Fv2%2Fcomments&post=4017"}],"version-history":[{"count":0,"href":"https:\/\/www.gesamtschule-eiserfeld.de\/index.php?rest_route=\/wp\/v2\/posts\/4017\/revisions"}],"wp:featuredmedia":[{"embeddable":true,"href":"https:\/\/www.gesamtschule-eiserfeld.de\/index.php?rest_route=\/wp\/v2\/media\/4014"}],"wp:attachment":[{"href":"https:\/\/www.gesamtschule-eiserfeld.de\/index.php?rest_route=%2Fwp%2Fv2%2Fmedia&parent=4017"}],"wp:term":[{"taxonomy":"category","embeddable":true,"href":"https:\/\/www.gesamtschule-eiserfeld.de\/index.php?rest_route=%2Fwp%2Fv2%2Fcategories&post=4017"},{"taxonomy":"post_tag","embeddable":true,"href":"https:\/\/www.gesamtschule-eiserfeld.de\/index.php?rest_route=%2Fwp%2Fv2%2Ftags&post=4017"}],"curies":[{"name":"wp","href":"https:\/\/api.w.org\/{rel}","templated":true}]}}