{"id":4375,"date":"2014-10-27T17:12:58","date_gmt":"2014-10-27T16:12:58","guid":{"rendered":"http:\/\/ge-eiserfeld.de\/?p=4375"},"modified":"2014-11-21T17:54:47","modified_gmt":"2014-11-21T16:54:47","slug":"lehrerausflug-der-gee-grubenweg-und-gute-laune","status":"publish","type":"post","link":"https:\/\/www.gesamtschule-eiserfeld.de\/?p=4375","title":{"rendered":"Lehrerausflug der GEE: Grubenweg und gute Laune"},"content":{"rendered":"<p align=\"justify\"><img data-recalc-dims=\"1\" loading=\"lazy\" decoding=\"async\" style=\"background-image: none; float: left; padding-top: 0px; padding-left: 0px; margin: 0px 10px 0px 0px; display: inline; padding-right: 0px; border: 0px;\" title=\"image\" src=\"https:\/\/i0.wp.com\/gesamtschule-eiserfeld.de\/wp-content\/uploads\/2014\/10\/image3.png?resize=233%2C174\" alt=\"image\" width=\"233\" height=\"174\" align=\"left\" border=\"0\" \/><i>(judi).<\/i> Soso \u2013 das geschieht uns Lehrern also recht! Das war zumindest die Reaktion eines Sch\u00fclers, als er montags erfuhr, die Lehrer haben am Freitag einen Wandertag und der Unterricht endet f\u00fcr die Sch\u00fcler deshalb fr\u00fcher. <!--more-->Doch da war das Wetter auch noch bescheiden und die Annahme des Sch\u00fclers einfach falsch! Wir freuten uns auf den Lehrerausflug und wurden auf unserer Wanderung entlang des Grubenwegs mit hervorragendem, sonnigem Herbstwetter belohnt.<\/p>\n<p align=\"justify\">Mehr als die H\u00e4lfte des Kollegiums hatte sich mittags wanderlustig am Marktplatz in Eiserfeld eingefunden und folgte J\u00fcrgen Braun, Lehrer an der GEE und Projektleiter des Grubenwegs, entlang der Route Helsbach \u2013 Grube Otto Herbert &#8211; Kaiserschacht \u2013 Eisenzecher Zug bis zur Kreuzeiche. Immer wieder wurde unterwegs Halt gemacht und die historisch wichtigen Punkte der Eiserfelder Bergbaugeschichte teils mit Anekdoten aber auch mit viel Wissenswertem illustriert.<\/p>\n<p><!--more--><\/p>\n<p align=\"justify\">Dabei geht der Eiserfelder Grubenweg als heimatkundliches Projekt auf die Initiative von J\u00fcrgen Braun und das Fach \u201eGemeinn\u00fctzig Handeln\u201c zur\u00fcck. Der ca. 8 Kilometer lange Rundwanderweg wurde vor etwa vier Jahren unter Mitwirkung von Sch\u00fclern dieses Fachs beschildert und mit Infotafeln versehen. So k\u00f6nnen Wanderer auch Einzelheiten \u00fcber den fr\u00fcheren Alltag der Eiserfelder Bergleute erfahren.<\/p>\n<p align=\"justify\">Das konnten auch besonders viele der j\u00fcngeren und neuen Kollegen an der Gesamtschule Eiserfeld! Doch auch die vielen lockeren Gespr\u00e4che unterwegs, die im Schulalltag ja leider oft zu kurz kommen, und das entspannte Beisammensein trugen dazu bei, dass alle bei bester Laune schlie\u00dflich das Wandererlokal \u201eZum Steimel\u201c in Neunkirchen erreichten und den Ausflug bei einem rustikalen Essen angenehm ausklingen lassen konnten.<\/p>\n","protected":false},"excerpt":{"rendered":"<p>(judi). Soso \u2013 das geschieht uns Lehrern also recht! Das war zumindest die Reaktion eines Sch\u00fclers, als er montags erfuhr, die Lehrer haben am Freitag einen Wandertag und der Unterricht endet f\u00fcr die Sch\u00fcler deshalb fr\u00fcher.<\/p>\n","protected":false},"author":9,"featured_media":0,"comment_status":"closed","ping_status":"open","sticky":false,"template":"","format":"standard","meta":{"jetpack_post_was_ever_published":false,"_jetpack_newsletter_access":"","_jetpack_dont_email_post_to_subs":false,"_jetpack_newsletter_tier_id":0,"_jetpack_memberships_contains_paywalled_content":false,"_jetpack_memberships_contains_paid_content":false,"footnotes":"","jetpack_publicize_message":"","jetpack_publicize_feature_enabled":true,"jetpack_social_post_already_shared":true,"jetpack_social_options":{"image_generator_settings":{"template":"highway","default_image_id":0,"font":"","enabled":false},"version":2}},"categories":[18,49],"tags":[],"class_list":["post-4375","post","type-post","status-publish","format-standard","hentry","category-exkursion","category-soziales-lernen"],"yoast_head":"<!-- This site is optimized with the Yoast SEO plugin v27.4 - https:\/\/yoast.com\/product\/yoast-seo-wordpress\/ -->\n<title>Lehrerausflug der GEE: Grubenweg und gute Laune - Gesamtschule Eiserfeld<\/title>\n<meta name=\"robots\" content=\"index, follow, max-snippet:-1, max-image-preview:large, max-video-preview:-1\" \/>\n<link rel=\"canonical\" href=\"https:\/\/www.gesamtschule-eiserfeld.de\/?p=4375\" \/>\n<meta property=\"og:locale\" content=\"de_DE\" \/>\n<meta property=\"og:type\" content=\"article\" \/>\n<meta property=\"og:title\" content=\"Lehrerausflug der GEE: Grubenweg und gute Laune - Gesamtschule Eiserfeld\" \/>\n<meta property=\"og:description\" content=\"(judi). Soso \u2013 das geschieht uns Lehrern also recht! Das war zumindest die Reaktion eines Sch\u00fclers, als er montags erfuhr, die Lehrer haben am Freitag einen Wandertag und der Unterricht endet f\u00fcr die Sch\u00fcler deshalb fr\u00fcher.\" \/>\n<meta property=\"og:url\" content=\"https:\/\/www.gesamtschule-eiserfeld.de\/?p=4375\" \/>\n<meta property=\"og:site_name\" content=\"Gesamtschule Eiserfeld\" \/>\n<meta property=\"article:publisher\" content=\"https:\/\/www.facebook.com\/GEEiserfeld\" \/>\n<meta property=\"article:published_time\" content=\"2014-10-27T16:12:58+00:00\" \/>\n<meta property=\"article:modified_time\" content=\"2014-11-21T16:54:47+00:00\" \/>\n<meta property=\"og:image\" content=\"http:\/\/gesamtschule-eiserfeld.de\/wp-content\/uploads\/2014\/10\/image3.png\" \/>\n<meta name=\"author\" content=\"dorw\" \/>\n<meta name=\"twitter:card\" content=\"summary_large_image\" \/>\n<meta name=\"twitter:label1\" content=\"Verfasst von\" \/>\n\t<meta name=\"twitter:data1\" content=\"dorw\" \/>\n\t<meta name=\"twitter:label2\" content=\"Gesch\u00e4tzte Lesezeit\" \/>\n\t<meta name=\"twitter:data2\" content=\"1\u00a0Minute\" \/>\n<script type=\"application\/ld+json\" class=\"yoast-schema-graph\">{\"@context\":\"https:\\\/\\\/schema.org\",\"@graph\":[{\"@type\":\"Article\",\"@id\":\"https:\\\/\\\/www.gesamtschule-eiserfeld.de\\\/?p=4375#article\",\"isPartOf\":{\"@id\":\"https:\\\/\\\/www.gesamtschule-eiserfeld.de\\\/?p=4375\"},\"author\":{\"name\":\"dorw\",\"@id\":\"https:\\\/\\\/www.gesamtschule-eiserfeld.de\\\/#\\\/schema\\\/person\\\/9f37123dd2ff514a1346db435bdb3784\"},\"headline\":\"Lehrerausflug der GEE: Grubenweg und gute Laune\",\"datePublished\":\"2014-10-27T16:12:58+00:00\",\"dateModified\":\"2014-11-21T16:54:47+00:00\",\"mainEntityOfPage\":{\"@id\":\"https:\\\/\\\/www.gesamtschule-eiserfeld.de\\\/?p=4375\"},\"wordCount\":271,\"publisher\":{\"@id\":\"https:\\\/\\\/www.gesamtschule-eiserfeld.de\\\/#organization\"},\"image\":{\"@id\":\"https:\\\/\\\/www.gesamtschule-eiserfeld.de\\\/?p=4375#primaryimage\"},\"thumbnailUrl\":\"http:\\\/\\\/gesamtschule-eiserfeld.de\\\/wp-content\\\/uploads\\\/2014\\\/10\\\/image3.png\",\"articleSection\":[\"Exkursion\",\"Soziales Lernen\"],\"inLanguage\":\"de\"},{\"@type\":\"WebPage\",\"@id\":\"https:\\\/\\\/www.gesamtschule-eiserfeld.de\\\/?p=4375\",\"url\":\"https:\\\/\\\/www.gesamtschule-eiserfeld.de\\\/?p=4375\",\"name\":\"Lehrerausflug der GEE: Grubenweg und gute Laune - Gesamtschule Eiserfeld\",\"isPartOf\":{\"@id\":\"https:\\\/\\\/www.gesamtschule-eiserfeld.de\\\/#website\"},\"primaryImageOfPage\":{\"@id\":\"https:\\\/\\\/www.gesamtschule-eiserfeld.de\\\/?p=4375#primaryimage\"},\"image\":{\"@id\":\"https:\\\/\\\/www.gesamtschule-eiserfeld.de\\\/?p=4375#primaryimage\"},\"thumbnailUrl\":\"http:\\\/\\\/gesamtschule-eiserfeld.de\\\/wp-content\\\/uploads\\\/2014\\\/10\\\/image3.png\",\"datePublished\":\"2014-10-27T16:12:58+00:00\",\"dateModified\":\"2014-11-21T16:54:47+00:00\",\"breadcrumb\":{\"@id\":\"https:\\\/\\\/www.gesamtschule-eiserfeld.de\\\/?p=4375#breadcrumb\"},\"inLanguage\":\"de\",\"potentialAction\":[{\"@type\":\"ReadAction\",\"target\":[\"https:\\\/\\\/www.gesamtschule-eiserfeld.de\\\/?p=4375\"]}]},{\"@type\":\"ImageObject\",\"inLanguage\":\"de\",\"@id\":\"https:\\\/\\\/www.gesamtschule-eiserfeld.de\\\/?p=4375#primaryimage\",\"url\":\"http:\\\/\\\/gesamtschule-eiserfeld.de\\\/wp-content\\\/uploads\\\/2014\\\/10\\\/image3.png\",\"contentUrl\":\"http:\\\/\\\/gesamtschule-eiserfeld.de\\\/wp-content\\\/uploads\\\/2014\\\/10\\\/image3.png\"},{\"@type\":\"BreadcrumbList\",\"@id\":\"https:\\\/\\\/www.gesamtschule-eiserfeld.de\\\/?p=4375#breadcrumb\",\"itemListElement\":[{\"@type\":\"ListItem\",\"position\":1,\"name\":\"Startseite\",\"item\":\"https:\\\/\\\/www.gesamtschule-eiserfeld.de\\\/\"},{\"@type\":\"ListItem\",\"position\":2,\"name\":\"Lehrerausflug der GEE: Grubenweg und gute Laune\"}]},{\"@type\":\"WebSite\",\"@id\":\"https:\\\/\\\/www.gesamtschule-eiserfeld.de\\\/#website\",\"url\":\"https:\\\/\\\/www.gesamtschule-eiserfeld.de\\\/\",\"name\":\"Gesamtschule Eiserfeld\",\"description\":\"\",\"publisher\":{\"@id\":\"https:\\\/\\\/www.gesamtschule-eiserfeld.de\\\/#organization\"},\"potentialAction\":[{\"@type\":\"SearchAction\",\"target\":{\"@type\":\"EntryPoint\",\"urlTemplate\":\"https:\\\/\\\/www.gesamtschule-eiserfeld.de\\\/?s={search_term_string}\"},\"query-input\":{\"@type\":\"PropertyValueSpecification\",\"valueRequired\":true,\"valueName\":\"search_term_string\"}}],\"inLanguage\":\"de\"},{\"@type\":\"Organization\",\"@id\":\"https:\\\/\\\/www.gesamtschule-eiserfeld.de\\\/#organization\",\"name\":\"Gesamtschule Eiserfeld\",\"url\":\"https:\\\/\\\/www.gesamtschule-eiserfeld.de\\\/\",\"logo\":{\"@type\":\"ImageObject\",\"inLanguage\":\"de\",\"@id\":\"https:\\\/\\\/www.gesamtschule-eiserfeld.de\\\/#\\\/schema\\\/logo\\\/image\\\/\",\"url\":\"https:\\\/\\\/i1.wp.com\\\/www.gesamtschule-eiserfeld.de\\\/wp-content\\\/uploads\\\/2019\\\/01\\\/GEE-Logo-neu.jpg?fit=436%2C126&ssl=1\",\"contentUrl\":\"https:\\\/\\\/i1.wp.com\\\/www.gesamtschule-eiserfeld.de\\\/wp-content\\\/uploads\\\/2019\\\/01\\\/GEE-Logo-neu.jpg?fit=436%2C126&ssl=1\",\"width\":436,\"height\":126,\"caption\":\"Gesamtschule Eiserfeld\"},\"image\":{\"@id\":\"https:\\\/\\\/www.gesamtschule-eiserfeld.de\\\/#\\\/schema\\\/logo\\\/image\\\/\"},\"sameAs\":[\"https:\\\/\\\/www.facebook.com\\\/GEEiserfeld\"]},{\"@type\":\"Person\",\"@id\":\"https:\\\/\\\/www.gesamtschule-eiserfeld.de\\\/#\\\/schema\\\/person\\\/9f37123dd2ff514a1346db435bdb3784\",\"name\":\"dorw\",\"sameAs\":[\"http:\\\/\\\/www.ge-eiserfeld.de\"],\"url\":\"https:\\\/\\\/www.gesamtschule-eiserfeld.de\\\/?author=9\"}]}<\/script>\n<!-- \/ Yoast SEO plugin. -->","yoast_head_json":{"title":"Lehrerausflug der GEE: Grubenweg und gute Laune - Gesamtschule Eiserfeld","robots":{"index":"index","follow":"follow","max-snippet":"max-snippet:-1","max-image-preview":"max-image-preview:large","max-video-preview":"max-video-preview:-1"},"canonical":"https:\/\/www.gesamtschule-eiserfeld.de\/?p=4375","og_locale":"de_DE","og_type":"article","og_title":"Lehrerausflug der GEE: Grubenweg und gute Laune - Gesamtschule Eiserfeld","og_description":"(judi). Soso \u2013 das geschieht uns Lehrern also recht! Das war zumindest die Reaktion eines Sch\u00fclers, als er montags erfuhr, die Lehrer haben am Freitag einen Wandertag und der Unterricht endet f\u00fcr die Sch\u00fcler deshalb fr\u00fcher.","og_url":"https:\/\/www.gesamtschule-eiserfeld.de\/?p=4375","og_site_name":"Gesamtschule Eiserfeld","article_publisher":"https:\/\/www.facebook.com\/GEEiserfeld","article_published_time":"2014-10-27T16:12:58+00:00","article_modified_time":"2014-11-21T16:54:47+00:00","og_image":[{"url":"http:\/\/gesamtschule-eiserfeld.de\/wp-content\/uploads\/2014\/10\/image3.png","type":"","width":"","height":""}],"author":"dorw","twitter_card":"summary_large_image","twitter_misc":{"Verfasst von":"dorw","Gesch\u00e4tzte Lesezeit":"1\u00a0Minute"},"schema":{"@context":"https:\/\/schema.org","@graph":[{"@type":"Article","@id":"https:\/\/www.gesamtschule-eiserfeld.de\/?p=4375#article","isPartOf":{"@id":"https:\/\/www.gesamtschule-eiserfeld.de\/?p=4375"},"author":{"name":"dorw","@id":"https:\/\/www.gesamtschule-eiserfeld.de\/#\/schema\/person\/9f37123dd2ff514a1346db435bdb3784"},"headline":"Lehrerausflug der GEE: Grubenweg und gute Laune","datePublished":"2014-10-27T16:12:58+00:00","dateModified":"2014-11-21T16:54:47+00:00","mainEntityOfPage":{"@id":"https:\/\/www.gesamtschule-eiserfeld.de\/?p=4375"},"wordCount":271,"publisher":{"@id":"https:\/\/www.gesamtschule-eiserfeld.de\/#organization"},"image":{"@id":"https:\/\/www.gesamtschule-eiserfeld.de\/?p=4375#primaryimage"},"thumbnailUrl":"http:\/\/gesamtschule-eiserfeld.de\/wp-content\/uploads\/2014\/10\/image3.png","articleSection":["Exkursion","Soziales Lernen"],"inLanguage":"de"},{"@type":"WebPage","@id":"https:\/\/www.gesamtschule-eiserfeld.de\/?p=4375","url":"https:\/\/www.gesamtschule-eiserfeld.de\/?p=4375","name":"Lehrerausflug der GEE: Grubenweg und gute Laune - Gesamtschule Eiserfeld","isPartOf":{"@id":"https:\/\/www.gesamtschule-eiserfeld.de\/#website"},"primaryImageOfPage":{"@id":"https:\/\/www.gesamtschule-eiserfeld.de\/?p=4375#primaryimage"},"image":{"@id":"https:\/\/www.gesamtschule-eiserfeld.de\/?p=4375#primaryimage"},"thumbnailUrl":"http:\/\/gesamtschule-eiserfeld.de\/wp-content\/uploads\/2014\/10\/image3.png","datePublished":"2014-10-27T16:12:58+00:00","dateModified":"2014-11-21T16:54:47+00:00","breadcrumb":{"@id":"https:\/\/www.gesamtschule-eiserfeld.de\/?p=4375#breadcrumb"},"inLanguage":"de","potentialAction":[{"@type":"ReadAction","target":["https:\/\/www.gesamtschule-eiserfeld.de\/?p=4375"]}]},{"@type":"ImageObject","inLanguage":"de","@id":"https:\/\/www.gesamtschule-eiserfeld.de\/?p=4375#primaryimage","url":"http:\/\/gesamtschule-eiserfeld.de\/wp-content\/uploads\/2014\/10\/image3.png","contentUrl":"http:\/\/gesamtschule-eiserfeld.de\/wp-content\/uploads\/2014\/10\/image3.png"},{"@type":"BreadcrumbList","@id":"https:\/\/www.gesamtschule-eiserfeld.de\/?p=4375#breadcrumb","itemListElement":[{"@type":"ListItem","position":1,"name":"Startseite","item":"https:\/\/www.gesamtschule-eiserfeld.de\/"},{"@type":"ListItem","position":2,"name":"Lehrerausflug der GEE: Grubenweg und gute Laune"}]},{"@type":"WebSite","@id":"https:\/\/www.gesamtschule-eiserfeld.de\/#website","url":"https:\/\/www.gesamtschule-eiserfeld.de\/","name":"Gesamtschule Eiserfeld","description":"","publisher":{"@id":"https:\/\/www.gesamtschule-eiserfeld.de\/#organization"},"potentialAction":[{"@type":"SearchAction","target":{"@type":"EntryPoint","urlTemplate":"https:\/\/www.gesamtschule-eiserfeld.de\/?s={search_term_string}"},"query-input":{"@type":"PropertyValueSpecification","valueRequired":true,"valueName":"search_term_string"}}],"inLanguage":"de"},{"@type":"Organization","@id":"https:\/\/www.gesamtschule-eiserfeld.de\/#organization","name":"Gesamtschule Eiserfeld","url":"https:\/\/www.gesamtschule-eiserfeld.de\/","logo":{"@type":"ImageObject","inLanguage":"de","@id":"https:\/\/www.gesamtschule-eiserfeld.de\/#\/schema\/logo\/image\/","url":"https:\/\/i1.wp.com\/www.gesamtschule-eiserfeld.de\/wp-content\/uploads\/2019\/01\/GEE-Logo-neu.jpg?fit=436%2C126&ssl=1","contentUrl":"https:\/\/i1.wp.com\/www.gesamtschule-eiserfeld.de\/wp-content\/uploads\/2019\/01\/GEE-Logo-neu.jpg?fit=436%2C126&ssl=1","width":436,"height":126,"caption":"Gesamtschule Eiserfeld"},"image":{"@id":"https:\/\/www.gesamtschule-eiserfeld.de\/#\/schema\/logo\/image\/"},"sameAs":["https:\/\/www.facebook.com\/GEEiserfeld"]},{"@type":"Person","@id":"https:\/\/www.gesamtschule-eiserfeld.de\/#\/schema\/person\/9f37123dd2ff514a1346db435bdb3784","name":"dorw","sameAs":["http:\/\/www.ge-eiserfeld.de"],"url":"https:\/\/www.gesamtschule-eiserfeld.de\/?author=9"}]}},"jetpack_publicize_connections":[],"jetpack_featured_media_url":"","jetpack_shortlink":"https:\/\/wp.me\/p2weeL-18z","jetpack_sharing_enabled":true,"_links":{"self":[{"href":"https:\/\/www.gesamtschule-eiserfeld.de\/index.php?rest_route=\/wp\/v2\/posts\/4375","targetHints":{"allow":["GET"]}}],"collection":[{"href":"https:\/\/www.gesamtschule-eiserfeld.de\/index.php?rest_route=\/wp\/v2\/posts"}],"about":[{"href":"https:\/\/www.gesamtschule-eiserfeld.de\/index.php?rest_route=\/wp\/v2\/types\/post"}],"author":[{"embeddable":true,"href":"https:\/\/www.gesamtschule-eiserfeld.de\/index.php?rest_route=\/wp\/v2\/users\/9"}],"replies":[{"embeddable":true,"href":"https:\/\/www.gesamtschule-eiserfeld.de\/index.php?rest_route=%2Fwp%2Fv2%2Fcomments&post=4375"}],"version-history":[{"count":0,"href":"https:\/\/www.gesamtschule-eiserfeld.de\/index.php?rest_route=\/wp\/v2\/posts\/4375\/revisions"}],"wp:attachment":[{"href":"https:\/\/www.gesamtschule-eiserfeld.de\/index.php?rest_route=%2Fwp%2Fv2%2Fmedia&parent=4375"}],"wp:term":[{"taxonomy":"category","embeddable":true,"href":"https:\/\/www.gesamtschule-eiserfeld.de\/index.php?rest_route=%2Fwp%2Fv2%2Fcategories&post=4375"},{"taxonomy":"post_tag","embeddable":true,"href":"https:\/\/www.gesamtschule-eiserfeld.de\/index.php?rest_route=%2Fwp%2Fv2%2Ftags&post=4375"}],"curies":[{"name":"wp","href":"https:\/\/api.w.org\/{rel}","templated":true}]}}