{"id":483,"date":"2010-06-06T15:13:00","date_gmt":"2010-06-06T13:13:00","guid":{"rendered":"http:\/\/ge-eiserfeld.de\/?p=483"},"modified":"2012-07-06T15:13:48","modified_gmt":"2012-07-06T13:13:48","slug":"neue-wege-an-der-hans-reinhardt-schule","status":"publish","type":"post","link":"https:\/\/www.gesamtschule-eiserfeld.de\/?p=483","title":{"rendered":"Neue &bdquo;Wege&ldquo; an der Hans-Reinhardt-Schule"},"content":{"rendered":"<div><img data-recalc-dims=\"1\" loading=\"lazy\" decoding=\"async\" style=\"margin: 0px 10px 0px 0px; display: inline; float: left\" alt=\"\" align=\"left\" src=\"https:\/\/i0.wp.com\/gesamtschule-eiserfeld.de\/wp-content\/uploads\/2012\/07\/070612_1311_NeueWegean1.jpg?resize=133%2C94\" width=\"133\" height=\"94\" \/><\/div>\n<p style=\"text-align: justify\"><span style=\"font-family: arial; color: black; font-size: 12pt\">Als wir wie jeden Dienstag in der Hans-Reinhardt-Schule waren, ist uns das Bild &quot;Wege&quot; auf dem Schulhof in die Augen gesprungen.     <br \/><\/span><\/p>\n<div>&#160;<\/div>\n<div>&#160;<\/div>\n<div>&#160;<\/div>\n<div>\n<table style=\"border-collapse: collapse; background: white\" border=\"0\">\n<colgroup>\n<col style=\"width: 605px\" \/><\/colgroup>\n<tbody valign=\"top\">\n<tr style=\"height: 1px\">\n<td style=\"border-bottom-style: none; border-left-style: none; border-top-style: none; border-right-style: none\" valign=\"middle\">\n<p style=\"text-align: justify\"><span style=\"font-family: arial; color: black; font-size: 12pt\"><\/span><\/p>\n<\/td>\n<\/tr>\n<\/tbody>\n<\/table><\/div>\n<p><!--more--><\/p>\n<div>\n<table style=\"border-collapse: collapse; background: white\" border=\"0\">\n<tbody valign=\"top\">\n<tr style=\"height: 1px\">\n<td style=\"border-bottom-style: none; border-left-style: none; border-top-style: none; border-right-style: none\" valign=\"middle\">\n<p style=\"text-align: justify\"><img data-recalc-dims=\"1\" loading=\"lazy\" decoding=\"async\" style=\"margin: 0px auto; display: block; float: none\" alt=\"\" src=\"https:\/\/i0.wp.com\/gesamtschule-eiserfeld.de\/wp-content\/uploads\/2012\/07\/070612_1311_NeueWegean1.jpg?resize=474%2C335\" width=\"474\" height=\"335\" \/><\/p>\n<p style=\"text-align: justify\">\n<p style=\"text-align: justify\"><span style=\"font-family: arial; color: black; font-size: 12pt\"><strong>                 <br \/><\/strong><\/span><\/p>\n<div><\/div>\n<p style=\"text-align: justify\"><img data-recalc-dims=\"1\" decoding=\"async\" alt=\"\" align=\"left\" src=\"https:\/\/i0.wp.com\/gesamtschule-eiserfeld.de\/wp-content\/uploads\/2012\/07\/070612_1311_NeueWegean4.jpg?w=474\" \/><span style=\"font-family: arial; color: black; font-size: 12pt\"><strong>Das Bild auf dem Schulhof                 <br \/><\/strong><\/span><\/p>\n<p style=\"text-align: justify\"><img data-recalc-dims=\"1\" decoding=\"async\" style=\"display: inline; float: left\" alt=\"\" align=\"left\" src=\"https:\/\/i0.wp.com\/gesamtschule-eiserfeld.de\/wp-content\/uploads\/2012\/07\/070612_1311_NeueWegean5.jpg?w=474\" \/><span style=\"font-family: arial; color: black; font-size: 12pt\">Weil wir uns f\u00fcr das Bild interessierten, haben wir nachgefragt, wie es entstanden ist. Zuerst haben wir nach der Idee f\u00fcr das Bild gefragt. Die Sch\u00fcler antworteten, dass eine Lehrerin zusammen mit ihnen zuerst Tabletts mit Mosaiken belegt hat und danach auf die Idee kam, ein gro\u00dfes Bild herzustellen.               <br \/><\/span><\/p>\n<p style=\"text-align: justify\"><span style=\"color: black; font-size: 12pt\"><span style=\"font-family: arial\">Dann haben sie Kacheln bekommen und sich aus dem Internet ein Motiv ausgesucht, bis es endlich losgehen konnte. Zuerst mussten sie viele Vorarbeiten machen, z.B. Kacheln klein hauen, die Holzplatte besorgen und das Motiv auf die Platte \u00fcbertragen. Die Kacheln wurden erst einmal nur aufgelegt, schlie\u00dflich mit Fliesenkleber befestigt und verfugt. Das Bild musste immer wieder mit einem Schwamm sauber gemacht werden. Jetzt ergab sich das Problem &quot;Wo und wie h\u00e4ngen wir das Bild auf?&quot; Und nach langem \u00dcberlegen kam dann der Entschluss: &quot;Auf dem Schulhof!&quot;<\/span><span style=\"font-family: comic sans ms\">                 <br \/><\/span><\/span><\/p>\n<p style=\"text-align: justify\"><span style=\"font-family: arial; color: black; font-size: 12pt\">Uns gef\u00e4llt das Bild gut und es ist wirklich sch\u00f6n anzusehen.               <br \/><\/span><\/p>\n<div>\n<table style=\"border-collapse: collapse\" border=\"0\">\n<colgroup>\n<col style=\"width: 611px\" \/><\/colgroup>\n<tbody valign=\"top\">\n<tr>\n<td style=\"border-bottom-style: none; border-left-style: none; border-top-style: none; border-right-style: none\" valign=\"middle\">\n<p style=\"text-align: justify\"><span style=\"font-family: arial; font-size: 12pt\">Was ist eigentlich das Thema des Bildes?                         <br \/><\/span><\/p>\n<p style=\"text-align: justify\"><span style=\"font-family: arial; font-size: 12pt\"><em>Wir haben das Bild &quot;Wege&quot; genannt. Links oben ist die Sonne abgebildet und rechts unten ist ein See mit einer Insel. Durch das Feld und um den See herum f\u00fchrt der Weg durch den Sonnenschein.<\/em>                          <br \/><\/span><\/p>\n<p style=\"text-align: justify\"><span style=\"font-family: arial; font-size: 12pt\">Vielen Dank f\u00fcr eure Erkl\u00e4rung, liebe Sch\u00fcler aus der Hans-Reinhardt-Schule! <img data-recalc-dims=\"1\" decoding=\"async\" alt=\"\" src=\"https:\/\/i0.wp.com\/gesamtschule-eiserfeld.de\/wp-content\/uploads\/2012\/07\/070612_1311_NeueWegean6.jpg?w=474\" \/>                          <br \/><img data-recalc-dims=\"1\" decoding=\"async\" alt=\"\" src=\"https:\/\/i0.wp.com\/gesamtschule-eiserfeld.de\/wp-content\/uploads\/2012\/07\/070612_1311_NeueWegean7.jpg?w=474\" \/><span style=\"color: black\"> Lea und Marie (Jg.8)<\/span>                          <br \/><\/span><\/p>\n<\/td>\n<\/tr>\n<\/tbody>\n<\/table><\/div>\n<\/td>\n<\/tr>\n<\/tbody>\n<\/table><\/div>\n","protected":false},"excerpt":{"rendered":"<p>Als wir wie jeden Dienstag in der Hans-Reinhardt-Schule waren, ist uns das Bild &quot;Wege&quot; auf dem Schulhof in die Augen gesprungen. &#160; &#160; &#160;<\/p>\n","protected":false},"author":9,"featured_media":0,"comment_status":"closed","ping_status":"open","sticky":false,"template":"","format":"standard","meta":{"jetpack_post_was_ever_published":false,"_jetpack_newsletter_access":"","_jetpack_dont_email_post_to_subs":false,"_jetpack_newsletter_tier_id":0,"_jetpack_memberships_contains_paywalled_content":false,"_jetpack_memberships_contains_paid_content":false,"footnotes":"","jetpack_publicize_message":"","jetpack_publicize_feature_enabled":true,"jetpack_social_post_already_shared":false,"jetpack_social_options":{"image_generator_settings":{"template":"highway","default_image_id":0,"font":"","enabled":false},"version":2}},"categories":[23],"tags":[],"class_list":["post-483","post","type-post","status-publish","format-standard","hentry","category-partner"],"yoast_head":"<!-- This site is optimized with the Yoast SEO plugin v27.4 - https:\/\/yoast.com\/product\/yoast-seo-wordpress\/ -->\n<title>Neue &bdquo;Wege&ldquo; an der Hans-Reinhardt-Schule - Gesamtschule Eiserfeld<\/title>\n<meta name=\"robots\" content=\"index, follow, max-snippet:-1, max-image-preview:large, max-video-preview:-1\" \/>\n<link rel=\"canonical\" href=\"https:\/\/www.gesamtschule-eiserfeld.de\/?p=483\" \/>\n<meta property=\"og:locale\" content=\"de_DE\" \/>\n<meta property=\"og:type\" content=\"article\" \/>\n<meta property=\"og:title\" content=\"Neue &bdquo;Wege&ldquo; an der Hans-Reinhardt-Schule - Gesamtschule Eiserfeld\" \/>\n<meta property=\"og:description\" content=\"Als wir wie jeden Dienstag in der Hans-Reinhardt-Schule waren, ist uns das Bild &quot;Wege&quot; auf dem Schulhof in die Augen gesprungen. &#160; &#160; &#160;\" \/>\n<meta property=\"og:url\" content=\"https:\/\/www.gesamtschule-eiserfeld.de\/?p=483\" \/>\n<meta property=\"og:site_name\" content=\"Gesamtschule Eiserfeld\" \/>\n<meta property=\"article:publisher\" content=\"https:\/\/www.facebook.com\/GEEiserfeld\" \/>\n<meta property=\"article:published_time\" content=\"2010-06-06T13:13:00+00:00\" \/>\n<meta property=\"article:modified_time\" content=\"2012-07-06T13:13:48+00:00\" \/>\n<meta property=\"og:image\" content=\"http:\/\/gesamtschule-eiserfeld.de\/wp-content\/uploads\/2012\/07\/070612_1311_NeueWegean1.jpg\" \/>\n<meta name=\"author\" content=\"dorw\" \/>\n<meta name=\"twitter:card\" content=\"summary_large_image\" \/>\n<meta name=\"twitter:label1\" content=\"Verfasst von\" \/>\n\t<meta name=\"twitter:data1\" content=\"dorw\" \/>\n\t<meta name=\"twitter:label2\" content=\"Gesch\u00e4tzte Lesezeit\" \/>\n\t<meta name=\"twitter:data2\" content=\"1\u00a0Minute\" \/>\n<script type=\"application\/ld+json\" class=\"yoast-schema-graph\">{\"@context\":\"https:\\\/\\\/schema.org\",\"@graph\":[{\"@type\":\"Article\",\"@id\":\"https:\\\/\\\/www.gesamtschule-eiserfeld.de\\\/?p=483#article\",\"isPartOf\":{\"@id\":\"https:\\\/\\\/www.gesamtschule-eiserfeld.de\\\/?p=483\"},\"author\":{\"name\":\"dorw\",\"@id\":\"https:\\\/\\\/www.gesamtschule-eiserfeld.de\\\/#\\\/schema\\\/person\\\/9f37123dd2ff514a1346db435bdb3784\"},\"headline\":\"Neue &bdquo;Wege&ldquo; an der Hans-Reinhardt-Schule\",\"datePublished\":\"2010-06-06T13:13:00+00:00\",\"dateModified\":\"2012-07-06T13:13:48+00:00\",\"mainEntityOfPage\":{\"@id\":\"https:\\\/\\\/www.gesamtschule-eiserfeld.de\\\/?p=483\"},\"wordCount\":256,\"publisher\":{\"@id\":\"https:\\\/\\\/www.gesamtschule-eiserfeld.de\\\/#organization\"},\"image\":{\"@id\":\"https:\\\/\\\/www.gesamtschule-eiserfeld.de\\\/?p=483#primaryimage\"},\"thumbnailUrl\":\"http:\\\/\\\/gesamtschule-eiserfeld.de\\\/wp-content\\\/uploads\\\/2012\\\/07\\\/070612_1311_NeueWegean1.jpg\",\"articleSection\":[\"Partner\"],\"inLanguage\":\"de\"},{\"@type\":\"WebPage\",\"@id\":\"https:\\\/\\\/www.gesamtschule-eiserfeld.de\\\/?p=483\",\"url\":\"https:\\\/\\\/www.gesamtschule-eiserfeld.de\\\/?p=483\",\"name\":\"Neue &bdquo;Wege&ldquo; an der Hans-Reinhardt-Schule - Gesamtschule Eiserfeld\",\"isPartOf\":{\"@id\":\"https:\\\/\\\/www.gesamtschule-eiserfeld.de\\\/#website\"},\"primaryImageOfPage\":{\"@id\":\"https:\\\/\\\/www.gesamtschule-eiserfeld.de\\\/?p=483#primaryimage\"},\"image\":{\"@id\":\"https:\\\/\\\/www.gesamtschule-eiserfeld.de\\\/?p=483#primaryimage\"},\"thumbnailUrl\":\"http:\\\/\\\/gesamtschule-eiserfeld.de\\\/wp-content\\\/uploads\\\/2012\\\/07\\\/070612_1311_NeueWegean1.jpg\",\"datePublished\":\"2010-06-06T13:13:00+00:00\",\"dateModified\":\"2012-07-06T13:13:48+00:00\",\"breadcrumb\":{\"@id\":\"https:\\\/\\\/www.gesamtschule-eiserfeld.de\\\/?p=483#breadcrumb\"},\"inLanguage\":\"de\",\"potentialAction\":[{\"@type\":\"ReadAction\",\"target\":[\"https:\\\/\\\/www.gesamtschule-eiserfeld.de\\\/?p=483\"]}]},{\"@type\":\"ImageObject\",\"inLanguage\":\"de\",\"@id\":\"https:\\\/\\\/www.gesamtschule-eiserfeld.de\\\/?p=483#primaryimage\",\"url\":\"http:\\\/\\\/gesamtschule-eiserfeld.de\\\/wp-content\\\/uploads\\\/2012\\\/07\\\/070612_1311_NeueWegean1.jpg\",\"contentUrl\":\"http:\\\/\\\/gesamtschule-eiserfeld.de\\\/wp-content\\\/uploads\\\/2012\\\/07\\\/070612_1311_NeueWegean1.jpg\"},{\"@type\":\"BreadcrumbList\",\"@id\":\"https:\\\/\\\/www.gesamtschule-eiserfeld.de\\\/?p=483#breadcrumb\",\"itemListElement\":[{\"@type\":\"ListItem\",\"position\":1,\"name\":\"Startseite\",\"item\":\"https:\\\/\\\/www.gesamtschule-eiserfeld.de\\\/\"},{\"@type\":\"ListItem\",\"position\":2,\"name\":\"Neue &bdquo;Wege&ldquo; an der Hans-Reinhardt-Schule\"}]},{\"@type\":\"WebSite\",\"@id\":\"https:\\\/\\\/www.gesamtschule-eiserfeld.de\\\/#website\",\"url\":\"https:\\\/\\\/www.gesamtschule-eiserfeld.de\\\/\",\"name\":\"Gesamtschule Eiserfeld\",\"description\":\"\",\"publisher\":{\"@id\":\"https:\\\/\\\/www.gesamtschule-eiserfeld.de\\\/#organization\"},\"potentialAction\":[{\"@type\":\"SearchAction\",\"target\":{\"@type\":\"EntryPoint\",\"urlTemplate\":\"https:\\\/\\\/www.gesamtschule-eiserfeld.de\\\/?s={search_term_string}\"},\"query-input\":{\"@type\":\"PropertyValueSpecification\",\"valueRequired\":true,\"valueName\":\"search_term_string\"}}],\"inLanguage\":\"de\"},{\"@type\":\"Organization\",\"@id\":\"https:\\\/\\\/www.gesamtschule-eiserfeld.de\\\/#organization\",\"name\":\"Gesamtschule Eiserfeld\",\"url\":\"https:\\\/\\\/www.gesamtschule-eiserfeld.de\\\/\",\"logo\":{\"@type\":\"ImageObject\",\"inLanguage\":\"de\",\"@id\":\"https:\\\/\\\/www.gesamtschule-eiserfeld.de\\\/#\\\/schema\\\/logo\\\/image\\\/\",\"url\":\"https:\\\/\\\/i1.wp.com\\\/www.gesamtschule-eiserfeld.de\\\/wp-content\\\/uploads\\\/2019\\\/01\\\/GEE-Logo-neu.jpg?fit=436%2C126&ssl=1\",\"contentUrl\":\"https:\\\/\\\/i1.wp.com\\\/www.gesamtschule-eiserfeld.de\\\/wp-content\\\/uploads\\\/2019\\\/01\\\/GEE-Logo-neu.jpg?fit=436%2C126&ssl=1\",\"width\":436,\"height\":126,\"caption\":\"Gesamtschule Eiserfeld\"},\"image\":{\"@id\":\"https:\\\/\\\/www.gesamtschule-eiserfeld.de\\\/#\\\/schema\\\/logo\\\/image\\\/\"},\"sameAs\":[\"https:\\\/\\\/www.facebook.com\\\/GEEiserfeld\"]},{\"@type\":\"Person\",\"@id\":\"https:\\\/\\\/www.gesamtschule-eiserfeld.de\\\/#\\\/schema\\\/person\\\/9f37123dd2ff514a1346db435bdb3784\",\"name\":\"dorw\",\"sameAs\":[\"http:\\\/\\\/www.ge-eiserfeld.de\"],\"url\":\"https:\\\/\\\/www.gesamtschule-eiserfeld.de\\\/?author=9\"}]}<\/script>\n<!-- \/ Yoast SEO plugin. -->","yoast_head_json":{"title":"Neue &bdquo;Wege&ldquo; an der Hans-Reinhardt-Schule - Gesamtschule Eiserfeld","robots":{"index":"index","follow":"follow","max-snippet":"max-snippet:-1","max-image-preview":"max-image-preview:large","max-video-preview":"max-video-preview:-1"},"canonical":"https:\/\/www.gesamtschule-eiserfeld.de\/?p=483","og_locale":"de_DE","og_type":"article","og_title":"Neue &bdquo;Wege&ldquo; an der Hans-Reinhardt-Schule - Gesamtschule Eiserfeld","og_description":"Als wir wie jeden Dienstag in der Hans-Reinhardt-Schule waren, ist uns das Bild &quot;Wege&quot; auf dem Schulhof in die Augen gesprungen. &#160; &#160; &#160;","og_url":"https:\/\/www.gesamtschule-eiserfeld.de\/?p=483","og_site_name":"Gesamtschule Eiserfeld","article_publisher":"https:\/\/www.facebook.com\/GEEiserfeld","article_published_time":"2010-06-06T13:13:00+00:00","article_modified_time":"2012-07-06T13:13:48+00:00","og_image":[{"url":"http:\/\/gesamtschule-eiserfeld.de\/wp-content\/uploads\/2012\/07\/070612_1311_NeueWegean1.jpg","type":"","width":"","height":""}],"author":"dorw","twitter_card":"summary_large_image","twitter_misc":{"Verfasst von":"dorw","Gesch\u00e4tzte Lesezeit":"1\u00a0Minute"},"schema":{"@context":"https:\/\/schema.org","@graph":[{"@type":"Article","@id":"https:\/\/www.gesamtschule-eiserfeld.de\/?p=483#article","isPartOf":{"@id":"https:\/\/www.gesamtschule-eiserfeld.de\/?p=483"},"author":{"name":"dorw","@id":"https:\/\/www.gesamtschule-eiserfeld.de\/#\/schema\/person\/9f37123dd2ff514a1346db435bdb3784"},"headline":"Neue &bdquo;Wege&ldquo; an der Hans-Reinhardt-Schule","datePublished":"2010-06-06T13:13:00+00:00","dateModified":"2012-07-06T13:13:48+00:00","mainEntityOfPage":{"@id":"https:\/\/www.gesamtschule-eiserfeld.de\/?p=483"},"wordCount":256,"publisher":{"@id":"https:\/\/www.gesamtschule-eiserfeld.de\/#organization"},"image":{"@id":"https:\/\/www.gesamtschule-eiserfeld.de\/?p=483#primaryimage"},"thumbnailUrl":"http:\/\/gesamtschule-eiserfeld.de\/wp-content\/uploads\/2012\/07\/070612_1311_NeueWegean1.jpg","articleSection":["Partner"],"inLanguage":"de"},{"@type":"WebPage","@id":"https:\/\/www.gesamtschule-eiserfeld.de\/?p=483","url":"https:\/\/www.gesamtschule-eiserfeld.de\/?p=483","name":"Neue &bdquo;Wege&ldquo; an der Hans-Reinhardt-Schule - Gesamtschule Eiserfeld","isPartOf":{"@id":"https:\/\/www.gesamtschule-eiserfeld.de\/#website"},"primaryImageOfPage":{"@id":"https:\/\/www.gesamtschule-eiserfeld.de\/?p=483#primaryimage"},"image":{"@id":"https:\/\/www.gesamtschule-eiserfeld.de\/?p=483#primaryimage"},"thumbnailUrl":"http:\/\/gesamtschule-eiserfeld.de\/wp-content\/uploads\/2012\/07\/070612_1311_NeueWegean1.jpg","datePublished":"2010-06-06T13:13:00+00:00","dateModified":"2012-07-06T13:13:48+00:00","breadcrumb":{"@id":"https:\/\/www.gesamtschule-eiserfeld.de\/?p=483#breadcrumb"},"inLanguage":"de","potentialAction":[{"@type":"ReadAction","target":["https:\/\/www.gesamtschule-eiserfeld.de\/?p=483"]}]},{"@type":"ImageObject","inLanguage":"de","@id":"https:\/\/www.gesamtschule-eiserfeld.de\/?p=483#primaryimage","url":"http:\/\/gesamtschule-eiserfeld.de\/wp-content\/uploads\/2012\/07\/070612_1311_NeueWegean1.jpg","contentUrl":"http:\/\/gesamtschule-eiserfeld.de\/wp-content\/uploads\/2012\/07\/070612_1311_NeueWegean1.jpg"},{"@type":"BreadcrumbList","@id":"https:\/\/www.gesamtschule-eiserfeld.de\/?p=483#breadcrumb","itemListElement":[{"@type":"ListItem","position":1,"name":"Startseite","item":"https:\/\/www.gesamtschule-eiserfeld.de\/"},{"@type":"ListItem","position":2,"name":"Neue &bdquo;Wege&ldquo; an der Hans-Reinhardt-Schule"}]},{"@type":"WebSite","@id":"https:\/\/www.gesamtschule-eiserfeld.de\/#website","url":"https:\/\/www.gesamtschule-eiserfeld.de\/","name":"Gesamtschule Eiserfeld","description":"","publisher":{"@id":"https:\/\/www.gesamtschule-eiserfeld.de\/#organization"},"potentialAction":[{"@type":"SearchAction","target":{"@type":"EntryPoint","urlTemplate":"https:\/\/www.gesamtschule-eiserfeld.de\/?s={search_term_string}"},"query-input":{"@type":"PropertyValueSpecification","valueRequired":true,"valueName":"search_term_string"}}],"inLanguage":"de"},{"@type":"Organization","@id":"https:\/\/www.gesamtschule-eiserfeld.de\/#organization","name":"Gesamtschule Eiserfeld","url":"https:\/\/www.gesamtschule-eiserfeld.de\/","logo":{"@type":"ImageObject","inLanguage":"de","@id":"https:\/\/www.gesamtschule-eiserfeld.de\/#\/schema\/logo\/image\/","url":"https:\/\/i1.wp.com\/www.gesamtschule-eiserfeld.de\/wp-content\/uploads\/2019\/01\/GEE-Logo-neu.jpg?fit=436%2C126&ssl=1","contentUrl":"https:\/\/i1.wp.com\/www.gesamtschule-eiserfeld.de\/wp-content\/uploads\/2019\/01\/GEE-Logo-neu.jpg?fit=436%2C126&ssl=1","width":436,"height":126,"caption":"Gesamtschule Eiserfeld"},"image":{"@id":"https:\/\/www.gesamtschule-eiserfeld.de\/#\/schema\/logo\/image\/"},"sameAs":["https:\/\/www.facebook.com\/GEEiserfeld"]},{"@type":"Person","@id":"https:\/\/www.gesamtschule-eiserfeld.de\/#\/schema\/person\/9f37123dd2ff514a1346db435bdb3784","name":"dorw","sameAs":["http:\/\/www.ge-eiserfeld.de"],"url":"https:\/\/www.gesamtschule-eiserfeld.de\/?author=9"}]}},"jetpack_publicize_connections":[],"jetpack_featured_media_url":"","jetpack_shortlink":"https:\/\/wp.me\/p2weeL-7N","jetpack_sharing_enabled":true,"_links":{"self":[{"href":"https:\/\/www.gesamtschule-eiserfeld.de\/index.php?rest_route=\/wp\/v2\/posts\/483","targetHints":{"allow":["GET"]}}],"collection":[{"href":"https:\/\/www.gesamtschule-eiserfeld.de\/index.php?rest_route=\/wp\/v2\/posts"}],"about":[{"href":"https:\/\/www.gesamtschule-eiserfeld.de\/index.php?rest_route=\/wp\/v2\/types\/post"}],"author":[{"embeddable":true,"href":"https:\/\/www.gesamtschule-eiserfeld.de\/index.php?rest_route=\/wp\/v2\/users\/9"}],"replies":[{"embeddable":true,"href":"https:\/\/www.gesamtschule-eiserfeld.de\/index.php?rest_route=%2Fwp%2Fv2%2Fcomments&post=483"}],"version-history":[{"count":0,"href":"https:\/\/www.gesamtschule-eiserfeld.de\/index.php?rest_route=\/wp\/v2\/posts\/483\/revisions"}],"wp:attachment":[{"href":"https:\/\/www.gesamtschule-eiserfeld.de\/index.php?rest_route=%2Fwp%2Fv2%2Fmedia&parent=483"}],"wp:term":[{"taxonomy":"category","embeddable":true,"href":"https:\/\/www.gesamtschule-eiserfeld.de\/index.php?rest_route=%2Fwp%2Fv2%2Fcategories&post=483"},{"taxonomy":"post_tag","embeddable":true,"href":"https:\/\/www.gesamtschule-eiserfeld.de\/index.php?rest_route=%2Fwp%2Fv2%2Ftags&post=483"}],"curies":[{"name":"wp","href":"https:\/\/api.w.org\/{rel}","templated":true}]}}