{"id":5391,"date":"2015-08-05T21:15:53","date_gmt":"2015-08-05T20:15:53","guid":{"rendered":"http:\/\/ge-eiserfeld.de\/?p=5391"},"modified":"2015-08-06T08:59:36","modified_gmt":"2015-08-06T07:59:36","slug":"invasion-oder-lehrerausflug","status":"publish","type":"post","link":"https:\/\/www.gesamtschule-eiserfeld.de\/?p=5391","title":{"rendered":"INVASION ODER LEHRERAUSFLUG?"},"content":{"rendered":"<p align=\"justify\"><a href=\"https:\/\/i0.wp.com\/gesamtschule-eiserfeld.de\/wp-content\/uploads\/2015\/08\/image.png\"><img data-recalc-dims=\"1\" loading=\"lazy\" decoding=\"async\" style=\"background-image: none; float: left; padding-top: 0px; padding-left: 0px; margin: 0px 9px 0px 0px; display: inline; padding-right: 0px; border: 0px;\" title=\"image\" src=\"https:\/\/i0.wp.com\/gesamtschule-eiserfeld.de\/wp-content\/uploads\/2015\/08\/image_thumb.png?resize=352%2C202\" alt=\"image\" width=\"352\" height=\"202\" align=\"left\" border=\"0\" \/><\/a>(2015-08-04, J\u00dcNG) Weder \u2026 noch! Lediglich der \u00fcbliche Start unseres Kollegiums eine Woche vor Schuljahresbeginn. Sichtlich erholt und vor allem gut gelaunt hat das \u00fcber 90-k\u00f6pfige Kollegium das neue (Zweit-)Domizil am Hengsberg einen ganzen Arbeitstag lang in Augenschein und damit langsam in Besitz genommen.<\/p>\n<p align=\"justify\">Wer bekommt welche Klasse? Wo und wie gestalten wir das Lehrerzimmer, das Sekreatariat usw. Wie sehen die Ganztagsr\u00e4ume aus? Was bieten die weitgehend leeren und wirklich sehr ger\u00e4umigen Speicher f\u00fcr M\u00f6glichkeiten? Wie komme ich an meinen Schl\u00fcssel? Wo kann ich parken? \u2026? \u2026? \u2026?<\/p>\n<p><!--more--><\/p>\n<p align=\"justify\">Viele Fragen, die nat\u00fcrlich schon lange vor den Ferien im gesamten Schuljahr immer wieder besprochen <a href=\"https:\/\/i0.wp.com\/gesamtschule-eiserfeld.de\/wp-content\/uploads\/2015\/08\/image1.png\"><img data-recalc-dims=\"1\" loading=\"lazy\" decoding=\"async\" style=\"background-image: none; float: right; padding-top: 0px; padding-left: 0px; margin: 0px 0px 0px 9px; display: inline; padding-right: 0px; border: 0px;\" title=\"image\" src=\"https:\/\/i0.wp.com\/gesamtschule-eiserfeld.de\/wp-content\/uploads\/2015\/08\/image_thumb1.png?resize=322%2C183\" alt=\"image\" width=\"322\" height=\"183\" align=\"right\" border=\"0\" \/><\/a>wurden und theoretisch gekl\u00e4rt worden sind, aber eben nur von au\u00dfen. Erstmals konnten <u>alle<\/u> KollegInnen den neuen Teilstandort am Hengsberg intensiv kennenlernen. Wir sind und bleiben selbstverst\u00e4ndlich <span style=\"background-color: #ffff00;\"><strong><u>EINE<\/u><\/strong><\/span> Schule!!<\/p>\n<p align=\"justify\">Das muss alles so sein, denn kommenden Mittwoch geht es gleich voll los! Uschi Guntermann, unsere stellvertretende Schulleiterin, hat den wirklich komplizierten Stundenplan bereits weitgehend und mit Bravour erstellt. Die Fahrpl\u00e4ne der VWS bzw. BRS liegen vor, das Pausenraster der Schule \u00e4ndert sich kaum. (Wird noch ins Netz gestellt!).<\/p>\n<p align=\"justify\">Auch die Stadt Siegen hat <a href=\"https:\/\/i0.wp.com\/gesamtschule-eiserfeld.de\/wp-content\/uploads\/2015\/08\/image2.png\"><img data-recalc-dims=\"1\" loading=\"lazy\" decoding=\"async\" style=\"background-image: none; float: left; padding-top: 0px; padding-left: 0px; margin: 0px 9px 0px 0px; display: inline; padding-right: 0px; border: 0px;\" title=\"image\" src=\"https:\/\/i0.wp.com\/gesamtschule-eiserfeld.de\/wp-content\/uploads\/2015\/08\/image_thumb2.png?resize=281%2C159\" alt=\"image\" width=\"281\" height=\"159\" align=\"left\" border=\"0\" \/><\/a>viele Vorarbeiten in k\u00fcrzester Zeit erledigt. Unsere Architektin Marianne Gerhardus hat es sogar geschafft, alle notwendigen baulichen Vorarbeiten zum Betrieb der Mensa mit Ablauf dieser Woche zu beenden. Am Mittwoch gibt\u00b4s das erste Probeessen des neuen Anbieters (F\u00f6rderband)! Tolle Leistung!<\/p>\n<p align=\"justify\">Man kann die vielen H\u00e4nde, die mitgewirkt haben, dass unser Projekt \u201cHengsberg\u201d jetzt \u201canrollen\u201d kann, gar nicht alle aufz\u00e4hlen. Letztlich zeigt sich, dass dort, wo ein gemeinsamer\u00a0 Wille ist, auch immer ein f\u00fcr alle vern\u00fcnftig gangbarer Weg gefunden werden kann. Vielen Dank!<\/p>\n<p align=\"justify\">Zahlreiche Vorarbeiten sind erledigt, etliches ist zumindest in Angriff genommen. Wir k\u00f6nnen somit am kommenden Mittwoch bzw. Donnerstag (f\u00fcr die neuen 5er) ganz planm\u00e4\u00dfig mit dem regul\u00e4ren Schulbetrieb starten.<\/p>\n<p align=\"justify\">Jetzt liegt es an der GEE, also an uns, im sch\u00f6nen neuen Geb\u00e4ude am Hengsberg auch gewohnt solide p\u00e4dagogische Arbeit zu leisten. Die tolle Aussicht wird uns dabei sicherlich befl\u00fcgeln!<\/p>\n<p align=\"justify\"><a href=\"https:\/\/i0.wp.com\/gesamtschule-eiserfeld.de\/wp-content\/uploads\/2015\/08\/image3.png\"><img data-recalc-dims=\"1\" loading=\"lazy\" decoding=\"async\" style=\"background-image: none; float: none; padding-top: 0px; padding-left: 0px; margin-left: auto; display: block; padding-right: 0px; margin-right: auto; border: 0px;\" title=\"image\" src=\"https:\/\/i0.wp.com\/gesamtschule-eiserfeld.de\/wp-content\/uploads\/2015\/08\/image_thumb3.png?resize=474%2C266\" alt=\"image\" width=\"474\" height=\"266\" border=\"0\" \/><\/a><\/p>\n","protected":false},"excerpt":{"rendered":"<p>(2015-08-04, J\u00dcNG) Weder \u2026 noch! Lediglich der \u00fcbliche Start unseres Kollegiums eine Woche vor Schuljahresbeginn. Sichtlich erholt und vor allem gut gelaunt hat das \u00fcber 90-k\u00f6pfige Kollegium das neue (Zweit-)Domizil am Hengsberg einen ganzen Arbeitstag lang in Augenschein und damit langsam in Besitz genommen. Wer bekommt welche Klasse? Wo und wie gestalten wir das Lehrerzimmer, &hellip; <a href=\"https:\/\/www.gesamtschule-eiserfeld.de\/?p=5391\" class=\"more-link\"><span class=\"screen-reader-text\">INVASION ODER LEHRERAUSFLUG?<\/span> weiterlesen <span class=\"meta-nav\">&rarr;<\/span><\/a><\/p>\n","protected":false},"author":9,"featured_media":0,"comment_status":"closed","ping_status":"open","sticky":false,"template":"","format":"standard","meta":{"jetpack_post_was_ever_published":false,"_jetpack_newsletter_access":"","_jetpack_dont_email_post_to_subs":false,"_jetpack_newsletter_tier_id":0,"_jetpack_memberships_contains_paywalled_content":false,"_jetpack_memberships_contains_paid_content":false,"footnotes":"","jetpack_publicize_message":"","jetpack_publicize_feature_enabled":true,"jetpack_social_post_already_shared":false,"jetpack_social_options":{"image_generator_settings":{"template":"highway","default_image_id":0,"font":"","enabled":false},"version":2}},"categories":[1,67,64,34],"tags":[],"class_list":["post-5391","post","type-post","status-publish","format-standard","hentry","category-allgemein","category-gebaeude-am-hengsberg","category-gee","category-jg-56"],"yoast_head":"<!-- This site is optimized with the Yoast SEO plugin v27.4 - https:\/\/yoast.com\/product\/yoast-seo-wordpress\/ -->\n<title>INVASION ODER LEHRERAUSFLUG? - Gesamtschule Eiserfeld<\/title>\n<meta name=\"robots\" content=\"index, follow, max-snippet:-1, max-image-preview:large, max-video-preview:-1\" \/>\n<link rel=\"canonical\" href=\"https:\/\/www.gesamtschule-eiserfeld.de\/?p=5391\" \/>\n<meta property=\"og:locale\" content=\"de_DE\" \/>\n<meta property=\"og:type\" content=\"article\" \/>\n<meta property=\"og:title\" content=\"INVASION ODER LEHRERAUSFLUG? - Gesamtschule Eiserfeld\" \/>\n<meta property=\"og:description\" content=\"(2015-08-04, J\u00dcNG) Weder \u2026 noch! Lediglich der \u00fcbliche Start unseres Kollegiums eine Woche vor Schuljahresbeginn. Sichtlich erholt und vor allem gut gelaunt hat das \u00fcber 90-k\u00f6pfige Kollegium das neue (Zweit-)Domizil am Hengsberg einen ganzen Arbeitstag lang in Augenschein und damit langsam in Besitz genommen. Wer bekommt welche Klasse? Wo und wie gestalten wir das Lehrerzimmer, &hellip; INVASION ODER LEHRERAUSFLUG? weiterlesen &rarr;\" \/>\n<meta property=\"og:url\" content=\"https:\/\/www.gesamtschule-eiserfeld.de\/?p=5391\" \/>\n<meta property=\"og:site_name\" content=\"Gesamtschule Eiserfeld\" \/>\n<meta property=\"article:publisher\" content=\"https:\/\/www.facebook.com\/GEEiserfeld\" \/>\n<meta property=\"article:published_time\" content=\"2015-08-05T20:15:53+00:00\" \/>\n<meta property=\"article:modified_time\" content=\"2015-08-06T07:59:36+00:00\" \/>\n<meta property=\"og:image\" content=\"http:\/\/gesamtschule-eiserfeld.de\/wp-content\/uploads\/2015\/08\/image_thumb.png\" \/>\n<meta name=\"author\" content=\"dorw\" \/>\n<meta name=\"twitter:card\" content=\"summary_large_image\" \/>\n<meta name=\"twitter:label1\" content=\"Verfasst von\" \/>\n\t<meta name=\"twitter:data1\" content=\"dorw\" \/>\n\t<meta name=\"twitter:label2\" content=\"Gesch\u00e4tzte Lesezeit\" \/>\n\t<meta name=\"twitter:data2\" content=\"2\u00a0Minuten\" \/>\n<script type=\"application\/ld+json\" class=\"yoast-schema-graph\">{\"@context\":\"https:\\\/\\\/schema.org\",\"@graph\":[{\"@type\":\"Article\",\"@id\":\"https:\\\/\\\/www.gesamtschule-eiserfeld.de\\\/?p=5391#article\",\"isPartOf\":{\"@id\":\"https:\\\/\\\/www.gesamtschule-eiserfeld.de\\\/?p=5391\"},\"author\":{\"name\":\"dorw\",\"@id\":\"https:\\\/\\\/www.gesamtschule-eiserfeld.de\\\/#\\\/schema\\\/person\\\/9f37123dd2ff514a1346db435bdb3784\"},\"headline\":\"INVASION ODER LEHRERAUSFLUG?\",\"datePublished\":\"2015-08-05T20:15:53+00:00\",\"dateModified\":\"2015-08-06T07:59:36+00:00\",\"mainEntityOfPage\":{\"@id\":\"https:\\\/\\\/www.gesamtschule-eiserfeld.de\\\/?p=5391\"},\"wordCount\":355,\"publisher\":{\"@id\":\"https:\\\/\\\/www.gesamtschule-eiserfeld.de\\\/#organization\"},\"image\":{\"@id\":\"https:\\\/\\\/www.gesamtschule-eiserfeld.de\\\/?p=5391#primaryimage\"},\"thumbnailUrl\":\"http:\\\/\\\/gesamtschule-eiserfeld.de\\\/wp-content\\\/uploads\\\/2015\\\/08\\\/image_thumb.png\",\"articleSection\":{\"1\":\"Geb\u00e4ude am Hengsberg\",\"2\":\"GEE\",\"3\":\"Jg 5\\\/6\"},\"inLanguage\":\"de\"},{\"@type\":\"WebPage\",\"@id\":\"https:\\\/\\\/www.gesamtschule-eiserfeld.de\\\/?p=5391\",\"url\":\"https:\\\/\\\/www.gesamtschule-eiserfeld.de\\\/?p=5391\",\"name\":\"INVASION ODER LEHRERAUSFLUG? - Gesamtschule Eiserfeld\",\"isPartOf\":{\"@id\":\"https:\\\/\\\/www.gesamtschule-eiserfeld.de\\\/#website\"},\"primaryImageOfPage\":{\"@id\":\"https:\\\/\\\/www.gesamtschule-eiserfeld.de\\\/?p=5391#primaryimage\"},\"image\":{\"@id\":\"https:\\\/\\\/www.gesamtschule-eiserfeld.de\\\/?p=5391#primaryimage\"},\"thumbnailUrl\":\"http:\\\/\\\/gesamtschule-eiserfeld.de\\\/wp-content\\\/uploads\\\/2015\\\/08\\\/image_thumb.png\",\"datePublished\":\"2015-08-05T20:15:53+00:00\",\"dateModified\":\"2015-08-06T07:59:36+00:00\",\"breadcrumb\":{\"@id\":\"https:\\\/\\\/www.gesamtschule-eiserfeld.de\\\/?p=5391#breadcrumb\"},\"inLanguage\":\"de\",\"potentialAction\":[{\"@type\":\"ReadAction\",\"target\":[\"https:\\\/\\\/www.gesamtschule-eiserfeld.de\\\/?p=5391\"]}]},{\"@type\":\"ImageObject\",\"inLanguage\":\"de\",\"@id\":\"https:\\\/\\\/www.gesamtschule-eiserfeld.de\\\/?p=5391#primaryimage\",\"url\":\"http:\\\/\\\/gesamtschule-eiserfeld.de\\\/wp-content\\\/uploads\\\/2015\\\/08\\\/image_thumb.png\",\"contentUrl\":\"http:\\\/\\\/gesamtschule-eiserfeld.de\\\/wp-content\\\/uploads\\\/2015\\\/08\\\/image_thumb.png\"},{\"@type\":\"BreadcrumbList\",\"@id\":\"https:\\\/\\\/www.gesamtschule-eiserfeld.de\\\/?p=5391#breadcrumb\",\"itemListElement\":[{\"@type\":\"ListItem\",\"position\":1,\"name\":\"Startseite\",\"item\":\"https:\\\/\\\/www.gesamtschule-eiserfeld.de\\\/\"},{\"@type\":\"ListItem\",\"position\":2,\"name\":\"INVASION ODER LEHRERAUSFLUG?\"}]},{\"@type\":\"WebSite\",\"@id\":\"https:\\\/\\\/www.gesamtschule-eiserfeld.de\\\/#website\",\"url\":\"https:\\\/\\\/www.gesamtschule-eiserfeld.de\\\/\",\"name\":\"Gesamtschule Eiserfeld\",\"description\":\"\",\"publisher\":{\"@id\":\"https:\\\/\\\/www.gesamtschule-eiserfeld.de\\\/#organization\"},\"potentialAction\":[{\"@type\":\"SearchAction\",\"target\":{\"@type\":\"EntryPoint\",\"urlTemplate\":\"https:\\\/\\\/www.gesamtschule-eiserfeld.de\\\/?s={search_term_string}\"},\"query-input\":{\"@type\":\"PropertyValueSpecification\",\"valueRequired\":true,\"valueName\":\"search_term_string\"}}],\"inLanguage\":\"de\"},{\"@type\":\"Organization\",\"@id\":\"https:\\\/\\\/www.gesamtschule-eiserfeld.de\\\/#organization\",\"name\":\"Gesamtschule Eiserfeld\",\"url\":\"https:\\\/\\\/www.gesamtschule-eiserfeld.de\\\/\",\"logo\":{\"@type\":\"ImageObject\",\"inLanguage\":\"de\",\"@id\":\"https:\\\/\\\/www.gesamtschule-eiserfeld.de\\\/#\\\/schema\\\/logo\\\/image\\\/\",\"url\":\"https:\\\/\\\/i1.wp.com\\\/www.gesamtschule-eiserfeld.de\\\/wp-content\\\/uploads\\\/2019\\\/01\\\/GEE-Logo-neu.jpg?fit=436%2C126&ssl=1\",\"contentUrl\":\"https:\\\/\\\/i1.wp.com\\\/www.gesamtschule-eiserfeld.de\\\/wp-content\\\/uploads\\\/2019\\\/01\\\/GEE-Logo-neu.jpg?fit=436%2C126&ssl=1\",\"width\":436,\"height\":126,\"caption\":\"Gesamtschule Eiserfeld\"},\"image\":{\"@id\":\"https:\\\/\\\/www.gesamtschule-eiserfeld.de\\\/#\\\/schema\\\/logo\\\/image\\\/\"},\"sameAs\":[\"https:\\\/\\\/www.facebook.com\\\/GEEiserfeld\"]},{\"@type\":\"Person\",\"@id\":\"https:\\\/\\\/www.gesamtschule-eiserfeld.de\\\/#\\\/schema\\\/person\\\/9f37123dd2ff514a1346db435bdb3784\",\"name\":\"dorw\",\"sameAs\":[\"http:\\\/\\\/www.ge-eiserfeld.de\"],\"url\":\"https:\\\/\\\/www.gesamtschule-eiserfeld.de\\\/?author=9\"}]}<\/script>\n<!-- \/ Yoast SEO plugin. -->","yoast_head_json":{"title":"INVASION ODER LEHRERAUSFLUG? - Gesamtschule Eiserfeld","robots":{"index":"index","follow":"follow","max-snippet":"max-snippet:-1","max-image-preview":"max-image-preview:large","max-video-preview":"max-video-preview:-1"},"canonical":"https:\/\/www.gesamtschule-eiserfeld.de\/?p=5391","og_locale":"de_DE","og_type":"article","og_title":"INVASION ODER LEHRERAUSFLUG? - Gesamtschule Eiserfeld","og_description":"(2015-08-04, J\u00dcNG) Weder \u2026 noch! Lediglich der \u00fcbliche Start unseres Kollegiums eine Woche vor Schuljahresbeginn. Sichtlich erholt und vor allem gut gelaunt hat das \u00fcber 90-k\u00f6pfige Kollegium das neue (Zweit-)Domizil am Hengsberg einen ganzen Arbeitstag lang in Augenschein und damit langsam in Besitz genommen. Wer bekommt welche Klasse? Wo und wie gestalten wir das Lehrerzimmer, &hellip; INVASION ODER LEHRERAUSFLUG? weiterlesen &rarr;","og_url":"https:\/\/www.gesamtschule-eiserfeld.de\/?p=5391","og_site_name":"Gesamtschule Eiserfeld","article_publisher":"https:\/\/www.facebook.com\/GEEiserfeld","article_published_time":"2015-08-05T20:15:53+00:00","article_modified_time":"2015-08-06T07:59:36+00:00","og_image":[{"url":"http:\/\/gesamtschule-eiserfeld.de\/wp-content\/uploads\/2015\/08\/image_thumb.png","type":"","width":"","height":""}],"author":"dorw","twitter_card":"summary_large_image","twitter_misc":{"Verfasst von":"dorw","Gesch\u00e4tzte Lesezeit":"2\u00a0Minuten"},"schema":{"@context":"https:\/\/schema.org","@graph":[{"@type":"Article","@id":"https:\/\/www.gesamtschule-eiserfeld.de\/?p=5391#article","isPartOf":{"@id":"https:\/\/www.gesamtschule-eiserfeld.de\/?p=5391"},"author":{"name":"dorw","@id":"https:\/\/www.gesamtschule-eiserfeld.de\/#\/schema\/person\/9f37123dd2ff514a1346db435bdb3784"},"headline":"INVASION ODER LEHRERAUSFLUG?","datePublished":"2015-08-05T20:15:53+00:00","dateModified":"2015-08-06T07:59:36+00:00","mainEntityOfPage":{"@id":"https:\/\/www.gesamtschule-eiserfeld.de\/?p=5391"},"wordCount":355,"publisher":{"@id":"https:\/\/www.gesamtschule-eiserfeld.de\/#organization"},"image":{"@id":"https:\/\/www.gesamtschule-eiserfeld.de\/?p=5391#primaryimage"},"thumbnailUrl":"http:\/\/gesamtschule-eiserfeld.de\/wp-content\/uploads\/2015\/08\/image_thumb.png","articleSection":{"1":"Geb\u00e4ude am Hengsberg","2":"GEE","3":"Jg 5\/6"},"inLanguage":"de"},{"@type":"WebPage","@id":"https:\/\/www.gesamtschule-eiserfeld.de\/?p=5391","url":"https:\/\/www.gesamtschule-eiserfeld.de\/?p=5391","name":"INVASION ODER LEHRERAUSFLUG? - Gesamtschule Eiserfeld","isPartOf":{"@id":"https:\/\/www.gesamtschule-eiserfeld.de\/#website"},"primaryImageOfPage":{"@id":"https:\/\/www.gesamtschule-eiserfeld.de\/?p=5391#primaryimage"},"image":{"@id":"https:\/\/www.gesamtschule-eiserfeld.de\/?p=5391#primaryimage"},"thumbnailUrl":"http:\/\/gesamtschule-eiserfeld.de\/wp-content\/uploads\/2015\/08\/image_thumb.png","datePublished":"2015-08-05T20:15:53+00:00","dateModified":"2015-08-06T07:59:36+00:00","breadcrumb":{"@id":"https:\/\/www.gesamtschule-eiserfeld.de\/?p=5391#breadcrumb"},"inLanguage":"de","potentialAction":[{"@type":"ReadAction","target":["https:\/\/www.gesamtschule-eiserfeld.de\/?p=5391"]}]},{"@type":"ImageObject","inLanguage":"de","@id":"https:\/\/www.gesamtschule-eiserfeld.de\/?p=5391#primaryimage","url":"http:\/\/gesamtschule-eiserfeld.de\/wp-content\/uploads\/2015\/08\/image_thumb.png","contentUrl":"http:\/\/gesamtschule-eiserfeld.de\/wp-content\/uploads\/2015\/08\/image_thumb.png"},{"@type":"BreadcrumbList","@id":"https:\/\/www.gesamtschule-eiserfeld.de\/?p=5391#breadcrumb","itemListElement":[{"@type":"ListItem","position":1,"name":"Startseite","item":"https:\/\/www.gesamtschule-eiserfeld.de\/"},{"@type":"ListItem","position":2,"name":"INVASION ODER LEHRERAUSFLUG?"}]},{"@type":"WebSite","@id":"https:\/\/www.gesamtschule-eiserfeld.de\/#website","url":"https:\/\/www.gesamtschule-eiserfeld.de\/","name":"Gesamtschule Eiserfeld","description":"","publisher":{"@id":"https:\/\/www.gesamtschule-eiserfeld.de\/#organization"},"potentialAction":[{"@type":"SearchAction","target":{"@type":"EntryPoint","urlTemplate":"https:\/\/www.gesamtschule-eiserfeld.de\/?s={search_term_string}"},"query-input":{"@type":"PropertyValueSpecification","valueRequired":true,"valueName":"search_term_string"}}],"inLanguage":"de"},{"@type":"Organization","@id":"https:\/\/www.gesamtschule-eiserfeld.de\/#organization","name":"Gesamtschule Eiserfeld","url":"https:\/\/www.gesamtschule-eiserfeld.de\/","logo":{"@type":"ImageObject","inLanguage":"de","@id":"https:\/\/www.gesamtschule-eiserfeld.de\/#\/schema\/logo\/image\/","url":"https:\/\/i1.wp.com\/www.gesamtschule-eiserfeld.de\/wp-content\/uploads\/2019\/01\/GEE-Logo-neu.jpg?fit=436%2C126&ssl=1","contentUrl":"https:\/\/i1.wp.com\/www.gesamtschule-eiserfeld.de\/wp-content\/uploads\/2019\/01\/GEE-Logo-neu.jpg?fit=436%2C126&ssl=1","width":436,"height":126,"caption":"Gesamtschule Eiserfeld"},"image":{"@id":"https:\/\/www.gesamtschule-eiserfeld.de\/#\/schema\/logo\/image\/"},"sameAs":["https:\/\/www.facebook.com\/GEEiserfeld"]},{"@type":"Person","@id":"https:\/\/www.gesamtschule-eiserfeld.de\/#\/schema\/person\/9f37123dd2ff514a1346db435bdb3784","name":"dorw","sameAs":["http:\/\/www.ge-eiserfeld.de"],"url":"https:\/\/www.gesamtschule-eiserfeld.de\/?author=9"}]}},"jetpack_publicize_connections":[],"jetpack_featured_media_url":"","jetpack_shortlink":"https:\/\/wp.me\/p2weeL-1oX","jetpack_sharing_enabled":true,"_links":{"self":[{"href":"https:\/\/www.gesamtschule-eiserfeld.de\/index.php?rest_route=\/wp\/v2\/posts\/5391","targetHints":{"allow":["GET"]}}],"collection":[{"href":"https:\/\/www.gesamtschule-eiserfeld.de\/index.php?rest_route=\/wp\/v2\/posts"}],"about":[{"href":"https:\/\/www.gesamtschule-eiserfeld.de\/index.php?rest_route=\/wp\/v2\/types\/post"}],"author":[{"embeddable":true,"href":"https:\/\/www.gesamtschule-eiserfeld.de\/index.php?rest_route=\/wp\/v2\/users\/9"}],"replies":[{"embeddable":true,"href":"https:\/\/www.gesamtschule-eiserfeld.de\/index.php?rest_route=%2Fwp%2Fv2%2Fcomments&post=5391"}],"version-history":[{"count":0,"href":"https:\/\/www.gesamtschule-eiserfeld.de\/index.php?rest_route=\/wp\/v2\/posts\/5391\/revisions"}],"wp:attachment":[{"href":"https:\/\/www.gesamtschule-eiserfeld.de\/index.php?rest_route=%2Fwp%2Fv2%2Fmedia&parent=5391"}],"wp:term":[{"taxonomy":"category","embeddable":true,"href":"https:\/\/www.gesamtschule-eiserfeld.de\/index.php?rest_route=%2Fwp%2Fv2%2Fcategories&post=5391"},{"taxonomy":"post_tag","embeddable":true,"href":"https:\/\/www.gesamtschule-eiserfeld.de\/index.php?rest_route=%2Fwp%2Fv2%2Ftags&post=5391"}],"curies":[{"name":"wp","href":"https:\/\/api.w.org\/{rel}","templated":true}]}}