{"id":5421,"date":"2015-08-12T18:30:22","date_gmt":"2015-08-12T17:30:22","guid":{"rendered":"http:\/\/ge-eiserfeld.de\/?p=5421"},"modified":"2015-08-12T18:31:29","modified_gmt":"2015-08-12T17:31:29","slug":"exkursion-des-biologie-grundkurses-der-q1","status":"publish","type":"post","link":"https:\/\/www.gesamtschule-eiserfeld.de\/?p=5421","title":{"rendered":"Exkursion des Biologie Grundkurses der Q1"},"content":{"rendered":"<h3> 8 Jahre nach Kyrill \u2013 wie hat sich unser Wald entwickelt?<\/h3>\n<p align=\"justify\"><img data-recalc-dims=\"1\" loading=\"lazy\" decoding=\"async\" title=\"image\" style=\"border-left-width: 0px; border-right-width: 0px; background-image: none; border-bottom-width: 0px; float: left; padding-top: 0px; padding-left: 0px; margin: 0px 10px 0px 0px; display: inline; padding-right: 0px; border-top-width: 0px\" border=\"0\" alt=\"image\" src=\"https:\/\/i0.wp.com\/gesamtschule-eiserfeld.de\/wp-content\/uploads\/2015\/08\/image8.png?resize=240%2C180\" width=\"240\" align=\"left\" height=\"180\">(judi\/ julius). Der Ein oder Andere erinnert sich sicher noch an den 18. Januar 2007: Orkanwarnungen, Alarmstufe rot und geschlossene Schulen am Morgen. Abends war schon abzusehen, dass Kyrill auch in unseren W\u00e4ldern verheerenden Schaden angerichtet hatte, dessen \u00f6kologische Folgen uns heute noch besch\u00e4ftigen.&nbsp; <br \/>So auch die Sch\u00fcler des Biologiekurses der Q1, die mit ihrer Fachlehrerin Steffi Thome auf ihrer Exkursion in den Staatswald Fellinghausen erfahren wollten, wie sich der Wald und sein \u00d6kosystem nach so einer dramatischen Dezimierung wie im Gebiet des Staatlichen Forsthauses Hohenroth sukzessiv entwickelt. <\/p>\n<p><!--more--><\/p>\n<p align=\"justify\">Hier sollte Wissenswertes aus dem Pilotprojekt zur Wiederbewaldung den Sch\u00fclern Antworten auf ihre Fragen geben. Revierf\u00f6rster Matthias Vollpracht begleitete die Sch\u00fcler fachkundig an ihrem Exkursionstag und zeigte ihnen Areale, die vom Forstamt kontrolliert und bepflanzt wurden. Teils, um die Stabilit\u00e4t zu erh\u00f6hen und vor neuen St\u00fcrmen zu sch\u00fctzen, teils, um den Wald sch\u00f6ner und auch wirtschaftlich ertragreicher zu machen.<br \/>Andere Waldst\u00fccke wurden allerdings ganz dem nat\u00fcrlichen Verlauf \u00fcberlassen. Die Sch\u00fcler durchwanderten beide Arten der Gebiete und der Unterschied in der Bewaldung war deutlich f\u00fcr sie zu erkennen.&nbsp;&nbsp;&nbsp; <br \/>Einige Theorien aus dem Unterricht best\u00e4tigten sich somit f\u00fcr die Sch\u00fcler und neue Erkenntnisse wurden hinzugewonnen. \u201eEs machte Spa\u00df, mit dem F\u00f6rster zu fachsimpeln\u201c, fand Julius Schumann und verbuchte wie viele andere den Ausflug zum Thema Wiederbewaldung als vollen Erfolg. <\/p>\n","protected":false},"excerpt":{"rendered":"<p>8 Jahre nach Kyrill \u2013 wie hat sich unser Wald entwickelt? (judi\/ julius). Der Ein oder Andere erinnert sich sicher noch an den 18. Januar 2007: Orkanwarnungen, Alarmstufe rot und geschlossene Schulen am Morgen. Abends war schon abzusehen, dass Kyrill auch in unseren W\u00e4ldern verheerenden Schaden angerichtet hatte, dessen \u00f6kologische Folgen uns heute noch besch\u00e4ftigen.&nbsp; &hellip; <a href=\"https:\/\/www.gesamtschule-eiserfeld.de\/?p=5421\" class=\"more-link\"><span class=\"screen-reader-text\">Exkursion des Biologie Grundkurses der Q1<\/span> weiterlesen <span class=\"meta-nav\">&rarr;<\/span><\/a><\/p>\n","protected":false},"author":9,"featured_media":0,"comment_status":"closed","ping_status":"open","sticky":false,"template":"","format":"standard","meta":{"jetpack_post_was_ever_published":false,"_jetpack_newsletter_access":"","_jetpack_dont_email_post_to_subs":false,"_jetpack_newsletter_tier_id":0,"_jetpack_memberships_contains_paywalled_content":false,"_jetpack_memberships_contains_paid_content":false,"footnotes":"","jetpack_publicize_message":"","jetpack_publicize_feature_enabled":true,"jetpack_social_post_already_shared":true,"jetpack_social_options":{"image_generator_settings":{"template":"highway","default_image_id":0,"font":"","enabled":false},"version":2}},"categories":[18,10,26],"tags":[],"class_list":["post-5421","post","type-post","status-publish","format-standard","hentry","category-exkursion","category-projekte","category-sekundarstufe-ii"],"yoast_head":"<!-- This site is optimized with the Yoast SEO plugin v27.4 - https:\/\/yoast.com\/product\/yoast-seo-wordpress\/ -->\n<title>Exkursion des Biologie Grundkurses der Q1 - Gesamtschule Eiserfeld<\/title>\n<meta name=\"robots\" content=\"index, follow, max-snippet:-1, max-image-preview:large, max-video-preview:-1\" \/>\n<link rel=\"canonical\" href=\"https:\/\/www.gesamtschule-eiserfeld.de\/?p=5421\" \/>\n<meta property=\"og:locale\" content=\"de_DE\" \/>\n<meta property=\"og:type\" content=\"article\" \/>\n<meta property=\"og:title\" content=\"Exkursion des Biologie Grundkurses der Q1 - Gesamtschule Eiserfeld\" \/>\n<meta property=\"og:description\" content=\"8 Jahre nach Kyrill \u2013 wie hat sich unser Wald entwickelt? (judi\/ julius). Der Ein oder Andere erinnert sich sicher noch an den 18. Januar 2007: Orkanwarnungen, Alarmstufe rot und geschlossene Schulen am Morgen. Abends war schon abzusehen, dass Kyrill auch in unseren W\u00e4ldern verheerenden Schaden angerichtet hatte, dessen \u00f6kologische Folgen uns heute noch besch\u00e4ftigen.&nbsp; &hellip; Exkursion des Biologie Grundkurses der Q1 weiterlesen &rarr;\" \/>\n<meta property=\"og:url\" content=\"https:\/\/www.gesamtschule-eiserfeld.de\/?p=5421\" \/>\n<meta property=\"og:site_name\" content=\"Gesamtschule Eiserfeld\" \/>\n<meta property=\"article:publisher\" content=\"https:\/\/www.facebook.com\/GEEiserfeld\" \/>\n<meta property=\"article:published_time\" content=\"2015-08-12T17:30:22+00:00\" \/>\n<meta property=\"article:modified_time\" content=\"2015-08-12T17:31:29+00:00\" \/>\n<meta property=\"og:image\" content=\"http:\/\/gesamtschule-eiserfeld.de\/wp-content\/uploads\/2015\/08\/image8.png\" \/>\n<meta name=\"author\" content=\"dorw\" \/>\n<meta name=\"twitter:card\" content=\"summary_large_image\" \/>\n<meta name=\"twitter:label1\" content=\"Verfasst von\" \/>\n\t<meta name=\"twitter:data1\" content=\"dorw\" \/>\n\t<meta name=\"twitter:label2\" content=\"Gesch\u00e4tzte Lesezeit\" \/>\n\t<meta name=\"twitter:data2\" content=\"1\u00a0Minute\" \/>\n<script type=\"application\/ld+json\" class=\"yoast-schema-graph\">{\"@context\":\"https:\\\/\\\/schema.org\",\"@graph\":[{\"@type\":\"Article\",\"@id\":\"https:\\\/\\\/www.gesamtschule-eiserfeld.de\\\/?p=5421#article\",\"isPartOf\":{\"@id\":\"https:\\\/\\\/www.gesamtschule-eiserfeld.de\\\/?p=5421\"},\"author\":{\"name\":\"dorw\",\"@id\":\"https:\\\/\\\/www.gesamtschule-eiserfeld.de\\\/#\\\/schema\\\/person\\\/9f37123dd2ff514a1346db435bdb3784\"},\"headline\":\"Exkursion des Biologie Grundkurses der Q1\",\"datePublished\":\"2015-08-12T17:30:22+00:00\",\"dateModified\":\"2015-08-12T17:31:29+00:00\",\"mainEntityOfPage\":{\"@id\":\"https:\\\/\\\/www.gesamtschule-eiserfeld.de\\\/?p=5421\"},\"wordCount\":251,\"publisher\":{\"@id\":\"https:\\\/\\\/www.gesamtschule-eiserfeld.de\\\/#organization\"},\"image\":{\"@id\":\"https:\\\/\\\/www.gesamtschule-eiserfeld.de\\\/?p=5421#primaryimage\"},\"thumbnailUrl\":\"http:\\\/\\\/gesamtschule-eiserfeld.de\\\/wp-content\\\/uploads\\\/2015\\\/08\\\/image8.png\",\"articleSection\":[\"Exkursion\",\"Projekte\",\"Sekundarstufe II\"],\"inLanguage\":\"de\"},{\"@type\":\"WebPage\",\"@id\":\"https:\\\/\\\/www.gesamtschule-eiserfeld.de\\\/?p=5421\",\"url\":\"https:\\\/\\\/www.gesamtschule-eiserfeld.de\\\/?p=5421\",\"name\":\"Exkursion des Biologie Grundkurses der Q1 - Gesamtschule Eiserfeld\",\"isPartOf\":{\"@id\":\"https:\\\/\\\/www.gesamtschule-eiserfeld.de\\\/#website\"},\"primaryImageOfPage\":{\"@id\":\"https:\\\/\\\/www.gesamtschule-eiserfeld.de\\\/?p=5421#primaryimage\"},\"image\":{\"@id\":\"https:\\\/\\\/www.gesamtschule-eiserfeld.de\\\/?p=5421#primaryimage\"},\"thumbnailUrl\":\"http:\\\/\\\/gesamtschule-eiserfeld.de\\\/wp-content\\\/uploads\\\/2015\\\/08\\\/image8.png\",\"datePublished\":\"2015-08-12T17:30:22+00:00\",\"dateModified\":\"2015-08-12T17:31:29+00:00\",\"breadcrumb\":{\"@id\":\"https:\\\/\\\/www.gesamtschule-eiserfeld.de\\\/?p=5421#breadcrumb\"},\"inLanguage\":\"de\",\"potentialAction\":[{\"@type\":\"ReadAction\",\"target\":[\"https:\\\/\\\/www.gesamtschule-eiserfeld.de\\\/?p=5421\"]}]},{\"@type\":\"ImageObject\",\"inLanguage\":\"de\",\"@id\":\"https:\\\/\\\/www.gesamtschule-eiserfeld.de\\\/?p=5421#primaryimage\",\"url\":\"http:\\\/\\\/gesamtschule-eiserfeld.de\\\/wp-content\\\/uploads\\\/2015\\\/08\\\/image8.png\",\"contentUrl\":\"http:\\\/\\\/gesamtschule-eiserfeld.de\\\/wp-content\\\/uploads\\\/2015\\\/08\\\/image8.png\"},{\"@type\":\"BreadcrumbList\",\"@id\":\"https:\\\/\\\/www.gesamtschule-eiserfeld.de\\\/?p=5421#breadcrumb\",\"itemListElement\":[{\"@type\":\"ListItem\",\"position\":1,\"name\":\"Startseite\",\"item\":\"https:\\\/\\\/www.gesamtschule-eiserfeld.de\\\/\"},{\"@type\":\"ListItem\",\"position\":2,\"name\":\"Exkursion des Biologie Grundkurses der Q1\"}]},{\"@type\":\"WebSite\",\"@id\":\"https:\\\/\\\/www.gesamtschule-eiserfeld.de\\\/#website\",\"url\":\"https:\\\/\\\/www.gesamtschule-eiserfeld.de\\\/\",\"name\":\"Gesamtschule Eiserfeld\",\"description\":\"\",\"publisher\":{\"@id\":\"https:\\\/\\\/www.gesamtschule-eiserfeld.de\\\/#organization\"},\"potentialAction\":[{\"@type\":\"SearchAction\",\"target\":{\"@type\":\"EntryPoint\",\"urlTemplate\":\"https:\\\/\\\/www.gesamtschule-eiserfeld.de\\\/?s={search_term_string}\"},\"query-input\":{\"@type\":\"PropertyValueSpecification\",\"valueRequired\":true,\"valueName\":\"search_term_string\"}}],\"inLanguage\":\"de\"},{\"@type\":\"Organization\",\"@id\":\"https:\\\/\\\/www.gesamtschule-eiserfeld.de\\\/#organization\",\"name\":\"Gesamtschule Eiserfeld\",\"url\":\"https:\\\/\\\/www.gesamtschule-eiserfeld.de\\\/\",\"logo\":{\"@type\":\"ImageObject\",\"inLanguage\":\"de\",\"@id\":\"https:\\\/\\\/www.gesamtschule-eiserfeld.de\\\/#\\\/schema\\\/logo\\\/image\\\/\",\"url\":\"https:\\\/\\\/i1.wp.com\\\/www.gesamtschule-eiserfeld.de\\\/wp-content\\\/uploads\\\/2019\\\/01\\\/GEE-Logo-neu.jpg?fit=436%2C126&ssl=1\",\"contentUrl\":\"https:\\\/\\\/i1.wp.com\\\/www.gesamtschule-eiserfeld.de\\\/wp-content\\\/uploads\\\/2019\\\/01\\\/GEE-Logo-neu.jpg?fit=436%2C126&ssl=1\",\"width\":436,\"height\":126,\"caption\":\"Gesamtschule Eiserfeld\"},\"image\":{\"@id\":\"https:\\\/\\\/www.gesamtschule-eiserfeld.de\\\/#\\\/schema\\\/logo\\\/image\\\/\"},\"sameAs\":[\"https:\\\/\\\/www.facebook.com\\\/GEEiserfeld\"]},{\"@type\":\"Person\",\"@id\":\"https:\\\/\\\/www.gesamtschule-eiserfeld.de\\\/#\\\/schema\\\/person\\\/9f37123dd2ff514a1346db435bdb3784\",\"name\":\"dorw\",\"sameAs\":[\"http:\\\/\\\/www.ge-eiserfeld.de\"],\"url\":\"https:\\\/\\\/www.gesamtschule-eiserfeld.de\\\/?author=9\"}]}<\/script>\n<!-- \/ Yoast SEO plugin. -->","yoast_head_json":{"title":"Exkursion des Biologie Grundkurses der Q1 - Gesamtschule Eiserfeld","robots":{"index":"index","follow":"follow","max-snippet":"max-snippet:-1","max-image-preview":"max-image-preview:large","max-video-preview":"max-video-preview:-1"},"canonical":"https:\/\/www.gesamtschule-eiserfeld.de\/?p=5421","og_locale":"de_DE","og_type":"article","og_title":"Exkursion des Biologie Grundkurses der Q1 - Gesamtschule Eiserfeld","og_description":"8 Jahre nach Kyrill \u2013 wie hat sich unser Wald entwickelt? (judi\/ julius). Der Ein oder Andere erinnert sich sicher noch an den 18. Januar 2007: Orkanwarnungen, Alarmstufe rot und geschlossene Schulen am Morgen. Abends war schon abzusehen, dass Kyrill auch in unseren W\u00e4ldern verheerenden Schaden angerichtet hatte, dessen \u00f6kologische Folgen uns heute noch besch\u00e4ftigen.&nbsp; &hellip; Exkursion des Biologie Grundkurses der Q1 weiterlesen &rarr;","og_url":"https:\/\/www.gesamtschule-eiserfeld.de\/?p=5421","og_site_name":"Gesamtschule Eiserfeld","article_publisher":"https:\/\/www.facebook.com\/GEEiserfeld","article_published_time":"2015-08-12T17:30:22+00:00","article_modified_time":"2015-08-12T17:31:29+00:00","og_image":[{"url":"http:\/\/gesamtschule-eiserfeld.de\/wp-content\/uploads\/2015\/08\/image8.png","type":"","width":"","height":""}],"author":"dorw","twitter_card":"summary_large_image","twitter_misc":{"Verfasst von":"dorw","Gesch\u00e4tzte Lesezeit":"1\u00a0Minute"},"schema":{"@context":"https:\/\/schema.org","@graph":[{"@type":"Article","@id":"https:\/\/www.gesamtschule-eiserfeld.de\/?p=5421#article","isPartOf":{"@id":"https:\/\/www.gesamtschule-eiserfeld.de\/?p=5421"},"author":{"name":"dorw","@id":"https:\/\/www.gesamtschule-eiserfeld.de\/#\/schema\/person\/9f37123dd2ff514a1346db435bdb3784"},"headline":"Exkursion des Biologie Grundkurses der Q1","datePublished":"2015-08-12T17:30:22+00:00","dateModified":"2015-08-12T17:31:29+00:00","mainEntityOfPage":{"@id":"https:\/\/www.gesamtschule-eiserfeld.de\/?p=5421"},"wordCount":251,"publisher":{"@id":"https:\/\/www.gesamtschule-eiserfeld.de\/#organization"},"image":{"@id":"https:\/\/www.gesamtschule-eiserfeld.de\/?p=5421#primaryimage"},"thumbnailUrl":"http:\/\/gesamtschule-eiserfeld.de\/wp-content\/uploads\/2015\/08\/image8.png","articleSection":["Exkursion","Projekte","Sekundarstufe II"],"inLanguage":"de"},{"@type":"WebPage","@id":"https:\/\/www.gesamtschule-eiserfeld.de\/?p=5421","url":"https:\/\/www.gesamtschule-eiserfeld.de\/?p=5421","name":"Exkursion des Biologie Grundkurses der Q1 - Gesamtschule Eiserfeld","isPartOf":{"@id":"https:\/\/www.gesamtschule-eiserfeld.de\/#website"},"primaryImageOfPage":{"@id":"https:\/\/www.gesamtschule-eiserfeld.de\/?p=5421#primaryimage"},"image":{"@id":"https:\/\/www.gesamtschule-eiserfeld.de\/?p=5421#primaryimage"},"thumbnailUrl":"http:\/\/gesamtschule-eiserfeld.de\/wp-content\/uploads\/2015\/08\/image8.png","datePublished":"2015-08-12T17:30:22+00:00","dateModified":"2015-08-12T17:31:29+00:00","breadcrumb":{"@id":"https:\/\/www.gesamtschule-eiserfeld.de\/?p=5421#breadcrumb"},"inLanguage":"de","potentialAction":[{"@type":"ReadAction","target":["https:\/\/www.gesamtschule-eiserfeld.de\/?p=5421"]}]},{"@type":"ImageObject","inLanguage":"de","@id":"https:\/\/www.gesamtschule-eiserfeld.de\/?p=5421#primaryimage","url":"http:\/\/gesamtschule-eiserfeld.de\/wp-content\/uploads\/2015\/08\/image8.png","contentUrl":"http:\/\/gesamtschule-eiserfeld.de\/wp-content\/uploads\/2015\/08\/image8.png"},{"@type":"BreadcrumbList","@id":"https:\/\/www.gesamtschule-eiserfeld.de\/?p=5421#breadcrumb","itemListElement":[{"@type":"ListItem","position":1,"name":"Startseite","item":"https:\/\/www.gesamtschule-eiserfeld.de\/"},{"@type":"ListItem","position":2,"name":"Exkursion des Biologie Grundkurses der Q1"}]},{"@type":"WebSite","@id":"https:\/\/www.gesamtschule-eiserfeld.de\/#website","url":"https:\/\/www.gesamtschule-eiserfeld.de\/","name":"Gesamtschule Eiserfeld","description":"","publisher":{"@id":"https:\/\/www.gesamtschule-eiserfeld.de\/#organization"},"potentialAction":[{"@type":"SearchAction","target":{"@type":"EntryPoint","urlTemplate":"https:\/\/www.gesamtschule-eiserfeld.de\/?s={search_term_string}"},"query-input":{"@type":"PropertyValueSpecification","valueRequired":true,"valueName":"search_term_string"}}],"inLanguage":"de"},{"@type":"Organization","@id":"https:\/\/www.gesamtschule-eiserfeld.de\/#organization","name":"Gesamtschule Eiserfeld","url":"https:\/\/www.gesamtschule-eiserfeld.de\/","logo":{"@type":"ImageObject","inLanguage":"de","@id":"https:\/\/www.gesamtschule-eiserfeld.de\/#\/schema\/logo\/image\/","url":"https:\/\/i1.wp.com\/www.gesamtschule-eiserfeld.de\/wp-content\/uploads\/2019\/01\/GEE-Logo-neu.jpg?fit=436%2C126&ssl=1","contentUrl":"https:\/\/i1.wp.com\/www.gesamtschule-eiserfeld.de\/wp-content\/uploads\/2019\/01\/GEE-Logo-neu.jpg?fit=436%2C126&ssl=1","width":436,"height":126,"caption":"Gesamtschule Eiserfeld"},"image":{"@id":"https:\/\/www.gesamtschule-eiserfeld.de\/#\/schema\/logo\/image\/"},"sameAs":["https:\/\/www.facebook.com\/GEEiserfeld"]},{"@type":"Person","@id":"https:\/\/www.gesamtschule-eiserfeld.de\/#\/schema\/person\/9f37123dd2ff514a1346db435bdb3784","name":"dorw","sameAs":["http:\/\/www.ge-eiserfeld.de"],"url":"https:\/\/www.gesamtschule-eiserfeld.de\/?author=9"}]}},"jetpack_publicize_connections":[],"jetpack_featured_media_url":"","jetpack_shortlink":"https:\/\/wp.me\/p2weeL-1pr","jetpack_sharing_enabled":true,"_links":{"self":[{"href":"https:\/\/www.gesamtschule-eiserfeld.de\/index.php?rest_route=\/wp\/v2\/posts\/5421","targetHints":{"allow":["GET"]}}],"collection":[{"href":"https:\/\/www.gesamtschule-eiserfeld.de\/index.php?rest_route=\/wp\/v2\/posts"}],"about":[{"href":"https:\/\/www.gesamtschule-eiserfeld.de\/index.php?rest_route=\/wp\/v2\/types\/post"}],"author":[{"embeddable":true,"href":"https:\/\/www.gesamtschule-eiserfeld.de\/index.php?rest_route=\/wp\/v2\/users\/9"}],"replies":[{"embeddable":true,"href":"https:\/\/www.gesamtschule-eiserfeld.de\/index.php?rest_route=%2Fwp%2Fv2%2Fcomments&post=5421"}],"version-history":[{"count":0,"href":"https:\/\/www.gesamtschule-eiserfeld.de\/index.php?rest_route=\/wp\/v2\/posts\/5421\/revisions"}],"wp:attachment":[{"href":"https:\/\/www.gesamtschule-eiserfeld.de\/index.php?rest_route=%2Fwp%2Fv2%2Fmedia&parent=5421"}],"wp:term":[{"taxonomy":"category","embeddable":true,"href":"https:\/\/www.gesamtschule-eiserfeld.de\/index.php?rest_route=%2Fwp%2Fv2%2Fcategories&post=5421"},{"taxonomy":"post_tag","embeddable":true,"href":"https:\/\/www.gesamtschule-eiserfeld.de\/index.php?rest_route=%2Fwp%2Fv2%2Ftags&post=5421"}],"curies":[{"name":"wp","href":"https:\/\/api.w.org\/{rel}","templated":true}]}}