{"id":5427,"date":"2015-08-13T20:25:14","date_gmt":"2015-08-13T19:25:14","guid":{"rendered":"http:\/\/ge-eiserfeld.de\/?p=5427"},"modified":"2015-08-14T11:14:41","modified_gmt":"2015-08-14T10:14:41","slug":"kleine-flaeche-grosse-wirkung-gee-weiht-neue-parkstellflaeche-ein","status":"publish","type":"post","link":"https:\/\/www.gesamtschule-eiserfeld.de\/?p=5427","title":{"rendered":"Kleine Fl&auml;che &ndash; gro&szlig;e Wirkung: GEE weiht neue Parkstellfl&auml;che ein"},"content":{"rendered":"<p><em><img data-recalc-dims=\"1\" loading=\"lazy\" decoding=\"async\" data-attachment-id=\"5428\" data-permalink=\"https:\/\/www.gesamtschule-eiserfeld.de\/?attachment_id=5428\" data-orig-file=\"https:\/\/i0.wp.com\/www.gesamtschule-eiserfeld.de\/wp-content\/uploads\/2015\/08\/1.jpg?fit=685%2C454&amp;ssl=1\" data-orig-size=\"685,454\" data-comments-opened=\"0\" data-image-meta=\"{&quot;aperture&quot;:&quot;0&quot;,&quot;credit&quot;:&quot;&quot;,&quot;camera&quot;:&quot;&quot;,&quot;caption&quot;:&quot;&quot;,&quot;created_timestamp&quot;:&quot;0&quot;,&quot;copyright&quot;:&quot;&quot;,&quot;focal_length&quot;:&quot;0&quot;,&quot;iso&quot;:&quot;0&quot;,&quot;shutter_speed&quot;:&quot;0&quot;,&quot;title&quot;:&quot;&quot;,&quot;orientation&quot;:&quot;0&quot;}\" data-image-title=\"1\" data-image-description=\"\" data-image-caption=\"\" data-large-file=\"https:\/\/i0.wp.com\/www.gesamtschule-eiserfeld.de\/wp-content\/uploads\/2015\/08\/1.jpg?fit=474%2C314&amp;ssl=1\" class=\"alignleft size-thumbnail wp-image-5428\" alt=\"1\" src=\"https:\/\/i0.wp.com\/gesamtschule-eiserfeld.de\/wp-content\/uploads\/2015\/08\/1-200x133.jpg?resize=200%2C133\" width=\"200\" height=\"133\" srcset=\"https:\/\/i0.wp.com\/www.gesamtschule-eiserfeld.de\/wp-content\/uploads\/2015\/08\/1.jpg?resize=200%2C133&amp;ssl=1 200w, https:\/\/i0.wp.com\/www.gesamtschule-eiserfeld.de\/wp-content\/uploads\/2015\/08\/1.jpg?resize=300%2C199&amp;ssl=1 300w, https:\/\/i0.wp.com\/www.gesamtschule-eiserfeld.de\/wp-content\/uploads\/2015\/08\/1.jpg?w=685&amp;ssl=1 685w\" sizes=\"auto, (max-width: 200px) 100vw, 200px\" \/>(<font size=\"2\">2015-08-13,<\/font> judi). <\/em>Es h\u00e4tte nicht besser passen k\u00f6nnen: P\u00fcnktlich zu Beginn des neuen Schuljahres weihte die Gesamtschule Eiserfeld eine neue zus\u00e4tzliche Stellfl\u00e4che ihres Parkplatzes in der Talsbachstra\u00dfe ein. Was wie eine kleine Nische wirken mag, ist tats\u00e4chlich ein gro\u00dfer Gewinn f\u00fcr die vielen Lehrer und Sch\u00fcler der Oberstufe, die sich allmorgendlich mit ihrem PKW in den Wettbewerb um einen der begehrten Parkpl\u00e4tze an der GEE begeben.<\/p>\n<p><!--more--><img data-recalc-dims=\"1\" loading=\"lazy\" decoding=\"async\" data-attachment-id=\"5429\" data-permalink=\"https:\/\/www.gesamtschule-eiserfeld.de\/?attachment_id=5429\" data-orig-file=\"https:\/\/i0.wp.com\/www.gesamtschule-eiserfeld.de\/wp-content\/uploads\/2015\/08\/2.jpg?fit=695%2C463&amp;ssl=1\" data-orig-size=\"695,463\" data-comments-opened=\"0\" data-image-meta=\"{&quot;aperture&quot;:&quot;0&quot;,&quot;credit&quot;:&quot;&quot;,&quot;camera&quot;:&quot;&quot;,&quot;caption&quot;:&quot;&quot;,&quot;created_timestamp&quot;:&quot;0&quot;,&quot;copyright&quot;:&quot;&quot;,&quot;focal_length&quot;:&quot;0&quot;,&quot;iso&quot;:&quot;0&quot;,&quot;shutter_speed&quot;:&quot;0&quot;,&quot;title&quot;:&quot;&quot;,&quot;orientation&quot;:&quot;0&quot;}\" data-image-title=\"2\" data-image-description=\"\" data-image-caption=\"\" data-large-file=\"https:\/\/i0.wp.com\/www.gesamtschule-eiserfeld.de\/wp-content\/uploads\/2015\/08\/2.jpg?fit=474%2C316&amp;ssl=1\" class=\"alignright size-thumbnail wp-image-5429\" alt=\"2\" src=\"https:\/\/i0.wp.com\/gesamtschule-eiserfeld.de\/wp-content\/uploads\/2015\/08\/2-200x133.jpg?resize=200%2C133\" width=\"200\" height=\"133\" srcset=\"https:\/\/i0.wp.com\/www.gesamtschule-eiserfeld.de\/wp-content\/uploads\/2015\/08\/2.jpg?resize=200%2C133&amp;ssl=1 200w, https:\/\/i0.wp.com\/www.gesamtschule-eiserfeld.de\/wp-content\/uploads\/2015\/08\/2.jpg?resize=300%2C200&amp;ssl=1 300w, https:\/\/i0.wp.com\/www.gesamtschule-eiserfeld.de\/wp-content\/uploads\/2015\/08\/2.jpg?w=695&amp;ssl=1 695w\" sizes=\"auto, (max-width: 200px) 100vw, 200px\" \/>Ein Areal mit etwa 12 neuen Parkpl\u00e4tzen war nach mehrmonatigen Bauarbeiten im oberen Bereich des Parkplatzes entstan-den. Bei strahlendem Sonnenschein und in launiger Runde er\u00f6ffnete jetzt Stadtr\u00e4tin Babette Bammann diese Parkfl\u00e4che zusammen mit Marianne Gehardus und Andr\u00e9 Hau, Architekten der Stadt Siegen, sowie Andr\u00e9 Schmidt, Fachbereichsleiter f\u00fcr Schule und Soziales. Die Schulleitung der GEE und Sch\u00fcler der Oberstufe verfolgten ebenfalls gespannt, wie das Absperrband durchschnitten und der Platz feierlich seiner Bestimmung \u00fcbergeben wurde.  <\/p>\n<p><img data-recalc-dims=\"1\" loading=\"lazy\" decoding=\"async\" data-attachment-id=\"5430\" data-permalink=\"https:\/\/www.gesamtschule-eiserfeld.de\/?attachment_id=5430\" data-orig-file=\"https:\/\/i0.wp.com\/www.gesamtschule-eiserfeld.de\/wp-content\/uploads\/2015\/08\/3.jpg?fit=674%2C447&amp;ssl=1\" data-orig-size=\"674,447\" data-comments-opened=\"0\" data-image-meta=\"{&quot;aperture&quot;:&quot;0&quot;,&quot;credit&quot;:&quot;&quot;,&quot;camera&quot;:&quot;&quot;,&quot;caption&quot;:&quot;&quot;,&quot;created_timestamp&quot;:&quot;0&quot;,&quot;copyright&quot;:&quot;&quot;,&quot;focal_length&quot;:&quot;0&quot;,&quot;iso&quot;:&quot;0&quot;,&quot;shutter_speed&quot;:&quot;0&quot;,&quot;title&quot;:&quot;&quot;,&quot;orientation&quot;:&quot;0&quot;}\" data-image-title=\"3\" data-image-description=\"\" data-image-caption=\"\" data-large-file=\"https:\/\/i0.wp.com\/www.gesamtschule-eiserfeld.de\/wp-content\/uploads\/2015\/08\/3.jpg?fit=474%2C314&amp;ssl=1\" class=\"alignright size-thumbnail wp-image-5430\" alt=\"3\" src=\"https:\/\/i0.wp.com\/gesamtschule-eiserfeld.de\/wp-content\/uploads\/2015\/08\/3-200x133.jpg?resize=200%2C133\" width=\"200\" height=\"133\" srcset=\"https:\/\/i0.wp.com\/www.gesamtschule-eiserfeld.de\/wp-content\/uploads\/2015\/08\/3.jpg?resize=200%2C133&amp;ssl=1 200w, https:\/\/i0.wp.com\/www.gesamtschule-eiserfeld.de\/wp-content\/uploads\/2015\/08\/3.jpg?resize=300%2C199&amp;ssl=1 300w, https:\/\/i0.wp.com\/www.gesamtschule-eiserfeld.de\/wp-content\/uploads\/2015\/08\/3.jpg?w=674&amp;ssl=1 674w\" sizes=\"auto, (max-width: 200px) 100vw, 200px\" \/>Und wer darf nun seinen PKW auf dem neu gewonnenen Areal abstellen? Das ist tats\u00e4chlich noch nicht ganz ausgekl\u00fcgelt. \u201e<em>Ideal f\u00fcr einen<\/em> <em>Pendlerparkplatz\u201c<\/em>, finden die Einen und \u201e<em>passend f\u00fcr die Schulleitung\u201c <\/em>die Anderen. Man wird sehen, welches salomonische Konzept die GEE dazu findet.<\/p>\n","protected":false},"excerpt":{"rendered":"<p>(2015-08-13, judi). Es h\u00e4tte nicht besser passen k\u00f6nnen: P\u00fcnktlich zu Beginn des neuen Schuljahres weihte die Gesamtschule Eiserfeld eine neue zus\u00e4tzliche Stellfl\u00e4che ihres Parkplatzes in der Talsbachstra\u00dfe ein. Was wie eine kleine Nische wirken mag, ist tats\u00e4chlich ein gro\u00dfer Gewinn f\u00fcr die vielen Lehrer und Sch\u00fcler der Oberstufe, die sich allmorgendlich mit ihrem PKW in &hellip; <a href=\"https:\/\/www.gesamtschule-eiserfeld.de\/?p=5427\" class=\"more-link\"><span class=\"screen-reader-text\">Kleine Fl&auml;che &ndash; gro&szlig;e Wirkung: GEE weiht neue Parkstellfl&auml;che ein<\/span> weiterlesen <span class=\"meta-nav\">&rarr;<\/span><\/a><\/p>\n","protected":false},"author":9,"featured_media":0,"comment_status":"closed","ping_status":"open","sticky":false,"template":"","format":"standard","meta":{"jetpack_post_was_ever_published":false,"_jetpack_newsletter_access":"","_jetpack_dont_email_post_to_subs":false,"_jetpack_newsletter_tier_id":0,"_jetpack_memberships_contains_paywalled_content":false,"_jetpack_memberships_contains_paid_content":false,"footnotes":"","jetpack_publicize_message":"","jetpack_publicize_feature_enabled":true,"jetpack_social_post_already_shared":true,"jetpack_social_options":{"image_generator_settings":{"template":"highway","default_image_id":0,"font":"","enabled":false},"version":2}},"categories":[1],"tags":[],"class_list":["post-5427","post","type-post","status-publish","format-standard","hentry","category-allgemein"],"yoast_head":"<!-- This site is optimized with the Yoast SEO plugin v27.4 - https:\/\/yoast.com\/product\/yoast-seo-wordpress\/ -->\n<title>Kleine Fl&auml;che &ndash; gro&szlig;e Wirkung: GEE weiht neue Parkstellfl&auml;che ein - Gesamtschule Eiserfeld<\/title>\n<meta name=\"robots\" content=\"index, follow, max-snippet:-1, max-image-preview:large, max-video-preview:-1\" \/>\n<link rel=\"canonical\" href=\"https:\/\/www.gesamtschule-eiserfeld.de\/?p=5427\" \/>\n<meta property=\"og:locale\" content=\"de_DE\" \/>\n<meta property=\"og:type\" content=\"article\" \/>\n<meta property=\"og:title\" content=\"Kleine Fl&auml;che &ndash; gro&szlig;e Wirkung: GEE weiht neue Parkstellfl&auml;che ein - Gesamtschule Eiserfeld\" \/>\n<meta property=\"og:description\" content=\"(2015-08-13, judi). Es h\u00e4tte nicht besser passen k\u00f6nnen: P\u00fcnktlich zu Beginn des neuen Schuljahres weihte die Gesamtschule Eiserfeld eine neue zus\u00e4tzliche Stellfl\u00e4che ihres Parkplatzes in der Talsbachstra\u00dfe ein. Was wie eine kleine Nische wirken mag, ist tats\u00e4chlich ein gro\u00dfer Gewinn f\u00fcr die vielen Lehrer und Sch\u00fcler der Oberstufe, die sich allmorgendlich mit ihrem PKW in &hellip; Kleine Fl&auml;che &ndash; gro&szlig;e Wirkung: GEE weiht neue Parkstellfl&auml;che ein weiterlesen &rarr;\" \/>\n<meta property=\"og:url\" content=\"https:\/\/www.gesamtschule-eiserfeld.de\/?p=5427\" \/>\n<meta property=\"og:site_name\" content=\"Gesamtschule Eiserfeld\" \/>\n<meta property=\"article:publisher\" content=\"https:\/\/www.facebook.com\/GEEiserfeld\" \/>\n<meta property=\"article:published_time\" content=\"2015-08-13T19:25:14+00:00\" \/>\n<meta property=\"article:modified_time\" content=\"2015-08-14T10:14:41+00:00\" \/>\n<meta property=\"og:image\" content=\"http:\/\/gesamtschule-eiserfeld.de\/wp-content\/uploads\/2015\/08\/1-200x133.jpg\" \/>\n<meta name=\"author\" content=\"dorw\" \/>\n<meta name=\"twitter:card\" content=\"summary_large_image\" \/>\n<meta name=\"twitter:label1\" content=\"Verfasst von\" \/>\n\t<meta name=\"twitter:data1\" content=\"dorw\" \/>\n\t<meta name=\"twitter:label2\" content=\"Gesch\u00e4tzte Lesezeit\" \/>\n\t<meta name=\"twitter:data2\" content=\"1\u00a0Minute\" \/>\n<script type=\"application\/ld+json\" class=\"yoast-schema-graph\">{\"@context\":\"https:\\\/\\\/schema.org\",\"@graph\":[{\"@type\":\"Article\",\"@id\":\"https:\\\/\\\/www.gesamtschule-eiserfeld.de\\\/?p=5427#article\",\"isPartOf\":{\"@id\":\"https:\\\/\\\/www.gesamtschule-eiserfeld.de\\\/?p=5427\"},\"author\":{\"name\":\"dorw\",\"@id\":\"https:\\\/\\\/www.gesamtschule-eiserfeld.de\\\/#\\\/schema\\\/person\\\/9f37123dd2ff514a1346db435bdb3784\"},\"headline\":\"Kleine Fl&auml;che &ndash; gro&szlig;e Wirkung: GEE weiht neue Parkstellfl&auml;che ein\",\"datePublished\":\"2015-08-13T19:25:14+00:00\",\"dateModified\":\"2015-08-14T10:14:41+00:00\",\"mainEntityOfPage\":{\"@id\":\"https:\\\/\\\/www.gesamtschule-eiserfeld.de\\\/?p=5427\"},\"wordCount\":219,\"publisher\":{\"@id\":\"https:\\\/\\\/www.gesamtschule-eiserfeld.de\\\/#organization\"},\"image\":{\"@id\":\"https:\\\/\\\/www.gesamtschule-eiserfeld.de\\\/?p=5427#primaryimage\"},\"thumbnailUrl\":\"http:\\\/\\\/gesamtschule-eiserfeld.de\\\/wp-content\\\/uploads\\\/2015\\\/08\\\/1-200x133.jpg\",\"inLanguage\":\"de\"},{\"@type\":\"WebPage\",\"@id\":\"https:\\\/\\\/www.gesamtschule-eiserfeld.de\\\/?p=5427\",\"url\":\"https:\\\/\\\/www.gesamtschule-eiserfeld.de\\\/?p=5427\",\"name\":\"Kleine Fl&auml;che &ndash; gro&szlig;e Wirkung: GEE weiht neue Parkstellfl&auml;che ein - Gesamtschule Eiserfeld\",\"isPartOf\":{\"@id\":\"https:\\\/\\\/www.gesamtschule-eiserfeld.de\\\/#website\"},\"primaryImageOfPage\":{\"@id\":\"https:\\\/\\\/www.gesamtschule-eiserfeld.de\\\/?p=5427#primaryimage\"},\"image\":{\"@id\":\"https:\\\/\\\/www.gesamtschule-eiserfeld.de\\\/?p=5427#primaryimage\"},\"thumbnailUrl\":\"http:\\\/\\\/gesamtschule-eiserfeld.de\\\/wp-content\\\/uploads\\\/2015\\\/08\\\/1-200x133.jpg\",\"datePublished\":\"2015-08-13T19:25:14+00:00\",\"dateModified\":\"2015-08-14T10:14:41+00:00\",\"breadcrumb\":{\"@id\":\"https:\\\/\\\/www.gesamtschule-eiserfeld.de\\\/?p=5427#breadcrumb\"},\"inLanguage\":\"de\",\"potentialAction\":[{\"@type\":\"ReadAction\",\"target\":[\"https:\\\/\\\/www.gesamtschule-eiserfeld.de\\\/?p=5427\"]}]},{\"@type\":\"ImageObject\",\"inLanguage\":\"de\",\"@id\":\"https:\\\/\\\/www.gesamtschule-eiserfeld.de\\\/?p=5427#primaryimage\",\"url\":\"http:\\\/\\\/gesamtschule-eiserfeld.de\\\/wp-content\\\/uploads\\\/2015\\\/08\\\/1-200x133.jpg\",\"contentUrl\":\"http:\\\/\\\/gesamtschule-eiserfeld.de\\\/wp-content\\\/uploads\\\/2015\\\/08\\\/1-200x133.jpg\"},{\"@type\":\"BreadcrumbList\",\"@id\":\"https:\\\/\\\/www.gesamtschule-eiserfeld.de\\\/?p=5427#breadcrumb\",\"itemListElement\":[{\"@type\":\"ListItem\",\"position\":1,\"name\":\"Startseite\",\"item\":\"https:\\\/\\\/www.gesamtschule-eiserfeld.de\\\/\"},{\"@type\":\"ListItem\",\"position\":2,\"name\":\"Kleine Fl&auml;che &ndash; gro&szlig;e Wirkung: GEE weiht neue Parkstellfl&auml;che ein\"}]},{\"@type\":\"WebSite\",\"@id\":\"https:\\\/\\\/www.gesamtschule-eiserfeld.de\\\/#website\",\"url\":\"https:\\\/\\\/www.gesamtschule-eiserfeld.de\\\/\",\"name\":\"Gesamtschule Eiserfeld\",\"description\":\"\",\"publisher\":{\"@id\":\"https:\\\/\\\/www.gesamtschule-eiserfeld.de\\\/#organization\"},\"potentialAction\":[{\"@type\":\"SearchAction\",\"target\":{\"@type\":\"EntryPoint\",\"urlTemplate\":\"https:\\\/\\\/www.gesamtschule-eiserfeld.de\\\/?s={search_term_string}\"},\"query-input\":{\"@type\":\"PropertyValueSpecification\",\"valueRequired\":true,\"valueName\":\"search_term_string\"}}],\"inLanguage\":\"de\"},{\"@type\":\"Organization\",\"@id\":\"https:\\\/\\\/www.gesamtschule-eiserfeld.de\\\/#organization\",\"name\":\"Gesamtschule Eiserfeld\",\"url\":\"https:\\\/\\\/www.gesamtschule-eiserfeld.de\\\/\",\"logo\":{\"@type\":\"ImageObject\",\"inLanguage\":\"de\",\"@id\":\"https:\\\/\\\/www.gesamtschule-eiserfeld.de\\\/#\\\/schema\\\/logo\\\/image\\\/\",\"url\":\"https:\\\/\\\/i1.wp.com\\\/www.gesamtschule-eiserfeld.de\\\/wp-content\\\/uploads\\\/2019\\\/01\\\/GEE-Logo-neu.jpg?fit=436%2C126&ssl=1\",\"contentUrl\":\"https:\\\/\\\/i1.wp.com\\\/www.gesamtschule-eiserfeld.de\\\/wp-content\\\/uploads\\\/2019\\\/01\\\/GEE-Logo-neu.jpg?fit=436%2C126&ssl=1\",\"width\":436,\"height\":126,\"caption\":\"Gesamtschule Eiserfeld\"},\"image\":{\"@id\":\"https:\\\/\\\/www.gesamtschule-eiserfeld.de\\\/#\\\/schema\\\/logo\\\/image\\\/\"},\"sameAs\":[\"https:\\\/\\\/www.facebook.com\\\/GEEiserfeld\"]},{\"@type\":\"Person\",\"@id\":\"https:\\\/\\\/www.gesamtschule-eiserfeld.de\\\/#\\\/schema\\\/person\\\/9f37123dd2ff514a1346db435bdb3784\",\"name\":\"dorw\",\"sameAs\":[\"http:\\\/\\\/www.ge-eiserfeld.de\"],\"url\":\"https:\\\/\\\/www.gesamtschule-eiserfeld.de\\\/?author=9\"}]}<\/script>\n<!-- \/ Yoast SEO plugin. -->","yoast_head_json":{"title":"Kleine Fl&auml;che &ndash; gro&szlig;e Wirkung: GEE weiht neue Parkstellfl&auml;che ein - Gesamtschule Eiserfeld","robots":{"index":"index","follow":"follow","max-snippet":"max-snippet:-1","max-image-preview":"max-image-preview:large","max-video-preview":"max-video-preview:-1"},"canonical":"https:\/\/www.gesamtschule-eiserfeld.de\/?p=5427","og_locale":"de_DE","og_type":"article","og_title":"Kleine Fl&auml;che &ndash; gro&szlig;e Wirkung: GEE weiht neue Parkstellfl&auml;che ein - Gesamtschule Eiserfeld","og_description":"(2015-08-13, judi). Es h\u00e4tte nicht besser passen k\u00f6nnen: P\u00fcnktlich zu Beginn des neuen Schuljahres weihte die Gesamtschule Eiserfeld eine neue zus\u00e4tzliche Stellfl\u00e4che ihres Parkplatzes in der Talsbachstra\u00dfe ein. Was wie eine kleine Nische wirken mag, ist tats\u00e4chlich ein gro\u00dfer Gewinn f\u00fcr die vielen Lehrer und Sch\u00fcler der Oberstufe, die sich allmorgendlich mit ihrem PKW in &hellip; Kleine Fl&auml;che &ndash; gro&szlig;e Wirkung: GEE weiht neue Parkstellfl&auml;che ein weiterlesen &rarr;","og_url":"https:\/\/www.gesamtschule-eiserfeld.de\/?p=5427","og_site_name":"Gesamtschule Eiserfeld","article_publisher":"https:\/\/www.facebook.com\/GEEiserfeld","article_published_time":"2015-08-13T19:25:14+00:00","article_modified_time":"2015-08-14T10:14:41+00:00","og_image":[{"url":"http:\/\/gesamtschule-eiserfeld.de\/wp-content\/uploads\/2015\/08\/1-200x133.jpg","type":"","width":"","height":""}],"author":"dorw","twitter_card":"summary_large_image","twitter_misc":{"Verfasst von":"dorw","Gesch\u00e4tzte Lesezeit":"1\u00a0Minute"},"schema":{"@context":"https:\/\/schema.org","@graph":[{"@type":"Article","@id":"https:\/\/www.gesamtschule-eiserfeld.de\/?p=5427#article","isPartOf":{"@id":"https:\/\/www.gesamtschule-eiserfeld.de\/?p=5427"},"author":{"name":"dorw","@id":"https:\/\/www.gesamtschule-eiserfeld.de\/#\/schema\/person\/9f37123dd2ff514a1346db435bdb3784"},"headline":"Kleine Fl&auml;che &ndash; gro&szlig;e Wirkung: GEE weiht neue Parkstellfl&auml;che ein","datePublished":"2015-08-13T19:25:14+00:00","dateModified":"2015-08-14T10:14:41+00:00","mainEntityOfPage":{"@id":"https:\/\/www.gesamtschule-eiserfeld.de\/?p=5427"},"wordCount":219,"publisher":{"@id":"https:\/\/www.gesamtschule-eiserfeld.de\/#organization"},"image":{"@id":"https:\/\/www.gesamtschule-eiserfeld.de\/?p=5427#primaryimage"},"thumbnailUrl":"http:\/\/gesamtschule-eiserfeld.de\/wp-content\/uploads\/2015\/08\/1-200x133.jpg","inLanguage":"de"},{"@type":"WebPage","@id":"https:\/\/www.gesamtschule-eiserfeld.de\/?p=5427","url":"https:\/\/www.gesamtschule-eiserfeld.de\/?p=5427","name":"Kleine Fl&auml;che &ndash; gro&szlig;e Wirkung: GEE weiht neue Parkstellfl&auml;che ein - Gesamtschule Eiserfeld","isPartOf":{"@id":"https:\/\/www.gesamtschule-eiserfeld.de\/#website"},"primaryImageOfPage":{"@id":"https:\/\/www.gesamtschule-eiserfeld.de\/?p=5427#primaryimage"},"image":{"@id":"https:\/\/www.gesamtschule-eiserfeld.de\/?p=5427#primaryimage"},"thumbnailUrl":"http:\/\/gesamtschule-eiserfeld.de\/wp-content\/uploads\/2015\/08\/1-200x133.jpg","datePublished":"2015-08-13T19:25:14+00:00","dateModified":"2015-08-14T10:14:41+00:00","breadcrumb":{"@id":"https:\/\/www.gesamtschule-eiserfeld.de\/?p=5427#breadcrumb"},"inLanguage":"de","potentialAction":[{"@type":"ReadAction","target":["https:\/\/www.gesamtschule-eiserfeld.de\/?p=5427"]}]},{"@type":"ImageObject","inLanguage":"de","@id":"https:\/\/www.gesamtschule-eiserfeld.de\/?p=5427#primaryimage","url":"http:\/\/gesamtschule-eiserfeld.de\/wp-content\/uploads\/2015\/08\/1-200x133.jpg","contentUrl":"http:\/\/gesamtschule-eiserfeld.de\/wp-content\/uploads\/2015\/08\/1-200x133.jpg"},{"@type":"BreadcrumbList","@id":"https:\/\/www.gesamtschule-eiserfeld.de\/?p=5427#breadcrumb","itemListElement":[{"@type":"ListItem","position":1,"name":"Startseite","item":"https:\/\/www.gesamtschule-eiserfeld.de\/"},{"@type":"ListItem","position":2,"name":"Kleine Fl&auml;che &ndash; gro&szlig;e Wirkung: GEE weiht neue Parkstellfl&auml;che ein"}]},{"@type":"WebSite","@id":"https:\/\/www.gesamtschule-eiserfeld.de\/#website","url":"https:\/\/www.gesamtschule-eiserfeld.de\/","name":"Gesamtschule Eiserfeld","description":"","publisher":{"@id":"https:\/\/www.gesamtschule-eiserfeld.de\/#organization"},"potentialAction":[{"@type":"SearchAction","target":{"@type":"EntryPoint","urlTemplate":"https:\/\/www.gesamtschule-eiserfeld.de\/?s={search_term_string}"},"query-input":{"@type":"PropertyValueSpecification","valueRequired":true,"valueName":"search_term_string"}}],"inLanguage":"de"},{"@type":"Organization","@id":"https:\/\/www.gesamtschule-eiserfeld.de\/#organization","name":"Gesamtschule Eiserfeld","url":"https:\/\/www.gesamtschule-eiserfeld.de\/","logo":{"@type":"ImageObject","inLanguage":"de","@id":"https:\/\/www.gesamtschule-eiserfeld.de\/#\/schema\/logo\/image\/","url":"https:\/\/i1.wp.com\/www.gesamtschule-eiserfeld.de\/wp-content\/uploads\/2019\/01\/GEE-Logo-neu.jpg?fit=436%2C126&ssl=1","contentUrl":"https:\/\/i1.wp.com\/www.gesamtschule-eiserfeld.de\/wp-content\/uploads\/2019\/01\/GEE-Logo-neu.jpg?fit=436%2C126&ssl=1","width":436,"height":126,"caption":"Gesamtschule Eiserfeld"},"image":{"@id":"https:\/\/www.gesamtschule-eiserfeld.de\/#\/schema\/logo\/image\/"},"sameAs":["https:\/\/www.facebook.com\/GEEiserfeld"]},{"@type":"Person","@id":"https:\/\/www.gesamtschule-eiserfeld.de\/#\/schema\/person\/9f37123dd2ff514a1346db435bdb3784","name":"dorw","sameAs":["http:\/\/www.ge-eiserfeld.de"],"url":"https:\/\/www.gesamtschule-eiserfeld.de\/?author=9"}]}},"jetpack_publicize_connections":[],"jetpack_featured_media_url":"","jetpack_shortlink":"https:\/\/wp.me\/p2weeL-1px","jetpack_sharing_enabled":true,"_links":{"self":[{"href":"https:\/\/www.gesamtschule-eiserfeld.de\/index.php?rest_route=\/wp\/v2\/posts\/5427","targetHints":{"allow":["GET"]}}],"collection":[{"href":"https:\/\/www.gesamtschule-eiserfeld.de\/index.php?rest_route=\/wp\/v2\/posts"}],"about":[{"href":"https:\/\/www.gesamtschule-eiserfeld.de\/index.php?rest_route=\/wp\/v2\/types\/post"}],"author":[{"embeddable":true,"href":"https:\/\/www.gesamtschule-eiserfeld.de\/index.php?rest_route=\/wp\/v2\/users\/9"}],"replies":[{"embeddable":true,"href":"https:\/\/www.gesamtschule-eiserfeld.de\/index.php?rest_route=%2Fwp%2Fv2%2Fcomments&post=5427"}],"version-history":[{"count":0,"href":"https:\/\/www.gesamtschule-eiserfeld.de\/index.php?rest_route=\/wp\/v2\/posts\/5427\/revisions"}],"wp:attachment":[{"href":"https:\/\/www.gesamtschule-eiserfeld.de\/index.php?rest_route=%2Fwp%2Fv2%2Fmedia&parent=5427"}],"wp:term":[{"taxonomy":"category","embeddable":true,"href":"https:\/\/www.gesamtschule-eiserfeld.de\/index.php?rest_route=%2Fwp%2Fv2%2Fcategories&post=5427"},{"taxonomy":"post_tag","embeddable":true,"href":"https:\/\/www.gesamtschule-eiserfeld.de\/index.php?rest_route=%2Fwp%2Fv2%2Ftags&post=5427"}],"curies":[{"name":"wp","href":"https:\/\/api.w.org\/{rel}","templated":true}]}}