{"id":5479,"date":"2015-08-17T19:16:34","date_gmt":"2015-08-17T18:16:34","guid":{"rendered":"http:\/\/ge-eiserfeld.de\/?p=5479"},"modified":"2017-09-02T20:36:23","modified_gmt":"2017-09-02T19:36:23","slug":"einschulung-der-neuen-5er-gemeinsam-neu-anfangen","status":"publish","type":"post","link":"https:\/\/www.gesamtschule-eiserfeld.de\/?p=5479","title":{"rendered":"Einschulung der neuen 5er: Gemeinsam neu anfangen"},"content":{"rendered":"<p align=\"justify\"><img data-recalc-dims=\"1\" loading=\"lazy\" decoding=\"async\" title=\"image\" style=\"border-left-width: 0px; border-right-width: 0px; background-image: none; border-bottom-width: 0px; float: left; padding-top: 0px; padding-left: 0px; margin: 6px 7px 0px 0px; display: inline; padding-right: 0px; border-top-width: 0px\" border=\"0\" alt=\"image\" src=\"https:\/\/i0.wp.com\/gesamtschule-eiserfeld.de\/wp-content\/uploads\/2015\/08\/image26.png?resize=203%2C135\" width=\"203\" align=\"left\" height=\"135\"><\/p>\n<p align=\"justify\">[2015-07-15 JUDI] Aufregung, Anspannung und Vorfreude \u2013 diese Mischung versp\u00fcrten zum Schulbeginn wohl Eltern, neue 5er und ihre Lehrer gleicherma\u00dfen. Diesmal ging es f\u00fcr alle Beteiligten ja nicht nur um die feierliche Einschulung, sondern auch um den Einzug in die neuen R\u00e4umlichkeiten der GEE im Geb\u00e4ude am Hengsberg und den damit verbundenen Ver\u00e4nderungen.<\/p>\n<p align=\"justify\">Schon bei den Vorplanungen im letzten Schuljahr war klar, dass die traditionellen Bausteine unserer Einschulungsfeier nat\u00fcrlich beibehalten werden sollten. So begann der Tag f\u00fcr die neuen F\u00fcnfer mit dem Gottesdienst in der Trinitatiskirche in Eiserfeld. \u201e<i>Zeig uns, was in dir steckt\u201c <\/i>\u2013 und ein gezeichneter Adler mit ausgebreiteten Schwingen bildeten das Motto der diesj\u00e4hrigen Einschulung. Sch\u00fcler des 7. Jahrgangs verdeutlichten, was es mit dem Adler und den Federn aus Papier auf sich hatte, die sie an alle neuen F\u00fcnfer verteilten: Jeder F\u00fcnftkl\u00e4ssler soll auf seine Feder seine St\u00e4rke, die er einbringen will, notieren und am Adler befestigen. Auch Pfarrerin Silke van Doorn, Schulreferentin beim evangelischen Kirchenkreis Siegen, griff feinf\u00fchlig den Gedanken der gemeinsamen St\u00e4rke auf.<\/p>\n<div align=\"justify\"><!--more--><\/div>\n<p align=\"justify\"><img data-recalc-dims=\"1\" loading=\"lazy\" decoding=\"async\" title=\"image\" style=\"border-left-width: 0px; border-right-width: 0px; background-image: none; border-bottom-width: 0px; padding-top: 0px; padding-left: 0px; margin: 0px 10px 0px 0px; display: inline; padding-right: 0px; border-top-width: 0px\" border=\"0\" alt=\"image\" src=\"https:\/\/i0.wp.com\/gesamtschule-eiserfeld.de\/wp-content\/uploads\/2015\/08\/image21.png?resize=474%2C142\" width=\"474\" height=\"142\"><\/p>\n<p align=\"justify\">Nach der anschlie\u00dfenden Einschulungsfeier in der Aula der GEE ging es zu Fu\u00df erstmalig in die neuen Klassenr\u00e4ume am <i>Hengsberg<\/i>. Etliche kleine Schritte f\u00fcr die Kinder \u2013 und ein gro\u00dfer Schritt f\u00fcr die Schule! Mit dem Einzug in das Zweitgeb\u00e4ude am Hengsberg will die GEE langfristig auf F\u00fcnfz\u00fcgigkeit aufstocken und mehr Sch\u00fclern die Aufnahme an unserer Gesamtschule erm\u00f6glichen. In ihren Reden zur offiziellen Einweihung setzten Stadtr\u00e4tin Babette Bammann und Schulleiter Werner J\u00fcngst dann auch auf die nachhaltige Erweiterung der Schule und bekr\u00e4ftigten, dass sich gerade die Schulform Gesamtschule ungebrochen gro\u00dfer Nachfrage erfreue.<\/p>\n<p align=\"justify\"><img data-recalc-dims=\"1\" loading=\"lazy\" decoding=\"async\" title=\"image\" style=\"border-left-width: 0px; border-right-width: 0px; background-image: none; border-bottom-width: 0px; padding-top: 0px; padding-left: 0px; margin: 0px 10px 0px 0px; display: inline; padding-right: 0px; border-top-width: 0px\" border=\"0\" alt=\"image\" src=\"https:\/\/i0.wp.com\/gesamtschule-eiserfeld.de\/wp-content\/uploads\/2015\/08\/image22.png?resize=474%2C147\" width=\"474\" height=\"147\"><\/p>\n<p align=\"justify\">Da die \u201eW<i>inds of change\u201c<\/i> schon l\u00e4nger in der regionalen Bildungspolitik zu sp\u00fcren sind, dies zeigte Stadtr\u00e4tin Bammann in ihren Worten auch noch einmal auf, hat das Kollegium der GEE versucht, sich auf diese Ver\u00e4nderung einzustellen. In den letzten Wochen trugen viele H\u00e4nde unter anderem dazu bei, dass am Hengsberg rechtzeitig zu Schulbeginn eine Mensa an den Start gehen konnte, die ihr Essen vom katholischen Jugendwerk F\u00f6rderband bezieht.<\/p>\n<p align=\"justify\"><img data-recalc-dims=\"1\" loading=\"lazy\" decoding=\"async\" title=\"image\" style=\"border-left-width: 0px; border-right-width: 0px; background-image: none; border-bottom-width: 0px; padding-top: 0px; padding-left: 0px; margin: 0px 10px 0px 0px; display: inline; padding-right: 0px; border-top-width: 0px\" border=\"0\" alt=\"image\" src=\"https:\/\/i0.wp.com\/gesamtschule-eiserfeld.de\/wp-content\/uploads\/2015\/08\/image23.png?resize=474%2C154\" width=\"474\" height=\"154\"><\/p>\n<p align=\"justify\">Nat\u00fcrlich bleibt noch das Ein oder Andere zu tun am neuen zweiten Standort der GEE und der Mut zu neuen Ideen wird gerade die Anfangszeit pr\u00e4gen. Doch gleichsam mit den 150 Luftballons, die die F\u00fcnftkl\u00e4ssler am Ende ihres ersten Schultages in die Luft steigen lie\u00dfen, breitete sich auf dem Schulhofgel\u00e4nde am Hengsberg unter Eltern, Lehrern und Sch\u00fclern eine gute Stimmung und ein Hauch Pioniergeist aus. Wir w\u00fcnschen allen Sch\u00fclern und Lehrern einen erfolgreichen Neubeginn!<\/p>\n<p align=\"justify\">Weitere Bilder:<\/p>\n<p align=\"justify\">\n<p align=\"justify\">\n<p align=\"justify\">\n<p align=\"justify\"><img data-recalc-dims=\"1\" loading=\"lazy\" decoding=\"async\" title=\"image\" style=\"border-left-width: 0px; border-right-width: 0px; background-image: none; border-bottom-width: 0px; padding-top: 0px; padding-left: 0px; margin: 0px 10px 0px 0px; display: inline; padding-right: 0px; border-top-width: 0px\" border=\"0\" alt=\"image\" src=\"https:\/\/i0.wp.com\/gesamtschule-eiserfeld.de\/wp-content\/uploads\/2015\/08\/image24.png?resize=240%2C149\" width=\"240\" height=\"149\"><\/p>\n<p align=\"justify\"><img data-recalc-dims=\"1\" loading=\"lazy\" decoding=\"async\" title=\"image\" style=\"border-left-width: 0px; border-right-width: 0px; background-image: none; border-bottom-width: 0px; padding-top: 0px; padding-left: 0px; margin: 0px 10px 0px 0px; display: inline; padding-right: 0px; border-top-width: 0px\" border=\"0\" alt=\"image\" src=\"https:\/\/i0.wp.com\/gesamtschule-eiserfeld.de\/wp-content\/uploads\/2015\/08\/image25.png?resize=240%2C176\" width=\"240\" height=\"176\"><\/p>\n<p align=\"justify\"><img data-recalc-dims=\"1\" loading=\"lazy\" decoding=\"async\" title=\"image\" style=\"border-left-width: 0px; border-right-width: 0px; background-image: none; border-bottom-width: 0px; padding-top: 0px; padding-left: 0px; margin: 0px 10px 0px 0px; display: inline; padding-right: 0px; border-top-width: 0px\" border=\"0\" alt=\"image\" src=\"https:\/\/i0.wp.com\/gesamtschule-eiserfeld.de\/wp-content\/uploads\/2015\/08\/image27.png?resize=204%2C135\" width=\"204\" height=\"135\"><\/p>\n<p align=\"justify\"><img data-recalc-dims=\"1\" loading=\"lazy\" decoding=\"async\" title=\"image\" style=\"border-left-width: 0px; border-right-width: 0px; background-image: none; border-bottom-width: 0px; padding-top: 0px; padding-left: 0px; margin: 0px 10px 0px 0px; display: inline; padding-right: 0px; border-top-width: 0px\" border=\"0\" alt=\"image\" src=\"https:\/\/i0.wp.com\/gesamtschule-eiserfeld.de\/wp-content\/uploads\/2015\/08\/image28.png?resize=203%2C135\" width=\"203\" height=\"135\"><\/p>\n","protected":false},"excerpt":{"rendered":"<p>[2015-07-15 JUDI] Aufregung, Anspannung und Vorfreude \u2013 diese Mischung versp\u00fcrten zum Schulbeginn wohl Eltern, neue 5er und ihre Lehrer gleicherma\u00dfen. Diesmal ging es f\u00fcr alle Beteiligten ja nicht nur um die feierliche Einschulung, sondern auch um den Einzug in die neuen R\u00e4umlichkeiten der GEE im Geb\u00e4ude am Hengsberg und den damit verbundenen Ver\u00e4nderungen. Schon bei &hellip; <a href=\"https:\/\/www.gesamtschule-eiserfeld.de\/?p=5479\" class=\"more-link\"><span class=\"screen-reader-text\">Einschulung der neuen 5er: Gemeinsam neu anfangen<\/span> weiterlesen <span class=\"meta-nav\">&rarr;<\/span><\/a><\/p>\n","protected":false},"author":9,"featured_media":0,"comment_status":"closed","ping_status":"open","sticky":false,"template":"","format":"standard","meta":{"jetpack_post_was_ever_published":false,"_jetpack_newsletter_access":"","_jetpack_dont_email_post_to_subs":false,"_jetpack_newsletter_tier_id":0,"_jetpack_memberships_contains_paywalled_content":false,"_jetpack_memberships_contains_paid_content":false,"footnotes":"","jetpack_publicize_message":"","jetpack_publicize_feature_enabled":true,"jetpack_social_post_already_shared":true,"jetpack_social_options":{"image_generator_settings":{"template":"highway","default_image_id":0,"font":"","enabled":false},"version":2}},"categories":[100,71,67,34],"tags":[],"class_list":["post-5479","post","type-post","status-publish","format-standard","hentry","category-feiern","category-ganztag","category-gebaeude-am-hengsberg","category-jg-56"],"yoast_head":"<!-- This site is optimized with the Yoast SEO plugin v27.4 - https:\/\/yoast.com\/product\/yoast-seo-wordpress\/ -->\n<title>Einschulung der neuen 5er: Gemeinsam neu anfangen - Gesamtschule Eiserfeld<\/title>\n<meta name=\"robots\" content=\"index, follow, max-snippet:-1, max-image-preview:large, max-video-preview:-1\" \/>\n<link rel=\"canonical\" href=\"https:\/\/www.gesamtschule-eiserfeld.de\/?p=5479\" \/>\n<meta property=\"og:locale\" content=\"de_DE\" \/>\n<meta property=\"og:type\" content=\"article\" \/>\n<meta property=\"og:title\" content=\"Einschulung der neuen 5er: Gemeinsam neu anfangen - Gesamtschule Eiserfeld\" \/>\n<meta property=\"og:description\" content=\"[2015-07-15 JUDI] Aufregung, Anspannung und Vorfreude \u2013 diese Mischung versp\u00fcrten zum Schulbeginn wohl Eltern, neue 5er und ihre Lehrer gleicherma\u00dfen. Diesmal ging es f\u00fcr alle Beteiligten ja nicht nur um die feierliche Einschulung, sondern auch um den Einzug in die neuen R\u00e4umlichkeiten der GEE im Geb\u00e4ude am Hengsberg und den damit verbundenen Ver\u00e4nderungen. Schon bei &hellip; Einschulung der neuen 5er: Gemeinsam neu anfangen weiterlesen &rarr;\" \/>\n<meta property=\"og:url\" content=\"https:\/\/www.gesamtschule-eiserfeld.de\/?p=5479\" \/>\n<meta property=\"og:site_name\" content=\"Gesamtschule Eiserfeld\" \/>\n<meta property=\"article:publisher\" content=\"https:\/\/www.facebook.com\/GEEiserfeld\" \/>\n<meta property=\"article:published_time\" content=\"2015-08-17T18:16:34+00:00\" \/>\n<meta property=\"article:modified_time\" content=\"2017-09-02T19:36:23+00:00\" \/>\n<meta property=\"og:image\" content=\"http:\/\/gesamtschule-eiserfeld.de\/wp-content\/uploads\/2015\/08\/image26.png\" \/>\n<meta name=\"author\" content=\"dorw\" \/>\n<meta name=\"twitter:card\" content=\"summary_large_image\" \/>\n<meta name=\"twitter:label1\" content=\"Verfasst von\" \/>\n\t<meta name=\"twitter:data1\" content=\"dorw\" \/>\n\t<meta name=\"twitter:label2\" content=\"Gesch\u00e4tzte Lesezeit\" \/>\n\t<meta name=\"twitter:data2\" content=\"2\u00a0Minuten\" \/>\n<script type=\"application\/ld+json\" class=\"yoast-schema-graph\">{\"@context\":\"https:\\\/\\\/schema.org\",\"@graph\":[{\"@type\":\"Article\",\"@id\":\"https:\\\/\\\/www.gesamtschule-eiserfeld.de\\\/?p=5479#article\",\"isPartOf\":{\"@id\":\"https:\\\/\\\/www.gesamtschule-eiserfeld.de\\\/?p=5479\"},\"author\":{\"name\":\"dorw\",\"@id\":\"https:\\\/\\\/www.gesamtschule-eiserfeld.de\\\/#\\\/schema\\\/person\\\/9f37123dd2ff514a1346db435bdb3784\"},\"headline\":\"Einschulung der neuen 5er: Gemeinsam neu anfangen\",\"datePublished\":\"2015-08-17T18:16:34+00:00\",\"dateModified\":\"2017-09-02T19:36:23+00:00\",\"mainEntityOfPage\":{\"@id\":\"https:\\\/\\\/www.gesamtschule-eiserfeld.de\\\/?p=5479\"},\"wordCount\":453,\"publisher\":{\"@id\":\"https:\\\/\\\/www.gesamtschule-eiserfeld.de\\\/#organization\"},\"image\":{\"@id\":\"https:\\\/\\\/www.gesamtschule-eiserfeld.de\\\/?p=5479#primaryimage\"},\"thumbnailUrl\":\"http:\\\/\\\/gesamtschule-eiserfeld.de\\\/wp-content\\\/uploads\\\/2015\\\/08\\\/image26.png\",\"articleSection\":[\"FEIERN\",\"GANZTAG\",\"Geb\u00e4ude am Hengsberg\",\"Jg 5\\\/6\"],\"inLanguage\":\"de\"},{\"@type\":\"WebPage\",\"@id\":\"https:\\\/\\\/www.gesamtschule-eiserfeld.de\\\/?p=5479\",\"url\":\"https:\\\/\\\/www.gesamtschule-eiserfeld.de\\\/?p=5479\",\"name\":\"Einschulung der neuen 5er: Gemeinsam neu anfangen - Gesamtschule Eiserfeld\",\"isPartOf\":{\"@id\":\"https:\\\/\\\/www.gesamtschule-eiserfeld.de\\\/#website\"},\"primaryImageOfPage\":{\"@id\":\"https:\\\/\\\/www.gesamtschule-eiserfeld.de\\\/?p=5479#primaryimage\"},\"image\":{\"@id\":\"https:\\\/\\\/www.gesamtschule-eiserfeld.de\\\/?p=5479#primaryimage\"},\"thumbnailUrl\":\"http:\\\/\\\/gesamtschule-eiserfeld.de\\\/wp-content\\\/uploads\\\/2015\\\/08\\\/image26.png\",\"datePublished\":\"2015-08-17T18:16:34+00:00\",\"dateModified\":\"2017-09-02T19:36:23+00:00\",\"breadcrumb\":{\"@id\":\"https:\\\/\\\/www.gesamtschule-eiserfeld.de\\\/?p=5479#breadcrumb\"},\"inLanguage\":\"de\",\"potentialAction\":[{\"@type\":\"ReadAction\",\"target\":[\"https:\\\/\\\/www.gesamtschule-eiserfeld.de\\\/?p=5479\"]}]},{\"@type\":\"ImageObject\",\"inLanguage\":\"de\",\"@id\":\"https:\\\/\\\/www.gesamtschule-eiserfeld.de\\\/?p=5479#primaryimage\",\"url\":\"http:\\\/\\\/gesamtschule-eiserfeld.de\\\/wp-content\\\/uploads\\\/2015\\\/08\\\/image26.png\",\"contentUrl\":\"http:\\\/\\\/gesamtschule-eiserfeld.de\\\/wp-content\\\/uploads\\\/2015\\\/08\\\/image26.png\"},{\"@type\":\"BreadcrumbList\",\"@id\":\"https:\\\/\\\/www.gesamtschule-eiserfeld.de\\\/?p=5479#breadcrumb\",\"itemListElement\":[{\"@type\":\"ListItem\",\"position\":1,\"name\":\"Startseite\",\"item\":\"https:\\\/\\\/www.gesamtschule-eiserfeld.de\\\/\"},{\"@type\":\"ListItem\",\"position\":2,\"name\":\"Einschulung der neuen 5er: Gemeinsam neu anfangen\"}]},{\"@type\":\"WebSite\",\"@id\":\"https:\\\/\\\/www.gesamtschule-eiserfeld.de\\\/#website\",\"url\":\"https:\\\/\\\/www.gesamtschule-eiserfeld.de\\\/\",\"name\":\"Gesamtschule Eiserfeld\",\"description\":\"\",\"publisher\":{\"@id\":\"https:\\\/\\\/www.gesamtschule-eiserfeld.de\\\/#organization\"},\"potentialAction\":[{\"@type\":\"SearchAction\",\"target\":{\"@type\":\"EntryPoint\",\"urlTemplate\":\"https:\\\/\\\/www.gesamtschule-eiserfeld.de\\\/?s={search_term_string}\"},\"query-input\":{\"@type\":\"PropertyValueSpecification\",\"valueRequired\":true,\"valueName\":\"search_term_string\"}}],\"inLanguage\":\"de\"},{\"@type\":\"Organization\",\"@id\":\"https:\\\/\\\/www.gesamtschule-eiserfeld.de\\\/#organization\",\"name\":\"Gesamtschule Eiserfeld\",\"url\":\"https:\\\/\\\/www.gesamtschule-eiserfeld.de\\\/\",\"logo\":{\"@type\":\"ImageObject\",\"inLanguage\":\"de\",\"@id\":\"https:\\\/\\\/www.gesamtschule-eiserfeld.de\\\/#\\\/schema\\\/logo\\\/image\\\/\",\"url\":\"https:\\\/\\\/i1.wp.com\\\/www.gesamtschule-eiserfeld.de\\\/wp-content\\\/uploads\\\/2019\\\/01\\\/GEE-Logo-neu.jpg?fit=436%2C126&ssl=1\",\"contentUrl\":\"https:\\\/\\\/i1.wp.com\\\/www.gesamtschule-eiserfeld.de\\\/wp-content\\\/uploads\\\/2019\\\/01\\\/GEE-Logo-neu.jpg?fit=436%2C126&ssl=1\",\"width\":436,\"height\":126,\"caption\":\"Gesamtschule Eiserfeld\"},\"image\":{\"@id\":\"https:\\\/\\\/www.gesamtschule-eiserfeld.de\\\/#\\\/schema\\\/logo\\\/image\\\/\"},\"sameAs\":[\"https:\\\/\\\/www.facebook.com\\\/GEEiserfeld\"]},{\"@type\":\"Person\",\"@id\":\"https:\\\/\\\/www.gesamtschule-eiserfeld.de\\\/#\\\/schema\\\/person\\\/9f37123dd2ff514a1346db435bdb3784\",\"name\":\"dorw\",\"sameAs\":[\"http:\\\/\\\/www.ge-eiserfeld.de\"],\"url\":\"https:\\\/\\\/www.gesamtschule-eiserfeld.de\\\/?author=9\"}]}<\/script>\n<!-- \/ Yoast SEO plugin. -->","yoast_head_json":{"title":"Einschulung der neuen 5er: Gemeinsam neu anfangen - Gesamtschule Eiserfeld","robots":{"index":"index","follow":"follow","max-snippet":"max-snippet:-1","max-image-preview":"max-image-preview:large","max-video-preview":"max-video-preview:-1"},"canonical":"https:\/\/www.gesamtschule-eiserfeld.de\/?p=5479","og_locale":"de_DE","og_type":"article","og_title":"Einschulung der neuen 5er: Gemeinsam neu anfangen - Gesamtschule Eiserfeld","og_description":"[2015-07-15 JUDI] Aufregung, Anspannung und Vorfreude \u2013 diese Mischung versp\u00fcrten zum Schulbeginn wohl Eltern, neue 5er und ihre Lehrer gleicherma\u00dfen. Diesmal ging es f\u00fcr alle Beteiligten ja nicht nur um die feierliche Einschulung, sondern auch um den Einzug in die neuen R\u00e4umlichkeiten der GEE im Geb\u00e4ude am Hengsberg und den damit verbundenen Ver\u00e4nderungen. Schon bei &hellip; Einschulung der neuen 5er: Gemeinsam neu anfangen weiterlesen &rarr;","og_url":"https:\/\/www.gesamtschule-eiserfeld.de\/?p=5479","og_site_name":"Gesamtschule Eiserfeld","article_publisher":"https:\/\/www.facebook.com\/GEEiserfeld","article_published_time":"2015-08-17T18:16:34+00:00","article_modified_time":"2017-09-02T19:36:23+00:00","og_image":[{"url":"http:\/\/gesamtschule-eiserfeld.de\/wp-content\/uploads\/2015\/08\/image26.png","type":"","width":"","height":""}],"author":"dorw","twitter_card":"summary_large_image","twitter_misc":{"Verfasst von":"dorw","Gesch\u00e4tzte Lesezeit":"2\u00a0Minuten"},"schema":{"@context":"https:\/\/schema.org","@graph":[{"@type":"Article","@id":"https:\/\/www.gesamtschule-eiserfeld.de\/?p=5479#article","isPartOf":{"@id":"https:\/\/www.gesamtschule-eiserfeld.de\/?p=5479"},"author":{"name":"dorw","@id":"https:\/\/www.gesamtschule-eiserfeld.de\/#\/schema\/person\/9f37123dd2ff514a1346db435bdb3784"},"headline":"Einschulung der neuen 5er: Gemeinsam neu anfangen","datePublished":"2015-08-17T18:16:34+00:00","dateModified":"2017-09-02T19:36:23+00:00","mainEntityOfPage":{"@id":"https:\/\/www.gesamtschule-eiserfeld.de\/?p=5479"},"wordCount":453,"publisher":{"@id":"https:\/\/www.gesamtschule-eiserfeld.de\/#organization"},"image":{"@id":"https:\/\/www.gesamtschule-eiserfeld.de\/?p=5479#primaryimage"},"thumbnailUrl":"http:\/\/gesamtschule-eiserfeld.de\/wp-content\/uploads\/2015\/08\/image26.png","articleSection":["FEIERN","GANZTAG","Geb\u00e4ude am Hengsberg","Jg 5\/6"],"inLanguage":"de"},{"@type":"WebPage","@id":"https:\/\/www.gesamtschule-eiserfeld.de\/?p=5479","url":"https:\/\/www.gesamtschule-eiserfeld.de\/?p=5479","name":"Einschulung der neuen 5er: Gemeinsam neu anfangen - Gesamtschule Eiserfeld","isPartOf":{"@id":"https:\/\/www.gesamtschule-eiserfeld.de\/#website"},"primaryImageOfPage":{"@id":"https:\/\/www.gesamtschule-eiserfeld.de\/?p=5479#primaryimage"},"image":{"@id":"https:\/\/www.gesamtschule-eiserfeld.de\/?p=5479#primaryimage"},"thumbnailUrl":"http:\/\/gesamtschule-eiserfeld.de\/wp-content\/uploads\/2015\/08\/image26.png","datePublished":"2015-08-17T18:16:34+00:00","dateModified":"2017-09-02T19:36:23+00:00","breadcrumb":{"@id":"https:\/\/www.gesamtschule-eiserfeld.de\/?p=5479#breadcrumb"},"inLanguage":"de","potentialAction":[{"@type":"ReadAction","target":["https:\/\/www.gesamtschule-eiserfeld.de\/?p=5479"]}]},{"@type":"ImageObject","inLanguage":"de","@id":"https:\/\/www.gesamtschule-eiserfeld.de\/?p=5479#primaryimage","url":"http:\/\/gesamtschule-eiserfeld.de\/wp-content\/uploads\/2015\/08\/image26.png","contentUrl":"http:\/\/gesamtschule-eiserfeld.de\/wp-content\/uploads\/2015\/08\/image26.png"},{"@type":"BreadcrumbList","@id":"https:\/\/www.gesamtschule-eiserfeld.de\/?p=5479#breadcrumb","itemListElement":[{"@type":"ListItem","position":1,"name":"Startseite","item":"https:\/\/www.gesamtschule-eiserfeld.de\/"},{"@type":"ListItem","position":2,"name":"Einschulung der neuen 5er: Gemeinsam neu anfangen"}]},{"@type":"WebSite","@id":"https:\/\/www.gesamtschule-eiserfeld.de\/#website","url":"https:\/\/www.gesamtschule-eiserfeld.de\/","name":"Gesamtschule Eiserfeld","description":"","publisher":{"@id":"https:\/\/www.gesamtschule-eiserfeld.de\/#organization"},"potentialAction":[{"@type":"SearchAction","target":{"@type":"EntryPoint","urlTemplate":"https:\/\/www.gesamtschule-eiserfeld.de\/?s={search_term_string}"},"query-input":{"@type":"PropertyValueSpecification","valueRequired":true,"valueName":"search_term_string"}}],"inLanguage":"de"},{"@type":"Organization","@id":"https:\/\/www.gesamtschule-eiserfeld.de\/#organization","name":"Gesamtschule Eiserfeld","url":"https:\/\/www.gesamtschule-eiserfeld.de\/","logo":{"@type":"ImageObject","inLanguage":"de","@id":"https:\/\/www.gesamtschule-eiserfeld.de\/#\/schema\/logo\/image\/","url":"https:\/\/i1.wp.com\/www.gesamtschule-eiserfeld.de\/wp-content\/uploads\/2019\/01\/GEE-Logo-neu.jpg?fit=436%2C126&ssl=1","contentUrl":"https:\/\/i1.wp.com\/www.gesamtschule-eiserfeld.de\/wp-content\/uploads\/2019\/01\/GEE-Logo-neu.jpg?fit=436%2C126&ssl=1","width":436,"height":126,"caption":"Gesamtschule Eiserfeld"},"image":{"@id":"https:\/\/www.gesamtschule-eiserfeld.de\/#\/schema\/logo\/image\/"},"sameAs":["https:\/\/www.facebook.com\/GEEiserfeld"]},{"@type":"Person","@id":"https:\/\/www.gesamtschule-eiserfeld.de\/#\/schema\/person\/9f37123dd2ff514a1346db435bdb3784","name":"dorw","sameAs":["http:\/\/www.ge-eiserfeld.de"],"url":"https:\/\/www.gesamtschule-eiserfeld.de\/?author=9"}]}},"jetpack_publicize_connections":[],"jetpack_featured_media_url":"","jetpack_shortlink":"https:\/\/wp.me\/p2weeL-1qn","jetpack_sharing_enabled":true,"_links":{"self":[{"href":"https:\/\/www.gesamtschule-eiserfeld.de\/index.php?rest_route=\/wp\/v2\/posts\/5479","targetHints":{"allow":["GET"]}}],"collection":[{"href":"https:\/\/www.gesamtschule-eiserfeld.de\/index.php?rest_route=\/wp\/v2\/posts"}],"about":[{"href":"https:\/\/www.gesamtschule-eiserfeld.de\/index.php?rest_route=\/wp\/v2\/types\/post"}],"author":[{"embeddable":true,"href":"https:\/\/www.gesamtschule-eiserfeld.de\/index.php?rest_route=\/wp\/v2\/users\/9"}],"replies":[{"embeddable":true,"href":"https:\/\/www.gesamtschule-eiserfeld.de\/index.php?rest_route=%2Fwp%2Fv2%2Fcomments&post=5479"}],"version-history":[{"count":0,"href":"https:\/\/www.gesamtschule-eiserfeld.de\/index.php?rest_route=\/wp\/v2\/posts\/5479\/revisions"}],"wp:attachment":[{"href":"https:\/\/www.gesamtschule-eiserfeld.de\/index.php?rest_route=%2Fwp%2Fv2%2Fmedia&parent=5479"}],"wp:term":[{"taxonomy":"category","embeddable":true,"href":"https:\/\/www.gesamtschule-eiserfeld.de\/index.php?rest_route=%2Fwp%2Fv2%2Fcategories&post=5479"},{"taxonomy":"post_tag","embeddable":true,"href":"https:\/\/www.gesamtschule-eiserfeld.de\/index.php?rest_route=%2Fwp%2Fv2%2Ftags&post=5479"}],"curies":[{"name":"wp","href":"https:\/\/api.w.org\/{rel}","templated":true}]}}