{"id":7183,"date":"2016-08-29T09:44:19","date_gmt":"2016-08-29T08:44:19","guid":{"rendered":"http:\/\/ge-eiserfeld.de\/?p=7183"},"modified":"2017-09-02T20:17:04","modified_gmt":"2017-09-02T19:17:04","slug":"komm-mit-ins-team-einschulung-der-neuen-5er","status":"publish","type":"post","link":"https:\/\/www.gesamtschule-eiserfeld.de\/?p=7183","title":{"rendered":"&bdquo;Komm mit ins Team!&ldquo; &#8211; Einschulung der neuen 5er"},"content":{"rendered":"<p align=\"justify\"><a href=\"https:\/\/i0.wp.com\/gesamtschule-eiserfeld.de\/wp-content\/uploads\/2016\/08\/image-1.png\"><img data-recalc-dims=\"1\" loading=\"lazy\" decoding=\"async\" title=\"image\" style=\"border-left-width: 0px; border-right-width: 0px; background-image: none; border-bottom-width: 0px; float: left; padding-top: 0px; padding-left: 0px; margin: 6px 5px 0px 0px; display: inline; padding-right: 0px; border-top-width: 0px\" border=\"0\" alt=\"image\" src=\"https:\/\/i0.wp.com\/gesamtschule-eiserfeld.de\/wp-content\/uploads\/2016\/08\/image_thumb.png?resize=238%2C136\" width=\"238\" align=\"left\" height=\"136\"><\/a>[2016-08-25 JUDI]. \u201e<i>Ich glaube, ich habe mir da zu viel vorgenommen und schaffe es alleine nicht. Aber jetzt kann`s losgehen\u201c, <\/i>sagt Marlene erleichtert im Anspiel des diesj\u00e4hrigen Einschulungsgottesdienstes f\u00fcr die neuen 5er der Gesamtschule Eiserfeld. Sie kann auf ihre Freunde vertrauen, die ihr tatkr\u00e4ftig beim Backen der Muffins f\u00fcr die Einschulungskinder helfen und verk\u00f6rpert sogleich unser Motto f\u00fcr die \u201eNeuen\u201c: <strong>Komm mit ins Team <\/strong>\u2013 zusammen klappt es besser!<\/p>\n<p><!--more--><\/p>\n<p align=\"justify\"><a href=\"https:\/\/i0.wp.com\/gesamtschule-eiserfeld.de\/wp-content\/uploads\/2016\/08\/image-2.png\"><img data-recalc-dims=\"1\" loading=\"lazy\" decoding=\"async\" title=\"image\" style=\"border-left-width: 0px; border-right-width: 0px; background-image: none; border-bottom-width: 0px; float: right; padding-top: 0px; padding-left: 0px; margin: 6px 0px 0px 3px; display: inline; padding-right: 0px; border-top-width: 0px\" border=\"0\" alt=\"image\" src=\"https:\/\/i0.wp.com\/gesamtschule-eiserfeld.de\/wp-content\/uploads\/2016\/08\/image_thumb-1.png?resize=261%2C148\" width=\"261\" align=\"right\" height=\"148\"><\/a>Wie ein roter Faden zog sich dieser Gedanke diesmal schon von Anfang an durch die gesamten Feierlichkeiten. Erstmals fand der Einschulungsgottesdienst wegen Renovierungsarbeiten an der Trinitatis-Kirche der katholischen Kirche in Eiserfeld statt \u2013 und zwar \u00f6kumenisch. Mit Pater Anthony und Arnt Kretzer, evangelischer Jugendreferent, sowie etlichen muslimischen Kindern und ihren Eltern wurden Zusammengeh\u00f6rigkeit und Teamgedanke quasi greifbar und sp\u00fcrbar.<\/p>\n<p><p align=\"justify\">Im Anspiel, in Liedern sowie Aktionen machten Lehrer und Sch\u00fcler der GEE klar: Gerne wollen wir die Neuen in unser Team aufnehmen. Das hat etwas mit Vertrauen und Mut zu tun, denn es f\u00e4llt nicht leicht zuzugeben <i>\u201eich brauch dich, ich schaff es nicht allein.\u201c<\/i><\/p>\n<p align=\"justify\"><a href=\"https:\/\/i0.wp.com\/gesamtschule-eiserfeld.de\/wp-content\/uploads\/2016\/08\/image-3.png\"><img data-recalc-dims=\"1\" loading=\"lazy\" decoding=\"async\" title=\"image\" style=\"border-left-width: 0px; border-right-width: 0px; background-image: none; border-bottom-width: 0px; float: none; padding-top: 0px; padding-left: 0px; margin-left: auto; display: block; padding-right: 0px; border-top-width: 0px; margin-right: auto\" border=\"0\" alt=\"image\" src=\"https:\/\/i0.wp.com\/gesamtschule-eiserfeld.de\/wp-content\/uploads\/2016\/08\/image_thumb-2.png?resize=454%2C123\" width=\"454\" height=\"123\"><\/a><\/p>\n<p align=\"justify\"><i><\/i><\/p>\n<p align=\"justify\"><i><\/i><\/p>\n<p align=\"justify\">Sp\u00e4ter in der Aula der GEE in der Talsbachstra\u00dfe wurden die neuen 5er von der Akrobatikgruppe von Heike Townsend empfangen. Klar, dass hier das Thema \u201eTeam\u201c erst eine solch hervorragende Leistung und Darbietung m\u00f6glich macht. Die 13er hie\u00dfen die Neuank\u00f6mmlinge mit ihren drei Liedern dann ebenso willkommen wie die Streitschlichter und auch Schulleiter Werner J\u00fcngst, der in seiner Rede eine kontrastreiche R\u00fcckblende auf seine eigene Einschulung 1966 machte.<\/p>\n<p align=\"justify\"><a href=\"https:\/\/i0.wp.com\/gesamtschule-eiserfeld.de\/wp-content\/uploads\/2016\/08\/image-4.png\"><img data-recalc-dims=\"1\" loading=\"lazy\" decoding=\"async\" title=\"image\" style=\"border-left-width: 0px; border-right-width: 0px; background-image: none; border-bottom-width: 0px; float: none; padding-top: 0px; padding-left: 0px; margin-left: auto; display: block; padding-right: 0px; border-top-width: 0px; margin-right: auto\" border=\"0\" alt=\"image\" src=\"https:\/\/i0.wp.com\/gesamtschule-eiserfeld.de\/wp-content\/uploads\/2016\/08\/image_thumb-3.png?resize=458%2C125\" width=\"458\" height=\"125\"><\/a><\/p>\n<p align=\"justify\">In gespannter Erwartung puzzelten die F\u00fcnfer dann ihre neuen Klassenlehrer \u2013 ein traditionelles, beliebtes Ritual bei der Einschulung an der GEE, bei dem es immer hoch her geht. Danach ging`s gemeinsam auf den kurzen Fu\u00dfweg zum Hengsberg \u2013 dem neuen zweiten Standdort der GEE. Keck und kess eroberten die Sch\u00fcler mit ihren farbigen Kappen den Schulhof und f\u00fchlten sich binnen kurzem heimisch. Beim abschlie\u00dfenden Luftballonwettbewerb setzten die Sch\u00fcler noch mehr bunte Akzente. Ein beeindruckendes \u201eTeam\u201c aus gelben, roten, gr\u00fcnen und blauen Ballons stieg in den bilderbuchblauen Himmel auf und verdeutlichte einmal mehr: Viele Tupfer zusammen machen das Bild.<\/p>\n<p align=\"justify\">Wir w\u00fcnschen allen neuen F\u00fcnfern und ihren Klassenlehrern einen gelungenen Start und viel Erfolg an der GEE!<\/p>\n<p align=\"justify\">Weitere Bilder von der Einschulung:<\/p>\n<p align=\"justify\"><a href=\"https:\/\/i0.wp.com\/gesamtschule-eiserfeld.de\/wp-content\/uploads\/2016\/08\/image-5.png\"><img data-recalc-dims=\"1\" loading=\"lazy\" decoding=\"async\" title=\"image\" style=\"border-left-width: 0px; border-right-width: 0px; background-image: none; border-bottom-width: 0px; float: none; padding-top: 0px; padding-left: 0px; margin-left: auto; display: block; padding-right: 0px; border-top-width: 0px; margin-right: auto\" border=\"0\" alt=\"image\" src=\"https:\/\/i0.wp.com\/gesamtschule-eiserfeld.de\/wp-content\/uploads\/2016\/08\/image_thumb-4.png?resize=448%2C458\" width=\"448\" height=\"458\"><\/a><\/p>\n","protected":false},"excerpt":{"rendered":"<p>[2016-08-25 JUDI]. \u201eIch glaube, ich habe mir da zu viel vorgenommen und schaffe es alleine nicht. Aber jetzt kann`s losgehen\u201c, sagt Marlene erleichtert im Anspiel des diesj\u00e4hrigen Einschulungsgottesdienstes f\u00fcr die neuen 5er der Gesamtschule Eiserfeld. Sie kann auf ihre Freunde vertrauen, die ihr tatkr\u00e4ftig beim Backen der Muffins f\u00fcr die Einschulungskinder helfen und verk\u00f6rpert sogleich &hellip; <a href=\"https:\/\/www.gesamtschule-eiserfeld.de\/?p=7183\" class=\"more-link\"><span class=\"screen-reader-text\">&bdquo;Komm mit ins Team!&ldquo; &#8211; Einschulung der neuen 5er<\/span> weiterlesen <span class=\"meta-nav\">&rarr;<\/span><\/a><\/p>\n","protected":false},"author":9,"featured_media":0,"comment_status":"closed","ping_status":"open","sticky":false,"template":"","format":"standard","meta":{"jetpack_post_was_ever_published":false,"_jetpack_newsletter_access":"","_jetpack_dont_email_post_to_subs":false,"_jetpack_newsletter_tier_id":0,"_jetpack_memberships_contains_paywalled_content":false,"_jetpack_memberships_contains_paid_content":false,"footnotes":"","jetpack_publicize_message":"","jetpack_publicize_feature_enabled":true,"jetpack_social_post_already_shared":true,"jetpack_social_options":{"image_generator_settings":{"template":"highway","default_image_id":0,"font":"","enabled":false},"version":2}},"categories":[1,100,34,49],"tags":[],"class_list":["post-7183","post","type-post","status-publish","format-standard","hentry","category-allgemein","category-feiern","category-jg-56","category-soziales-lernen"],"yoast_head":"<!-- This site is optimized with the Yoast SEO plugin v27.4 - https:\/\/yoast.com\/product\/yoast-seo-wordpress\/ -->\n<title>&bdquo;Komm mit ins Team!&ldquo; - Einschulung der neuen 5er - Gesamtschule Eiserfeld<\/title>\n<meta name=\"robots\" content=\"index, follow, max-snippet:-1, max-image-preview:large, max-video-preview:-1\" \/>\n<link rel=\"canonical\" href=\"https:\/\/www.gesamtschule-eiserfeld.de\/?p=7183\" \/>\n<meta property=\"og:locale\" content=\"de_DE\" \/>\n<meta property=\"og:type\" content=\"article\" \/>\n<meta property=\"og:title\" content=\"&bdquo;Komm mit ins Team!&ldquo; - Einschulung der neuen 5er - Gesamtschule Eiserfeld\" \/>\n<meta property=\"og:description\" content=\"[2016-08-25 JUDI]. \u201eIch glaube, ich habe mir da zu viel vorgenommen und schaffe es alleine nicht. Aber jetzt kann`s losgehen\u201c, sagt Marlene erleichtert im Anspiel des diesj\u00e4hrigen Einschulungsgottesdienstes f\u00fcr die neuen 5er der Gesamtschule Eiserfeld. Sie kann auf ihre Freunde vertrauen, die ihr tatkr\u00e4ftig beim Backen der Muffins f\u00fcr die Einschulungskinder helfen und verk\u00f6rpert sogleich &hellip; &bdquo;Komm mit ins Team!&ldquo; &#8211; Einschulung der neuen 5er weiterlesen &rarr;\" \/>\n<meta property=\"og:url\" content=\"https:\/\/www.gesamtschule-eiserfeld.de\/?p=7183\" \/>\n<meta property=\"og:site_name\" content=\"Gesamtschule Eiserfeld\" \/>\n<meta property=\"article:publisher\" content=\"https:\/\/www.facebook.com\/GEEiserfeld\" \/>\n<meta property=\"article:published_time\" content=\"2016-08-29T08:44:19+00:00\" \/>\n<meta property=\"article:modified_time\" content=\"2017-09-02T19:17:04+00:00\" \/>\n<meta property=\"og:image\" content=\"http:\/\/gesamtschule-eiserfeld.de\/wp-content\/uploads\/2016\/08\/image_thumb.png\" \/>\n<meta name=\"author\" content=\"dorw\" \/>\n<meta name=\"twitter:card\" content=\"summary_large_image\" \/>\n<meta name=\"twitter:label1\" content=\"Verfasst von\" \/>\n\t<meta name=\"twitter:data1\" content=\"dorw\" \/>\n\t<meta name=\"twitter:label2\" content=\"Gesch\u00e4tzte Lesezeit\" \/>\n\t<meta name=\"twitter:data2\" content=\"2\u00a0Minuten\" \/>\n<script type=\"application\/ld+json\" class=\"yoast-schema-graph\">{\"@context\":\"https:\\\/\\\/schema.org\",\"@graph\":[{\"@type\":\"Article\",\"@id\":\"https:\\\/\\\/www.gesamtschule-eiserfeld.de\\\/?p=7183#article\",\"isPartOf\":{\"@id\":\"https:\\\/\\\/www.gesamtschule-eiserfeld.de\\\/?p=7183\"},\"author\":{\"name\":\"dorw\",\"@id\":\"https:\\\/\\\/www.gesamtschule-eiserfeld.de\\\/#\\\/schema\\\/person\\\/9f37123dd2ff514a1346db435bdb3784\"},\"headline\":\"&bdquo;Komm mit ins Team!&ldquo; &#8211; Einschulung der neuen 5er\",\"datePublished\":\"2016-08-29T08:44:19+00:00\",\"dateModified\":\"2017-09-02T19:17:04+00:00\",\"mainEntityOfPage\":{\"@id\":\"https:\\\/\\\/www.gesamtschule-eiserfeld.de\\\/?p=7183\"},\"wordCount\":396,\"publisher\":{\"@id\":\"https:\\\/\\\/www.gesamtschule-eiserfeld.de\\\/#organization\"},\"image\":{\"@id\":\"https:\\\/\\\/www.gesamtschule-eiserfeld.de\\\/?p=7183#primaryimage\"},\"thumbnailUrl\":\"http:\\\/\\\/gesamtschule-eiserfeld.de\\\/wp-content\\\/uploads\\\/2016\\\/08\\\/image_thumb.png\",\"articleSection\":{\"1\":\"FEIERN\",\"2\":\"Jg 5\\\/6\",\"3\":\"Soziales Lernen\"},\"inLanguage\":\"de\"},{\"@type\":\"WebPage\",\"@id\":\"https:\\\/\\\/www.gesamtschule-eiserfeld.de\\\/?p=7183\",\"url\":\"https:\\\/\\\/www.gesamtschule-eiserfeld.de\\\/?p=7183\",\"name\":\"&bdquo;Komm mit ins Team!&ldquo; - Einschulung der neuen 5er - Gesamtschule Eiserfeld\",\"isPartOf\":{\"@id\":\"https:\\\/\\\/www.gesamtschule-eiserfeld.de\\\/#website\"},\"primaryImageOfPage\":{\"@id\":\"https:\\\/\\\/www.gesamtschule-eiserfeld.de\\\/?p=7183#primaryimage\"},\"image\":{\"@id\":\"https:\\\/\\\/www.gesamtschule-eiserfeld.de\\\/?p=7183#primaryimage\"},\"thumbnailUrl\":\"http:\\\/\\\/gesamtschule-eiserfeld.de\\\/wp-content\\\/uploads\\\/2016\\\/08\\\/image_thumb.png\",\"datePublished\":\"2016-08-29T08:44:19+00:00\",\"dateModified\":\"2017-09-02T19:17:04+00:00\",\"breadcrumb\":{\"@id\":\"https:\\\/\\\/www.gesamtschule-eiserfeld.de\\\/?p=7183#breadcrumb\"},\"inLanguage\":\"de\",\"potentialAction\":[{\"@type\":\"ReadAction\",\"target\":[\"https:\\\/\\\/www.gesamtschule-eiserfeld.de\\\/?p=7183\"]}]},{\"@type\":\"ImageObject\",\"inLanguage\":\"de\",\"@id\":\"https:\\\/\\\/www.gesamtschule-eiserfeld.de\\\/?p=7183#primaryimage\",\"url\":\"http:\\\/\\\/gesamtschule-eiserfeld.de\\\/wp-content\\\/uploads\\\/2016\\\/08\\\/image_thumb.png\",\"contentUrl\":\"http:\\\/\\\/gesamtschule-eiserfeld.de\\\/wp-content\\\/uploads\\\/2016\\\/08\\\/image_thumb.png\"},{\"@type\":\"BreadcrumbList\",\"@id\":\"https:\\\/\\\/www.gesamtschule-eiserfeld.de\\\/?p=7183#breadcrumb\",\"itemListElement\":[{\"@type\":\"ListItem\",\"position\":1,\"name\":\"Startseite\",\"item\":\"https:\\\/\\\/www.gesamtschule-eiserfeld.de\\\/\"},{\"@type\":\"ListItem\",\"position\":2,\"name\":\"&bdquo;Komm mit ins Team!&ldquo; &#8211; Einschulung der neuen 5er\"}]},{\"@type\":\"WebSite\",\"@id\":\"https:\\\/\\\/www.gesamtschule-eiserfeld.de\\\/#website\",\"url\":\"https:\\\/\\\/www.gesamtschule-eiserfeld.de\\\/\",\"name\":\"Gesamtschule Eiserfeld\",\"description\":\"\",\"publisher\":{\"@id\":\"https:\\\/\\\/www.gesamtschule-eiserfeld.de\\\/#organization\"},\"potentialAction\":[{\"@type\":\"SearchAction\",\"target\":{\"@type\":\"EntryPoint\",\"urlTemplate\":\"https:\\\/\\\/www.gesamtschule-eiserfeld.de\\\/?s={search_term_string}\"},\"query-input\":{\"@type\":\"PropertyValueSpecification\",\"valueRequired\":true,\"valueName\":\"search_term_string\"}}],\"inLanguage\":\"de\"},{\"@type\":\"Organization\",\"@id\":\"https:\\\/\\\/www.gesamtschule-eiserfeld.de\\\/#organization\",\"name\":\"Gesamtschule Eiserfeld\",\"url\":\"https:\\\/\\\/www.gesamtschule-eiserfeld.de\\\/\",\"logo\":{\"@type\":\"ImageObject\",\"inLanguage\":\"de\",\"@id\":\"https:\\\/\\\/www.gesamtschule-eiserfeld.de\\\/#\\\/schema\\\/logo\\\/image\\\/\",\"url\":\"https:\\\/\\\/i1.wp.com\\\/www.gesamtschule-eiserfeld.de\\\/wp-content\\\/uploads\\\/2019\\\/01\\\/GEE-Logo-neu.jpg?fit=436%2C126&ssl=1\",\"contentUrl\":\"https:\\\/\\\/i1.wp.com\\\/www.gesamtschule-eiserfeld.de\\\/wp-content\\\/uploads\\\/2019\\\/01\\\/GEE-Logo-neu.jpg?fit=436%2C126&ssl=1\",\"width\":436,\"height\":126,\"caption\":\"Gesamtschule Eiserfeld\"},\"image\":{\"@id\":\"https:\\\/\\\/www.gesamtschule-eiserfeld.de\\\/#\\\/schema\\\/logo\\\/image\\\/\"},\"sameAs\":[\"https:\\\/\\\/www.facebook.com\\\/GEEiserfeld\"]},{\"@type\":\"Person\",\"@id\":\"https:\\\/\\\/www.gesamtschule-eiserfeld.de\\\/#\\\/schema\\\/person\\\/9f37123dd2ff514a1346db435bdb3784\",\"name\":\"dorw\",\"sameAs\":[\"http:\\\/\\\/www.ge-eiserfeld.de\"],\"url\":\"https:\\\/\\\/www.gesamtschule-eiserfeld.de\\\/?author=9\"}]}<\/script>\n<!-- \/ Yoast SEO plugin. -->","yoast_head_json":{"title":"&bdquo;Komm mit ins Team!&ldquo; - Einschulung der neuen 5er - Gesamtschule Eiserfeld","robots":{"index":"index","follow":"follow","max-snippet":"max-snippet:-1","max-image-preview":"max-image-preview:large","max-video-preview":"max-video-preview:-1"},"canonical":"https:\/\/www.gesamtschule-eiserfeld.de\/?p=7183","og_locale":"de_DE","og_type":"article","og_title":"&bdquo;Komm mit ins Team!&ldquo; - Einschulung der neuen 5er - Gesamtschule Eiserfeld","og_description":"[2016-08-25 JUDI]. \u201eIch glaube, ich habe mir da zu viel vorgenommen und schaffe es alleine nicht. Aber jetzt kann`s losgehen\u201c, sagt Marlene erleichtert im Anspiel des diesj\u00e4hrigen Einschulungsgottesdienstes f\u00fcr die neuen 5er der Gesamtschule Eiserfeld. Sie kann auf ihre Freunde vertrauen, die ihr tatkr\u00e4ftig beim Backen der Muffins f\u00fcr die Einschulungskinder helfen und verk\u00f6rpert sogleich &hellip; &bdquo;Komm mit ins Team!&ldquo; &#8211; Einschulung der neuen 5er weiterlesen &rarr;","og_url":"https:\/\/www.gesamtschule-eiserfeld.de\/?p=7183","og_site_name":"Gesamtschule Eiserfeld","article_publisher":"https:\/\/www.facebook.com\/GEEiserfeld","article_published_time":"2016-08-29T08:44:19+00:00","article_modified_time":"2017-09-02T19:17:04+00:00","og_image":[{"url":"http:\/\/gesamtschule-eiserfeld.de\/wp-content\/uploads\/2016\/08\/image_thumb.png","type":"","width":"","height":""}],"author":"dorw","twitter_card":"summary_large_image","twitter_misc":{"Verfasst von":"dorw","Gesch\u00e4tzte Lesezeit":"2\u00a0Minuten"},"schema":{"@context":"https:\/\/schema.org","@graph":[{"@type":"Article","@id":"https:\/\/www.gesamtschule-eiserfeld.de\/?p=7183#article","isPartOf":{"@id":"https:\/\/www.gesamtschule-eiserfeld.de\/?p=7183"},"author":{"name":"dorw","@id":"https:\/\/www.gesamtschule-eiserfeld.de\/#\/schema\/person\/9f37123dd2ff514a1346db435bdb3784"},"headline":"&bdquo;Komm mit ins Team!&ldquo; &#8211; Einschulung der neuen 5er","datePublished":"2016-08-29T08:44:19+00:00","dateModified":"2017-09-02T19:17:04+00:00","mainEntityOfPage":{"@id":"https:\/\/www.gesamtschule-eiserfeld.de\/?p=7183"},"wordCount":396,"publisher":{"@id":"https:\/\/www.gesamtschule-eiserfeld.de\/#organization"},"image":{"@id":"https:\/\/www.gesamtschule-eiserfeld.de\/?p=7183#primaryimage"},"thumbnailUrl":"http:\/\/gesamtschule-eiserfeld.de\/wp-content\/uploads\/2016\/08\/image_thumb.png","articleSection":{"1":"FEIERN","2":"Jg 5\/6","3":"Soziales Lernen"},"inLanguage":"de"},{"@type":"WebPage","@id":"https:\/\/www.gesamtschule-eiserfeld.de\/?p=7183","url":"https:\/\/www.gesamtschule-eiserfeld.de\/?p=7183","name":"&bdquo;Komm mit ins Team!&ldquo; - Einschulung der neuen 5er - Gesamtschule Eiserfeld","isPartOf":{"@id":"https:\/\/www.gesamtschule-eiserfeld.de\/#website"},"primaryImageOfPage":{"@id":"https:\/\/www.gesamtschule-eiserfeld.de\/?p=7183#primaryimage"},"image":{"@id":"https:\/\/www.gesamtschule-eiserfeld.de\/?p=7183#primaryimage"},"thumbnailUrl":"http:\/\/gesamtschule-eiserfeld.de\/wp-content\/uploads\/2016\/08\/image_thumb.png","datePublished":"2016-08-29T08:44:19+00:00","dateModified":"2017-09-02T19:17:04+00:00","breadcrumb":{"@id":"https:\/\/www.gesamtschule-eiserfeld.de\/?p=7183#breadcrumb"},"inLanguage":"de","potentialAction":[{"@type":"ReadAction","target":["https:\/\/www.gesamtschule-eiserfeld.de\/?p=7183"]}]},{"@type":"ImageObject","inLanguage":"de","@id":"https:\/\/www.gesamtschule-eiserfeld.de\/?p=7183#primaryimage","url":"http:\/\/gesamtschule-eiserfeld.de\/wp-content\/uploads\/2016\/08\/image_thumb.png","contentUrl":"http:\/\/gesamtschule-eiserfeld.de\/wp-content\/uploads\/2016\/08\/image_thumb.png"},{"@type":"BreadcrumbList","@id":"https:\/\/www.gesamtschule-eiserfeld.de\/?p=7183#breadcrumb","itemListElement":[{"@type":"ListItem","position":1,"name":"Startseite","item":"https:\/\/www.gesamtschule-eiserfeld.de\/"},{"@type":"ListItem","position":2,"name":"&bdquo;Komm mit ins Team!&ldquo; &#8211; Einschulung der neuen 5er"}]},{"@type":"WebSite","@id":"https:\/\/www.gesamtschule-eiserfeld.de\/#website","url":"https:\/\/www.gesamtschule-eiserfeld.de\/","name":"Gesamtschule Eiserfeld","description":"","publisher":{"@id":"https:\/\/www.gesamtschule-eiserfeld.de\/#organization"},"potentialAction":[{"@type":"SearchAction","target":{"@type":"EntryPoint","urlTemplate":"https:\/\/www.gesamtschule-eiserfeld.de\/?s={search_term_string}"},"query-input":{"@type":"PropertyValueSpecification","valueRequired":true,"valueName":"search_term_string"}}],"inLanguage":"de"},{"@type":"Organization","@id":"https:\/\/www.gesamtschule-eiserfeld.de\/#organization","name":"Gesamtschule Eiserfeld","url":"https:\/\/www.gesamtschule-eiserfeld.de\/","logo":{"@type":"ImageObject","inLanguage":"de","@id":"https:\/\/www.gesamtschule-eiserfeld.de\/#\/schema\/logo\/image\/","url":"https:\/\/i1.wp.com\/www.gesamtschule-eiserfeld.de\/wp-content\/uploads\/2019\/01\/GEE-Logo-neu.jpg?fit=436%2C126&ssl=1","contentUrl":"https:\/\/i1.wp.com\/www.gesamtschule-eiserfeld.de\/wp-content\/uploads\/2019\/01\/GEE-Logo-neu.jpg?fit=436%2C126&ssl=1","width":436,"height":126,"caption":"Gesamtschule Eiserfeld"},"image":{"@id":"https:\/\/www.gesamtschule-eiserfeld.de\/#\/schema\/logo\/image\/"},"sameAs":["https:\/\/www.facebook.com\/GEEiserfeld"]},{"@type":"Person","@id":"https:\/\/www.gesamtschule-eiserfeld.de\/#\/schema\/person\/9f37123dd2ff514a1346db435bdb3784","name":"dorw","sameAs":["http:\/\/www.ge-eiserfeld.de"],"url":"https:\/\/www.gesamtschule-eiserfeld.de\/?author=9"}]}},"jetpack_publicize_connections":[],"jetpack_featured_media_url":"","jetpack_shortlink":"https:\/\/wp.me\/p2weeL-1RR","jetpack_sharing_enabled":true,"_links":{"self":[{"href":"https:\/\/www.gesamtschule-eiserfeld.de\/index.php?rest_route=\/wp\/v2\/posts\/7183","targetHints":{"allow":["GET"]}}],"collection":[{"href":"https:\/\/www.gesamtschule-eiserfeld.de\/index.php?rest_route=\/wp\/v2\/posts"}],"about":[{"href":"https:\/\/www.gesamtschule-eiserfeld.de\/index.php?rest_route=\/wp\/v2\/types\/post"}],"author":[{"embeddable":true,"href":"https:\/\/www.gesamtschule-eiserfeld.de\/index.php?rest_route=\/wp\/v2\/users\/9"}],"replies":[{"embeddable":true,"href":"https:\/\/www.gesamtschule-eiserfeld.de\/index.php?rest_route=%2Fwp%2Fv2%2Fcomments&post=7183"}],"version-history":[{"count":0,"href":"https:\/\/www.gesamtschule-eiserfeld.de\/index.php?rest_route=\/wp\/v2\/posts\/7183\/revisions"}],"wp:attachment":[{"href":"https:\/\/www.gesamtschule-eiserfeld.de\/index.php?rest_route=%2Fwp%2Fv2%2Fmedia&parent=7183"}],"wp:term":[{"taxonomy":"category","embeddable":true,"href":"https:\/\/www.gesamtschule-eiserfeld.de\/index.php?rest_route=%2Fwp%2Fv2%2Fcategories&post=7183"},{"taxonomy":"post_tag","embeddable":true,"href":"https:\/\/www.gesamtschule-eiserfeld.de\/index.php?rest_route=%2Fwp%2Fv2%2Ftags&post=7183"}],"curies":[{"name":"wp","href":"https:\/\/api.w.org\/{rel}","templated":true}]}}