{"id":7303,"date":"2016-09-08T06:45:05","date_gmt":"2016-09-08T05:45:05","guid":{"rendered":"http:\/\/ge-eiserfeld.de\/?p=7303"},"modified":"2016-09-08T20:37:05","modified_gmt":"2016-09-08T19:37:05","slug":"sommertage-in-der-goldenen-stadt","status":"publish","type":"post","link":"https:\/\/www.gesamtschule-eiserfeld.de\/?p=7303","title":{"rendered":"Sommertage in der goldenen Stadt"},"content":{"rendered":"<p align=\"justify\"><img data-recalc-dims=\"1\" loading=\"lazy\" decoding=\"async\" title=\"clip_image002\" style=\"border-left-width: 0px; border-right-width: 0px; background-image: none; border-bottom-width: 0px; float: right; padding-top: 0px; padding-left: 0px; margin: 11px 0px 0px 6px; display: inline; padding-right: 0px; border-top-width: 0px\" border=\"0\" hspace=\"12\" alt=\"clip_image002\" src=\"https:\/\/i0.wp.com\/gesamtschule-eiserfeld.de\/wp-content\/uploads\/2016\/09\/clip_image002.jpg?resize=180%2C102\" width=\"180\" align=\"right\" height=\"102\">[2016-09-08 TELL] Was ist der richtige Ort f\u00fcr eine Abschlussfahrtfahrt? \u201ePrag!\u201c Das war die Antwort der Jahrgangsstufe Q2 und die Sch\u00fcler hatten Recht! Obwohl das Gep\u00e4ck bei str\u00f6menden Regen ausgeladen wurde, zeigt sich die tschechische Hauptstadt in der restlichen Woche von ihrer sch\u00f6nsten Seite.<\/p>\n<p><!--more--><\/p>\n<p align=\"justify\">Am Tag nach der langen Busfahrt konnten sich alle davon \u00fcberzeugen, dass Prag mehr zu bieten hat als Sightseeing und Restaurants: Beim Kanufahren und Klettern konnten sich alle austoben. <\/p>\n<div align=\"justify\">&nbsp;<\/div>\n<p align=\"justify\"><img data-recalc-dims=\"1\" loading=\"lazy\" decoding=\"async\" title=\"clip_image004\" style=\"border-left-width: 0px; border-right-width: 0px; background-image: none; border-bottom-width: 0px; padding-top: 0px; padding-left: 0px; margin: 0px 10px 0px 0px; display: inline; padding-right: 0px; border-top-width: 0px\" border=\"0\" hspace=\"12\" alt=\"clip_image004\" src=\"https:\/\/i0.wp.com\/gesamtschule-eiserfeld.de\/wp-content\/uploads\/2016\/09\/clip_image004-1.jpg?resize=474%2C192\" width=\"474\" height=\"192\"><\/p>\n<p align=\"justify\">\n<p align=\"justify\">Am Mittwoch besuchten wir Theresienstadt und das benachbarte KZ in der kleinen Festung. Der Besuch der Stadt, die in der Zeit der nationalsozialistischen Herrschaft als Ghetto gedient hat, hat keinen unber\u00fchrt gelassen.<\/p>\n<p align=\"justify\"><img data-recalc-dims=\"1\" loading=\"lazy\" decoding=\"async\" title=\"clip_image006\" style=\"border-left-width: 0px; border-right-width: 0px; background-image: none; border-bottom-width: 0px; float: right; padding-top: 0px; padding-left: 0px; margin: 0px 0px 0px 10px; display: inline; padding-right: 0px; border-top-width: 0px\" border=\"0\" alt=\"clip_image006\" src=\"https:\/\/i0.wp.com\/gesamtschule-eiserfeld.de\/wp-content\/uploads\/2016\/09\/clip_image006-1.jpg?resize=131%2C240\" width=\"131\" align=\"right\" height=\"240\"><\/p>\n<p align=\"justify\">Damit die Sch\u00fcler ihren Interessen nachgehen konnten, teilten wir uns in f\u00fcnf Gruppen auf und konnten die Stadt noch einmal anders erleben: Auf den Spuren Kafkas wandeln, eine Architekturreise unternehmen, in die Zeit des Kalten Krieges zur\u00fcck gehen, ein Tropenhaus besuchen oder in die Gedankenwelt der Astronomen eintauchen. Es war aber noch genug Zeit, um ausgiebig zu shoppen, Tretboot zu fahren und zu tanzen. Nachher waren wir uns einig: Der beste Ort f\u00fcr ein Abschlussfahrt? Prag!!!<\/p>\n","protected":false},"excerpt":{"rendered":"<p>[2016-09-08 TELL] Was ist der richtige Ort f\u00fcr eine Abschlussfahrtfahrt? \u201ePrag!\u201c Das war die Antwort der Jahrgangsstufe Q2 und die Sch\u00fcler hatten Recht! Obwohl das Gep\u00e4ck bei str\u00f6menden Regen ausgeladen wurde, zeigt sich die tschechische Hauptstadt in der restlichen Woche von ihrer sch\u00f6nsten Seite.<\/p>\n","protected":false},"author":9,"featured_media":7307,"comment_status":"closed","ping_status":"open","sticky":false,"template":"","format":"standard","meta":{"jetpack_post_was_ever_published":false,"_jetpack_newsletter_access":"","_jetpack_dont_email_post_to_subs":false,"_jetpack_newsletter_tier_id":0,"_jetpack_memberships_contains_paywalled_content":false,"_jetpack_memberships_contains_paid_content":false,"footnotes":"","jetpack_publicize_message":"","jetpack_publicize_feature_enabled":true,"jetpack_social_post_already_shared":true,"jetpack_social_options":{"image_generator_settings":{"template":"highway","default_image_id":0,"font":"","enabled":false},"version":2}},"categories":[18,29,26,49],"tags":[],"class_list":["post-7303","post","type-post","status-publish","format-standard","has-post-thumbnail","hentry","category-exkursion","category-klassenfahrt","category-sekundarstufe-ii","category-soziales-lernen"],"yoast_head":"<!-- This site is optimized with the Yoast SEO plugin v27.4 - https:\/\/yoast.com\/product\/yoast-seo-wordpress\/ -->\n<title>Sommertage in der goldenen Stadt - Gesamtschule Eiserfeld<\/title>\n<meta name=\"robots\" content=\"index, follow, max-snippet:-1, max-image-preview:large, max-video-preview:-1\" \/>\n<link rel=\"canonical\" href=\"https:\/\/www.gesamtschule-eiserfeld.de\/?p=7303\" \/>\n<meta property=\"og:locale\" content=\"de_DE\" \/>\n<meta property=\"og:type\" content=\"article\" \/>\n<meta property=\"og:title\" content=\"Sommertage in der goldenen Stadt - Gesamtschule Eiserfeld\" \/>\n<meta property=\"og:description\" content=\"[2016-09-08 TELL] Was ist der richtige Ort f\u00fcr eine Abschlussfahrtfahrt? \u201ePrag!\u201c Das war die Antwort der Jahrgangsstufe Q2 und die Sch\u00fcler hatten Recht! Obwohl das Gep\u00e4ck bei str\u00f6menden Regen ausgeladen wurde, zeigt sich die tschechische Hauptstadt in der restlichen Woche von ihrer sch\u00f6nsten Seite.\" \/>\n<meta property=\"og:url\" content=\"https:\/\/www.gesamtschule-eiserfeld.de\/?p=7303\" \/>\n<meta property=\"og:site_name\" content=\"Gesamtschule Eiserfeld\" \/>\n<meta property=\"article:publisher\" content=\"https:\/\/www.facebook.com\/GEEiserfeld\" \/>\n<meta property=\"article:published_time\" content=\"2016-09-08T05:45:05+00:00\" \/>\n<meta property=\"article:modified_time\" content=\"2016-09-08T19:37:05+00:00\" \/>\n<meta property=\"og:image\" content=\"https:\/\/i2.wp.com\/www.gesamtschule-eiserfeld.de\/wp-content\/uploads\/2016\/09\/1-1.jpg?fit=1113%2C626&ssl=1\" \/>\n\t<meta property=\"og:image:width\" content=\"1113\" \/>\n\t<meta property=\"og:image:height\" content=\"626\" \/>\n\t<meta property=\"og:image:type\" content=\"image\/jpeg\" \/>\n<meta name=\"author\" content=\"dorw\" \/>\n<meta name=\"twitter:card\" content=\"summary_large_image\" \/>\n<meta name=\"twitter:label1\" content=\"Verfasst von\" \/>\n\t<meta name=\"twitter:data1\" content=\"dorw\" \/>\n\t<meta name=\"twitter:label2\" content=\"Gesch\u00e4tzte Lesezeit\" \/>\n\t<meta name=\"twitter:data2\" content=\"1\u00a0Minute\" \/>\n<script type=\"application\/ld+json\" class=\"yoast-schema-graph\">{\"@context\":\"https:\\\/\\\/schema.org\",\"@graph\":[{\"@type\":\"Article\",\"@id\":\"https:\\\/\\\/www.gesamtschule-eiserfeld.de\\\/?p=7303#article\",\"isPartOf\":{\"@id\":\"https:\\\/\\\/www.gesamtschule-eiserfeld.de\\\/?p=7303\"},\"author\":{\"name\":\"dorw\",\"@id\":\"https:\\\/\\\/www.gesamtschule-eiserfeld.de\\\/#\\\/schema\\\/person\\\/9f37123dd2ff514a1346db435bdb3784\"},\"headline\":\"Sommertage in der goldenen Stadt\",\"datePublished\":\"2016-09-08T05:45:05+00:00\",\"dateModified\":\"2016-09-08T19:37:05+00:00\",\"mainEntityOfPage\":{\"@id\":\"https:\\\/\\\/www.gesamtschule-eiserfeld.de\\\/?p=7303\"},\"wordCount\":198,\"publisher\":{\"@id\":\"https:\\\/\\\/www.gesamtschule-eiserfeld.de\\\/#organization\"},\"image\":{\"@id\":\"https:\\\/\\\/www.gesamtschule-eiserfeld.de\\\/?p=7303#primaryimage\"},\"thumbnailUrl\":\"https:\\\/\\\/i0.wp.com\\\/www.gesamtschule-eiserfeld.de\\\/wp-content\\\/uploads\\\/2016\\\/09\\\/1-1.jpg?fit=1113%2C626&ssl=1\",\"articleSection\":[\"Exkursion\",\"Klassenfahrt\",\"Sekundarstufe II\",\"Soziales Lernen\"],\"inLanguage\":\"de\"},{\"@type\":\"WebPage\",\"@id\":\"https:\\\/\\\/www.gesamtschule-eiserfeld.de\\\/?p=7303\",\"url\":\"https:\\\/\\\/www.gesamtschule-eiserfeld.de\\\/?p=7303\",\"name\":\"Sommertage in der goldenen Stadt - Gesamtschule Eiserfeld\",\"isPartOf\":{\"@id\":\"https:\\\/\\\/www.gesamtschule-eiserfeld.de\\\/#website\"},\"primaryImageOfPage\":{\"@id\":\"https:\\\/\\\/www.gesamtschule-eiserfeld.de\\\/?p=7303#primaryimage\"},\"image\":{\"@id\":\"https:\\\/\\\/www.gesamtschule-eiserfeld.de\\\/?p=7303#primaryimage\"},\"thumbnailUrl\":\"https:\\\/\\\/i0.wp.com\\\/www.gesamtschule-eiserfeld.de\\\/wp-content\\\/uploads\\\/2016\\\/09\\\/1-1.jpg?fit=1113%2C626&ssl=1\",\"datePublished\":\"2016-09-08T05:45:05+00:00\",\"dateModified\":\"2016-09-08T19:37:05+00:00\",\"breadcrumb\":{\"@id\":\"https:\\\/\\\/www.gesamtschule-eiserfeld.de\\\/?p=7303#breadcrumb\"},\"inLanguage\":\"de\",\"potentialAction\":[{\"@type\":\"ReadAction\",\"target\":[\"https:\\\/\\\/www.gesamtschule-eiserfeld.de\\\/?p=7303\"]}]},{\"@type\":\"ImageObject\",\"inLanguage\":\"de\",\"@id\":\"https:\\\/\\\/www.gesamtschule-eiserfeld.de\\\/?p=7303#primaryimage\",\"url\":\"https:\\\/\\\/i0.wp.com\\\/www.gesamtschule-eiserfeld.de\\\/wp-content\\\/uploads\\\/2016\\\/09\\\/1-1.jpg?fit=1113%2C626&ssl=1\",\"contentUrl\":\"https:\\\/\\\/i0.wp.com\\\/www.gesamtschule-eiserfeld.de\\\/wp-content\\\/uploads\\\/2016\\\/09\\\/1-1.jpg?fit=1113%2C626&ssl=1\",\"width\":1113,\"height\":626},{\"@type\":\"BreadcrumbList\",\"@id\":\"https:\\\/\\\/www.gesamtschule-eiserfeld.de\\\/?p=7303#breadcrumb\",\"itemListElement\":[{\"@type\":\"ListItem\",\"position\":1,\"name\":\"Startseite\",\"item\":\"https:\\\/\\\/www.gesamtschule-eiserfeld.de\\\/\"},{\"@type\":\"ListItem\",\"position\":2,\"name\":\"Sommertage in der goldenen Stadt\"}]},{\"@type\":\"WebSite\",\"@id\":\"https:\\\/\\\/www.gesamtschule-eiserfeld.de\\\/#website\",\"url\":\"https:\\\/\\\/www.gesamtschule-eiserfeld.de\\\/\",\"name\":\"Gesamtschule Eiserfeld\",\"description\":\"\",\"publisher\":{\"@id\":\"https:\\\/\\\/www.gesamtschule-eiserfeld.de\\\/#organization\"},\"potentialAction\":[{\"@type\":\"SearchAction\",\"target\":{\"@type\":\"EntryPoint\",\"urlTemplate\":\"https:\\\/\\\/www.gesamtschule-eiserfeld.de\\\/?s={search_term_string}\"},\"query-input\":{\"@type\":\"PropertyValueSpecification\",\"valueRequired\":true,\"valueName\":\"search_term_string\"}}],\"inLanguage\":\"de\"},{\"@type\":\"Organization\",\"@id\":\"https:\\\/\\\/www.gesamtschule-eiserfeld.de\\\/#organization\",\"name\":\"Gesamtschule Eiserfeld\",\"url\":\"https:\\\/\\\/www.gesamtschule-eiserfeld.de\\\/\",\"logo\":{\"@type\":\"ImageObject\",\"inLanguage\":\"de\",\"@id\":\"https:\\\/\\\/www.gesamtschule-eiserfeld.de\\\/#\\\/schema\\\/logo\\\/image\\\/\",\"url\":\"https:\\\/\\\/i1.wp.com\\\/www.gesamtschule-eiserfeld.de\\\/wp-content\\\/uploads\\\/2019\\\/01\\\/GEE-Logo-neu.jpg?fit=436%2C126&ssl=1\",\"contentUrl\":\"https:\\\/\\\/i1.wp.com\\\/www.gesamtschule-eiserfeld.de\\\/wp-content\\\/uploads\\\/2019\\\/01\\\/GEE-Logo-neu.jpg?fit=436%2C126&ssl=1\",\"width\":436,\"height\":126,\"caption\":\"Gesamtschule Eiserfeld\"},\"image\":{\"@id\":\"https:\\\/\\\/www.gesamtschule-eiserfeld.de\\\/#\\\/schema\\\/logo\\\/image\\\/\"},\"sameAs\":[\"https:\\\/\\\/www.facebook.com\\\/GEEiserfeld\"]},{\"@type\":\"Person\",\"@id\":\"https:\\\/\\\/www.gesamtschule-eiserfeld.de\\\/#\\\/schema\\\/person\\\/9f37123dd2ff514a1346db435bdb3784\",\"name\":\"dorw\",\"sameAs\":[\"http:\\\/\\\/www.ge-eiserfeld.de\"],\"url\":\"https:\\\/\\\/www.gesamtschule-eiserfeld.de\\\/?author=9\"}]}<\/script>\n<!-- \/ Yoast SEO plugin. -->","yoast_head_json":{"title":"Sommertage in der goldenen Stadt - Gesamtschule Eiserfeld","robots":{"index":"index","follow":"follow","max-snippet":"max-snippet:-1","max-image-preview":"max-image-preview:large","max-video-preview":"max-video-preview:-1"},"canonical":"https:\/\/www.gesamtschule-eiserfeld.de\/?p=7303","og_locale":"de_DE","og_type":"article","og_title":"Sommertage in der goldenen Stadt - Gesamtschule Eiserfeld","og_description":"[2016-09-08 TELL] Was ist der richtige Ort f\u00fcr eine Abschlussfahrtfahrt? \u201ePrag!\u201c Das war die Antwort der Jahrgangsstufe Q2 und die Sch\u00fcler hatten Recht! Obwohl das Gep\u00e4ck bei str\u00f6menden Regen ausgeladen wurde, zeigt sich die tschechische Hauptstadt in der restlichen Woche von ihrer sch\u00f6nsten Seite.","og_url":"https:\/\/www.gesamtschule-eiserfeld.de\/?p=7303","og_site_name":"Gesamtschule Eiserfeld","article_publisher":"https:\/\/www.facebook.com\/GEEiserfeld","article_published_time":"2016-09-08T05:45:05+00:00","article_modified_time":"2016-09-08T19:37:05+00:00","og_image":[{"width":1113,"height":626,"url":"https:\/\/i2.wp.com\/www.gesamtschule-eiserfeld.de\/wp-content\/uploads\/2016\/09\/1-1.jpg?fit=1113%2C626&ssl=1","type":"image\/jpeg"}],"author":"dorw","twitter_card":"summary_large_image","twitter_misc":{"Verfasst von":"dorw","Gesch\u00e4tzte Lesezeit":"1\u00a0Minute"},"schema":{"@context":"https:\/\/schema.org","@graph":[{"@type":"Article","@id":"https:\/\/www.gesamtschule-eiserfeld.de\/?p=7303#article","isPartOf":{"@id":"https:\/\/www.gesamtschule-eiserfeld.de\/?p=7303"},"author":{"name":"dorw","@id":"https:\/\/www.gesamtschule-eiserfeld.de\/#\/schema\/person\/9f37123dd2ff514a1346db435bdb3784"},"headline":"Sommertage in der goldenen Stadt","datePublished":"2016-09-08T05:45:05+00:00","dateModified":"2016-09-08T19:37:05+00:00","mainEntityOfPage":{"@id":"https:\/\/www.gesamtschule-eiserfeld.de\/?p=7303"},"wordCount":198,"publisher":{"@id":"https:\/\/www.gesamtschule-eiserfeld.de\/#organization"},"image":{"@id":"https:\/\/www.gesamtschule-eiserfeld.de\/?p=7303#primaryimage"},"thumbnailUrl":"https:\/\/i0.wp.com\/www.gesamtschule-eiserfeld.de\/wp-content\/uploads\/2016\/09\/1-1.jpg?fit=1113%2C626&ssl=1","articleSection":["Exkursion","Klassenfahrt","Sekundarstufe II","Soziales Lernen"],"inLanguage":"de"},{"@type":"WebPage","@id":"https:\/\/www.gesamtschule-eiserfeld.de\/?p=7303","url":"https:\/\/www.gesamtschule-eiserfeld.de\/?p=7303","name":"Sommertage in der goldenen Stadt - Gesamtschule Eiserfeld","isPartOf":{"@id":"https:\/\/www.gesamtschule-eiserfeld.de\/#website"},"primaryImageOfPage":{"@id":"https:\/\/www.gesamtschule-eiserfeld.de\/?p=7303#primaryimage"},"image":{"@id":"https:\/\/www.gesamtschule-eiserfeld.de\/?p=7303#primaryimage"},"thumbnailUrl":"https:\/\/i0.wp.com\/www.gesamtschule-eiserfeld.de\/wp-content\/uploads\/2016\/09\/1-1.jpg?fit=1113%2C626&ssl=1","datePublished":"2016-09-08T05:45:05+00:00","dateModified":"2016-09-08T19:37:05+00:00","breadcrumb":{"@id":"https:\/\/www.gesamtschule-eiserfeld.de\/?p=7303#breadcrumb"},"inLanguage":"de","potentialAction":[{"@type":"ReadAction","target":["https:\/\/www.gesamtschule-eiserfeld.de\/?p=7303"]}]},{"@type":"ImageObject","inLanguage":"de","@id":"https:\/\/www.gesamtschule-eiserfeld.de\/?p=7303#primaryimage","url":"https:\/\/i0.wp.com\/www.gesamtschule-eiserfeld.de\/wp-content\/uploads\/2016\/09\/1-1.jpg?fit=1113%2C626&ssl=1","contentUrl":"https:\/\/i0.wp.com\/www.gesamtschule-eiserfeld.de\/wp-content\/uploads\/2016\/09\/1-1.jpg?fit=1113%2C626&ssl=1","width":1113,"height":626},{"@type":"BreadcrumbList","@id":"https:\/\/www.gesamtschule-eiserfeld.de\/?p=7303#breadcrumb","itemListElement":[{"@type":"ListItem","position":1,"name":"Startseite","item":"https:\/\/www.gesamtschule-eiserfeld.de\/"},{"@type":"ListItem","position":2,"name":"Sommertage in der goldenen Stadt"}]},{"@type":"WebSite","@id":"https:\/\/www.gesamtschule-eiserfeld.de\/#website","url":"https:\/\/www.gesamtschule-eiserfeld.de\/","name":"Gesamtschule Eiserfeld","description":"","publisher":{"@id":"https:\/\/www.gesamtschule-eiserfeld.de\/#organization"},"potentialAction":[{"@type":"SearchAction","target":{"@type":"EntryPoint","urlTemplate":"https:\/\/www.gesamtschule-eiserfeld.de\/?s={search_term_string}"},"query-input":{"@type":"PropertyValueSpecification","valueRequired":true,"valueName":"search_term_string"}}],"inLanguage":"de"},{"@type":"Organization","@id":"https:\/\/www.gesamtschule-eiserfeld.de\/#organization","name":"Gesamtschule Eiserfeld","url":"https:\/\/www.gesamtschule-eiserfeld.de\/","logo":{"@type":"ImageObject","inLanguage":"de","@id":"https:\/\/www.gesamtschule-eiserfeld.de\/#\/schema\/logo\/image\/","url":"https:\/\/i1.wp.com\/www.gesamtschule-eiserfeld.de\/wp-content\/uploads\/2019\/01\/GEE-Logo-neu.jpg?fit=436%2C126&ssl=1","contentUrl":"https:\/\/i1.wp.com\/www.gesamtschule-eiserfeld.de\/wp-content\/uploads\/2019\/01\/GEE-Logo-neu.jpg?fit=436%2C126&ssl=1","width":436,"height":126,"caption":"Gesamtschule Eiserfeld"},"image":{"@id":"https:\/\/www.gesamtschule-eiserfeld.de\/#\/schema\/logo\/image\/"},"sameAs":["https:\/\/www.facebook.com\/GEEiserfeld"]},{"@type":"Person","@id":"https:\/\/www.gesamtschule-eiserfeld.de\/#\/schema\/person\/9f37123dd2ff514a1346db435bdb3784","name":"dorw","sameAs":["http:\/\/www.ge-eiserfeld.de"],"url":"https:\/\/www.gesamtschule-eiserfeld.de\/?author=9"}]}},"jetpack_publicize_connections":[],"jetpack_featured_media_url":"https:\/\/i0.wp.com\/www.gesamtschule-eiserfeld.de\/wp-content\/uploads\/2016\/09\/1-1.jpg?fit=1113%2C626&ssl=1","jetpack_shortlink":"https:\/\/wp.me\/p2weeL-1TN","jetpack_sharing_enabled":true,"_links":{"self":[{"href":"https:\/\/www.gesamtschule-eiserfeld.de\/index.php?rest_route=\/wp\/v2\/posts\/7303","targetHints":{"allow":["GET"]}}],"collection":[{"href":"https:\/\/www.gesamtschule-eiserfeld.de\/index.php?rest_route=\/wp\/v2\/posts"}],"about":[{"href":"https:\/\/www.gesamtschule-eiserfeld.de\/index.php?rest_route=\/wp\/v2\/types\/post"}],"author":[{"embeddable":true,"href":"https:\/\/www.gesamtschule-eiserfeld.de\/index.php?rest_route=\/wp\/v2\/users\/9"}],"replies":[{"embeddable":true,"href":"https:\/\/www.gesamtschule-eiserfeld.de\/index.php?rest_route=%2Fwp%2Fv2%2Fcomments&post=7303"}],"version-history":[{"count":0,"href":"https:\/\/www.gesamtschule-eiserfeld.de\/index.php?rest_route=\/wp\/v2\/posts\/7303\/revisions"}],"wp:featuredmedia":[{"embeddable":true,"href":"https:\/\/www.gesamtschule-eiserfeld.de\/index.php?rest_route=\/wp\/v2\/media\/7307"}],"wp:attachment":[{"href":"https:\/\/www.gesamtschule-eiserfeld.de\/index.php?rest_route=%2Fwp%2Fv2%2Fmedia&parent=7303"}],"wp:term":[{"taxonomy":"category","embeddable":true,"href":"https:\/\/www.gesamtschule-eiserfeld.de\/index.php?rest_route=%2Fwp%2Fv2%2Fcategories&post=7303"},{"taxonomy":"post_tag","embeddable":true,"href":"https:\/\/www.gesamtschule-eiserfeld.de\/index.php?rest_route=%2Fwp%2Fv2%2Ftags&post=7303"}],"curies":[{"name":"wp","href":"https:\/\/api.w.org\/{rel}","templated":true}]}}