{"id":7650,"date":"2016-12-02T17:37:20","date_gmt":"2016-12-02T16:37:20","guid":{"rendered":"http:\/\/ge-eiserfeld.de\/?p=7650"},"modified":"2016-12-09T22:16:13","modified_gmt":"2016-12-09T21:16:13","slug":"deine-rechte-meine-rechte-unsere-rechte","status":"publish","type":"post","link":"https:\/\/www.gesamtschule-eiserfeld.de\/?p=7650","title":{"rendered":"Deine Rechte, meine Rechte &ndash; unsere Rechte!"},"content":{"rendered":"<p align=\"justify\"><img data-recalc-dims=\"1\" loading=\"lazy\" decoding=\"async\" title=\"clip_image002\" style=\"border-left-width: 0px; border-right-width: 0px; background-image: none; border-bottom-width: 0px; float: left; padding-top: 0px; padding-left: 0px; margin: 0px 10px 0px 0px; display: inline; padding-right: 0px; border-top-width: 0px\" border=\"0\" hspace=\"12\" alt=\"clip_image002\" src=\"https:\/\/i0.wp.com\/gesamtschule-eiserfeld.de\/wp-content\/uploads\/2016\/12\/clip_image002.jpg?resize=226%2C151\" width=\"226\" align=\"left\" height=\"151\">[2016-12-02 HEIP] Wieso gibt es Kinderrechte und Menschenrechte? &#8211; Diese und viele Fragen mehr stellte die 7D anl\u00e4sslich des Internationalen Tages der Kinderrechte am 20. November im Gespr\u00e4ch mit dem Bundestagsabgeordneten Willi Brase. <\/p>\n<p><!--more--><\/p>\n<p align=\"justify\">In der angeregten Diskussionsrunde wurde den Sch\u00fclern der 7D schnell klar, dass Rechte nicht selbstverst\u00e4ndlich sind, im Gegenteil. \u201eWas k\u00f6nnen wir tun, wenn unsere Rechte verletzt werden?\u201c, wollten sie wissen, auch wenn Kinderrechtsverletzung in Deutschland eher Einzelf\u00e4lle sind.<\/p>\n<p align=\"justify\"><img data-recalc-dims=\"1\" loading=\"lazy\" decoding=\"async\" title=\"clip_image004\" style=\"border-left-width: 0px; border-right-width: 0px; background-image: none; border-bottom-width: 0px; float: right; padding-top: 0px; padding-left: 0px; margin: 0px 0px 0px 10px; display: inline; padding-right: 0px; border-top-width: 0px\" border=\"0\" hspace=\"12\" alt=\"clip_image004\" src=\"https:\/\/i0.wp.com\/gesamtschule-eiserfeld.de\/wp-content\/uploads\/2016\/12\/clip_image004.jpg?resize=228%2C144\" width=\"228\" align=\"right\" height=\"144\">Die Lage im Rest der Welt hatte die Klasse bereits vorher anhand von Karten humanit\u00e4rer Organisationen analysiert und schnell festgestellt, dass leider in vielen Teilen der Welt weder die Kinder- noch die Menschenrechte die n\u00f6tige Beachtung finden. Einig mit Willi Brase waren sie sich schnell , dass Kinder besonders gesch\u00fctzt werden m\u00fcssen, um eine Chance auf ein gutes Leben zu haben. Daher interessierten sich viele Sch\u00fcler, was sie sonst noch f\u00fcr Kinderrechte tun k\u00f6nnen. \u201eEine entscheidende Sache ist dar\u00fcber zu sprechen.\u201c, so Brase. Rechte m\u00fcssen permanent eingefordert werden, sonst ist die Gefahr gro\u00df, dass sie missachtet werden. Nat\u00fcrlich wurden noch weitere Aktionen als Wege des politischen Handelns besprochen, etwa eine Kinderrechtsdemo oder eine offene Petition .<\/p>\n<p align=\"justify\">Abschlie\u00dfend wurde die Pr\u00e4sidentschaftswahl in den USA als interessantes besorgniserregendes Ereignis zugleich diskutiert \u2013 k\u00f6nnen Kinderrechte von jemandem gewahrt werden, der sich so ver\u00e4chtlich \u00fcber Menschen ausl\u00e4sst wie Donald Trump? Diese Entwicklungen wollen alle gespannt verfolgen.<\/p>\n<p align=\"justify\"><img data-recalc-dims=\"1\" loading=\"lazy\" decoding=\"async\" title=\"image\" style=\"border-left-width: 0px; border-right-width: 0px; background-image: none; border-bottom-width: 0px; padding-top: 0px; padding-left: 0px; margin: 0px 10px 0px 0px; display: inline; padding-right: 0px; border-top-width: 0px\" border=\"0\" alt=\"image\" src=\"https:\/\/i0.wp.com\/gesamtschule-eiserfeld.de\/wp-content\/uploads\/2016\/12\/image.png?resize=361%2C241\" width=\"361\" height=\"241\"><\/p>\n","protected":false},"excerpt":{"rendered":"<p>[2016-12-02 HEIP] Wieso gibt es Kinderrechte und Menschenrechte? &#8211; Diese und viele Fragen mehr stellte die 7D anl\u00e4sslich des Internationalen Tages der Kinderrechte am 20. November im Gespr\u00e4ch mit dem Bundestagsabgeordneten Willi Brase.<\/p>\n","protected":false},"author":9,"featured_media":0,"comment_status":"closed","ping_status":"open","sticky":false,"template":"","format":"standard","meta":{"jetpack_post_was_ever_published":false,"_jetpack_newsletter_access":"","_jetpack_dont_email_post_to_subs":true,"_jetpack_newsletter_tier_id":0,"_jetpack_memberships_contains_paywalled_content":false,"_jetpack_memberships_contains_paid_content":false,"footnotes":"","jetpack_publicize_message":"","jetpack_publicize_feature_enabled":true,"jetpack_social_post_already_shared":true,"jetpack_social_options":{"image_generator_settings":{"template":"highway","default_image_id":0,"font":"","enabled":false},"version":2}},"categories":[54,53,35],"tags":[],"class_list":["post-7650","post","type-post","status-publish","format-standard","hentry","category-aktionen","category-gesellschaftslehre","category-jg-78"],"yoast_head":"<!-- This site is optimized with the Yoast SEO plugin v27.4 - https:\/\/yoast.com\/product\/yoast-seo-wordpress\/ -->\n<title>Deine Rechte, meine Rechte &ndash; unsere Rechte! - Gesamtschule Eiserfeld<\/title>\n<meta name=\"robots\" content=\"index, follow, max-snippet:-1, max-image-preview:large, max-video-preview:-1\" \/>\n<link rel=\"canonical\" href=\"https:\/\/www.gesamtschule-eiserfeld.de\/?p=7650\" \/>\n<meta property=\"og:locale\" content=\"de_DE\" \/>\n<meta property=\"og:type\" content=\"article\" \/>\n<meta property=\"og:title\" content=\"Deine Rechte, meine Rechte &ndash; unsere Rechte! - Gesamtschule Eiserfeld\" \/>\n<meta property=\"og:description\" content=\"[2016-12-02 HEIP] Wieso gibt es Kinderrechte und Menschenrechte? &#8211; Diese und viele Fragen mehr stellte die 7D anl\u00e4sslich des Internationalen Tages der Kinderrechte am 20. November im Gespr\u00e4ch mit dem Bundestagsabgeordneten Willi Brase.\" \/>\n<meta property=\"og:url\" content=\"https:\/\/www.gesamtschule-eiserfeld.de\/?p=7650\" \/>\n<meta property=\"og:site_name\" content=\"Gesamtschule Eiserfeld\" \/>\n<meta property=\"article:publisher\" content=\"https:\/\/www.facebook.com\/GEEiserfeld\" \/>\n<meta property=\"article:published_time\" content=\"2016-12-02T16:37:20+00:00\" \/>\n<meta property=\"article:modified_time\" content=\"2016-12-09T21:16:13+00:00\" \/>\n<meta property=\"og:image\" content=\"http:\/\/gesamtschule-eiserfeld.de\/wp-content\/uploads\/2016\/12\/clip_image002.jpg\" \/>\n<meta name=\"author\" content=\"dorw\" \/>\n<meta name=\"twitter:card\" content=\"summary_large_image\" \/>\n<meta name=\"twitter:label1\" content=\"Verfasst von\" \/>\n\t<meta name=\"twitter:data1\" content=\"dorw\" \/>\n\t<meta name=\"twitter:label2\" content=\"Gesch\u00e4tzte Lesezeit\" \/>\n\t<meta name=\"twitter:data2\" content=\"1\u00a0Minute\" \/>\n<script type=\"application\/ld+json\" class=\"yoast-schema-graph\">{\"@context\":\"https:\\\/\\\/schema.org\",\"@graph\":[{\"@type\":\"Article\",\"@id\":\"https:\\\/\\\/www.gesamtschule-eiserfeld.de\\\/?p=7650#article\",\"isPartOf\":{\"@id\":\"https:\\\/\\\/www.gesamtschule-eiserfeld.de\\\/?p=7650\"},\"author\":{\"name\":\"dorw\",\"@id\":\"https:\\\/\\\/www.gesamtschule-eiserfeld.de\\\/#\\\/schema\\\/person\\\/9f37123dd2ff514a1346db435bdb3784\"},\"headline\":\"Deine Rechte, meine Rechte &ndash; unsere Rechte!\",\"datePublished\":\"2016-12-02T16:37:20+00:00\",\"dateModified\":\"2016-12-09T21:16:13+00:00\",\"mainEntityOfPage\":{\"@id\":\"https:\\\/\\\/www.gesamtschule-eiserfeld.de\\\/?p=7650\"},\"wordCount\":248,\"publisher\":{\"@id\":\"https:\\\/\\\/www.gesamtschule-eiserfeld.de\\\/#organization\"},\"image\":{\"@id\":\"https:\\\/\\\/www.gesamtschule-eiserfeld.de\\\/?p=7650#primaryimage\"},\"thumbnailUrl\":\"http:\\\/\\\/gesamtschule-eiserfeld.de\\\/wp-content\\\/uploads\\\/2016\\\/12\\\/clip_image002.jpg\",\"articleSection\":[\"Aktionen\",\"Gesellschaftslehre\",\"Jg 7\\\/8\"],\"inLanguage\":\"de\"},{\"@type\":\"WebPage\",\"@id\":\"https:\\\/\\\/www.gesamtschule-eiserfeld.de\\\/?p=7650\",\"url\":\"https:\\\/\\\/www.gesamtschule-eiserfeld.de\\\/?p=7650\",\"name\":\"Deine Rechte, meine Rechte &ndash; unsere Rechte! - Gesamtschule Eiserfeld\",\"isPartOf\":{\"@id\":\"https:\\\/\\\/www.gesamtschule-eiserfeld.de\\\/#website\"},\"primaryImageOfPage\":{\"@id\":\"https:\\\/\\\/www.gesamtschule-eiserfeld.de\\\/?p=7650#primaryimage\"},\"image\":{\"@id\":\"https:\\\/\\\/www.gesamtschule-eiserfeld.de\\\/?p=7650#primaryimage\"},\"thumbnailUrl\":\"http:\\\/\\\/gesamtschule-eiserfeld.de\\\/wp-content\\\/uploads\\\/2016\\\/12\\\/clip_image002.jpg\",\"datePublished\":\"2016-12-02T16:37:20+00:00\",\"dateModified\":\"2016-12-09T21:16:13+00:00\",\"breadcrumb\":{\"@id\":\"https:\\\/\\\/www.gesamtschule-eiserfeld.de\\\/?p=7650#breadcrumb\"},\"inLanguage\":\"de\",\"potentialAction\":[{\"@type\":\"ReadAction\",\"target\":[\"https:\\\/\\\/www.gesamtschule-eiserfeld.de\\\/?p=7650\"]}]},{\"@type\":\"ImageObject\",\"inLanguage\":\"de\",\"@id\":\"https:\\\/\\\/www.gesamtschule-eiserfeld.de\\\/?p=7650#primaryimage\",\"url\":\"http:\\\/\\\/gesamtschule-eiserfeld.de\\\/wp-content\\\/uploads\\\/2016\\\/12\\\/clip_image002.jpg\",\"contentUrl\":\"http:\\\/\\\/gesamtschule-eiserfeld.de\\\/wp-content\\\/uploads\\\/2016\\\/12\\\/clip_image002.jpg\"},{\"@type\":\"BreadcrumbList\",\"@id\":\"https:\\\/\\\/www.gesamtschule-eiserfeld.de\\\/?p=7650#breadcrumb\",\"itemListElement\":[{\"@type\":\"ListItem\",\"position\":1,\"name\":\"Startseite\",\"item\":\"https:\\\/\\\/www.gesamtschule-eiserfeld.de\\\/\"},{\"@type\":\"ListItem\",\"position\":2,\"name\":\"Deine Rechte, meine Rechte &ndash; unsere Rechte!\"}]},{\"@type\":\"WebSite\",\"@id\":\"https:\\\/\\\/www.gesamtschule-eiserfeld.de\\\/#website\",\"url\":\"https:\\\/\\\/www.gesamtschule-eiserfeld.de\\\/\",\"name\":\"Gesamtschule Eiserfeld\",\"description\":\"\",\"publisher\":{\"@id\":\"https:\\\/\\\/www.gesamtschule-eiserfeld.de\\\/#organization\"},\"potentialAction\":[{\"@type\":\"SearchAction\",\"target\":{\"@type\":\"EntryPoint\",\"urlTemplate\":\"https:\\\/\\\/www.gesamtschule-eiserfeld.de\\\/?s={search_term_string}\"},\"query-input\":{\"@type\":\"PropertyValueSpecification\",\"valueRequired\":true,\"valueName\":\"search_term_string\"}}],\"inLanguage\":\"de\"},{\"@type\":\"Organization\",\"@id\":\"https:\\\/\\\/www.gesamtschule-eiserfeld.de\\\/#organization\",\"name\":\"Gesamtschule Eiserfeld\",\"url\":\"https:\\\/\\\/www.gesamtschule-eiserfeld.de\\\/\",\"logo\":{\"@type\":\"ImageObject\",\"inLanguage\":\"de\",\"@id\":\"https:\\\/\\\/www.gesamtschule-eiserfeld.de\\\/#\\\/schema\\\/logo\\\/image\\\/\",\"url\":\"https:\\\/\\\/i1.wp.com\\\/www.gesamtschule-eiserfeld.de\\\/wp-content\\\/uploads\\\/2019\\\/01\\\/GEE-Logo-neu.jpg?fit=436%2C126&ssl=1\",\"contentUrl\":\"https:\\\/\\\/i1.wp.com\\\/www.gesamtschule-eiserfeld.de\\\/wp-content\\\/uploads\\\/2019\\\/01\\\/GEE-Logo-neu.jpg?fit=436%2C126&ssl=1\",\"width\":436,\"height\":126,\"caption\":\"Gesamtschule Eiserfeld\"},\"image\":{\"@id\":\"https:\\\/\\\/www.gesamtschule-eiserfeld.de\\\/#\\\/schema\\\/logo\\\/image\\\/\"},\"sameAs\":[\"https:\\\/\\\/www.facebook.com\\\/GEEiserfeld\"]},{\"@type\":\"Person\",\"@id\":\"https:\\\/\\\/www.gesamtschule-eiserfeld.de\\\/#\\\/schema\\\/person\\\/9f37123dd2ff514a1346db435bdb3784\",\"name\":\"dorw\",\"sameAs\":[\"http:\\\/\\\/www.ge-eiserfeld.de\"],\"url\":\"https:\\\/\\\/www.gesamtschule-eiserfeld.de\\\/?author=9\"}]}<\/script>\n<!-- \/ Yoast SEO plugin. -->","yoast_head_json":{"title":"Deine Rechte, meine Rechte &ndash; unsere Rechte! - Gesamtschule Eiserfeld","robots":{"index":"index","follow":"follow","max-snippet":"max-snippet:-1","max-image-preview":"max-image-preview:large","max-video-preview":"max-video-preview:-1"},"canonical":"https:\/\/www.gesamtschule-eiserfeld.de\/?p=7650","og_locale":"de_DE","og_type":"article","og_title":"Deine Rechte, meine Rechte &ndash; unsere Rechte! - Gesamtschule Eiserfeld","og_description":"[2016-12-02 HEIP] Wieso gibt es Kinderrechte und Menschenrechte? &#8211; Diese und viele Fragen mehr stellte die 7D anl\u00e4sslich des Internationalen Tages der Kinderrechte am 20. November im Gespr\u00e4ch mit dem Bundestagsabgeordneten Willi Brase.","og_url":"https:\/\/www.gesamtschule-eiserfeld.de\/?p=7650","og_site_name":"Gesamtschule Eiserfeld","article_publisher":"https:\/\/www.facebook.com\/GEEiserfeld","article_published_time":"2016-12-02T16:37:20+00:00","article_modified_time":"2016-12-09T21:16:13+00:00","og_image":[{"url":"http:\/\/gesamtschule-eiserfeld.de\/wp-content\/uploads\/2016\/12\/clip_image002.jpg","type":"","width":"","height":""}],"author":"dorw","twitter_card":"summary_large_image","twitter_misc":{"Verfasst von":"dorw","Gesch\u00e4tzte Lesezeit":"1\u00a0Minute"},"schema":{"@context":"https:\/\/schema.org","@graph":[{"@type":"Article","@id":"https:\/\/www.gesamtschule-eiserfeld.de\/?p=7650#article","isPartOf":{"@id":"https:\/\/www.gesamtschule-eiserfeld.de\/?p=7650"},"author":{"name":"dorw","@id":"https:\/\/www.gesamtschule-eiserfeld.de\/#\/schema\/person\/9f37123dd2ff514a1346db435bdb3784"},"headline":"Deine Rechte, meine Rechte &ndash; unsere Rechte!","datePublished":"2016-12-02T16:37:20+00:00","dateModified":"2016-12-09T21:16:13+00:00","mainEntityOfPage":{"@id":"https:\/\/www.gesamtschule-eiserfeld.de\/?p=7650"},"wordCount":248,"publisher":{"@id":"https:\/\/www.gesamtschule-eiserfeld.de\/#organization"},"image":{"@id":"https:\/\/www.gesamtschule-eiserfeld.de\/?p=7650#primaryimage"},"thumbnailUrl":"http:\/\/gesamtschule-eiserfeld.de\/wp-content\/uploads\/2016\/12\/clip_image002.jpg","articleSection":["Aktionen","Gesellschaftslehre","Jg 7\/8"],"inLanguage":"de"},{"@type":"WebPage","@id":"https:\/\/www.gesamtschule-eiserfeld.de\/?p=7650","url":"https:\/\/www.gesamtschule-eiserfeld.de\/?p=7650","name":"Deine Rechte, meine Rechte &ndash; unsere Rechte! - Gesamtschule Eiserfeld","isPartOf":{"@id":"https:\/\/www.gesamtschule-eiserfeld.de\/#website"},"primaryImageOfPage":{"@id":"https:\/\/www.gesamtschule-eiserfeld.de\/?p=7650#primaryimage"},"image":{"@id":"https:\/\/www.gesamtschule-eiserfeld.de\/?p=7650#primaryimage"},"thumbnailUrl":"http:\/\/gesamtschule-eiserfeld.de\/wp-content\/uploads\/2016\/12\/clip_image002.jpg","datePublished":"2016-12-02T16:37:20+00:00","dateModified":"2016-12-09T21:16:13+00:00","breadcrumb":{"@id":"https:\/\/www.gesamtschule-eiserfeld.de\/?p=7650#breadcrumb"},"inLanguage":"de","potentialAction":[{"@type":"ReadAction","target":["https:\/\/www.gesamtschule-eiserfeld.de\/?p=7650"]}]},{"@type":"ImageObject","inLanguage":"de","@id":"https:\/\/www.gesamtschule-eiserfeld.de\/?p=7650#primaryimage","url":"http:\/\/gesamtschule-eiserfeld.de\/wp-content\/uploads\/2016\/12\/clip_image002.jpg","contentUrl":"http:\/\/gesamtschule-eiserfeld.de\/wp-content\/uploads\/2016\/12\/clip_image002.jpg"},{"@type":"BreadcrumbList","@id":"https:\/\/www.gesamtschule-eiserfeld.de\/?p=7650#breadcrumb","itemListElement":[{"@type":"ListItem","position":1,"name":"Startseite","item":"https:\/\/www.gesamtschule-eiserfeld.de\/"},{"@type":"ListItem","position":2,"name":"Deine Rechte, meine Rechte &ndash; unsere Rechte!"}]},{"@type":"WebSite","@id":"https:\/\/www.gesamtschule-eiserfeld.de\/#website","url":"https:\/\/www.gesamtschule-eiserfeld.de\/","name":"Gesamtschule Eiserfeld","description":"","publisher":{"@id":"https:\/\/www.gesamtschule-eiserfeld.de\/#organization"},"potentialAction":[{"@type":"SearchAction","target":{"@type":"EntryPoint","urlTemplate":"https:\/\/www.gesamtschule-eiserfeld.de\/?s={search_term_string}"},"query-input":{"@type":"PropertyValueSpecification","valueRequired":true,"valueName":"search_term_string"}}],"inLanguage":"de"},{"@type":"Organization","@id":"https:\/\/www.gesamtschule-eiserfeld.de\/#organization","name":"Gesamtschule Eiserfeld","url":"https:\/\/www.gesamtschule-eiserfeld.de\/","logo":{"@type":"ImageObject","inLanguage":"de","@id":"https:\/\/www.gesamtschule-eiserfeld.de\/#\/schema\/logo\/image\/","url":"https:\/\/i1.wp.com\/www.gesamtschule-eiserfeld.de\/wp-content\/uploads\/2019\/01\/GEE-Logo-neu.jpg?fit=436%2C126&ssl=1","contentUrl":"https:\/\/i1.wp.com\/www.gesamtschule-eiserfeld.de\/wp-content\/uploads\/2019\/01\/GEE-Logo-neu.jpg?fit=436%2C126&ssl=1","width":436,"height":126,"caption":"Gesamtschule Eiserfeld"},"image":{"@id":"https:\/\/www.gesamtschule-eiserfeld.de\/#\/schema\/logo\/image\/"},"sameAs":["https:\/\/www.facebook.com\/GEEiserfeld"]},{"@type":"Person","@id":"https:\/\/www.gesamtschule-eiserfeld.de\/#\/schema\/person\/9f37123dd2ff514a1346db435bdb3784","name":"dorw","sameAs":["http:\/\/www.ge-eiserfeld.de"],"url":"https:\/\/www.gesamtschule-eiserfeld.de\/?author=9"}]}},"jetpack_publicize_connections":[],"jetpack_featured_media_url":"","jetpack_shortlink":"https:\/\/wp.me\/p2weeL-1Zo","jetpack_sharing_enabled":true,"_links":{"self":[{"href":"https:\/\/www.gesamtschule-eiserfeld.de\/index.php?rest_route=\/wp\/v2\/posts\/7650","targetHints":{"allow":["GET"]}}],"collection":[{"href":"https:\/\/www.gesamtschule-eiserfeld.de\/index.php?rest_route=\/wp\/v2\/posts"}],"about":[{"href":"https:\/\/www.gesamtschule-eiserfeld.de\/index.php?rest_route=\/wp\/v2\/types\/post"}],"author":[{"embeddable":true,"href":"https:\/\/www.gesamtschule-eiserfeld.de\/index.php?rest_route=\/wp\/v2\/users\/9"}],"replies":[{"embeddable":true,"href":"https:\/\/www.gesamtschule-eiserfeld.de\/index.php?rest_route=%2Fwp%2Fv2%2Fcomments&post=7650"}],"version-history":[{"count":0,"href":"https:\/\/www.gesamtschule-eiserfeld.de\/index.php?rest_route=\/wp\/v2\/posts\/7650\/revisions"}],"wp:attachment":[{"href":"https:\/\/www.gesamtschule-eiserfeld.de\/index.php?rest_route=%2Fwp%2Fv2%2Fmedia&parent=7650"}],"wp:term":[{"taxonomy":"category","embeddable":true,"href":"https:\/\/www.gesamtschule-eiserfeld.de\/index.php?rest_route=%2Fwp%2Fv2%2Fcategories&post=7650"},{"taxonomy":"post_tag","embeddable":true,"href":"https:\/\/www.gesamtschule-eiserfeld.de\/index.php?rest_route=%2Fwp%2Fv2%2Ftags&post=7650"}],"curies":[{"name":"wp","href":"https:\/\/api.w.org\/{rel}","templated":true}]}}