{"id":7843,"date":"2016-12-20T22:18:37","date_gmt":"2016-12-20T21:18:37","guid":{"rendered":"http:\/\/ge-eiserfeld.de\/?p=7843"},"modified":"2016-12-23T22:22:28","modified_gmt":"2016-12-23T21:22:28","slug":"newsletter-weihnachten-2016","status":"publish","type":"post","link":"https:\/\/www.gesamtschule-eiserfeld.de\/?p=7843","title":{"rendered":"Newsletter Weihnachten 2016"},"content":{"rendered":"<p><span style=\"font-family: Arial;\"><strong>Liebe Eltern, liebe Freunde unserer Gesamtschule,<\/strong><\/span><\/p>\n<p><span style=\"font-family: Arial;\">w\u00e4hrend wir diese Zeilen an Sie schreiben, stehen wir alle v\u00f6llig fassungslos vor dem schrecklichen Anschlag von Berlin. Unschuldige Opfer, vielfaches Leid. Der Terror hat sich auch in Deutschland etabliert, nicht zum ersten Mal in diesem Jahr.<\/span><\/p>\n<p><span style=\"font-family: Arial;\">Dennoch! Wir m\u00f6chten in einer schnellen Zusammenschau \u00fcber unseren Alltag und unsere kleinen Erfolge berichten:<\/span><!--more--><\/p>\n<p><span style=\"font-family: Arial;\"><b>In den Sommerferien<\/b><\/span><\/p>\n<p><span style=\"font-family: Arial;\">Viele unserer Umbauw\u00fcnsche f\u00fcr den Hengsberg wurden vollendet mit hoher Geschwindigkeit ausgef\u00fchrt. Der Verwaltungstrakt f\u00fcr die Stufe 5 bis 7 ist ausgebaut, neue Klassenr\u00e4ume f\u00fcr drei Jahrg\u00e4nge im Neu- und Altbau sind eingerichtet, die Grundschule ist mit ihrem vierten Jahrgang in einen f\u00fcr beide Schulen g\u00fcnstigeren und frisch renovierten Seitenfl\u00fcgel umgezogen. Der Altbau ist nun behindertengerecht zug\u00e4nglich, die Technikr\u00e4umlichkeiten sind gro\u00dfz\u00fcgig eingerichtet. Sehr positiv hat sich der Ganztagsbereich entwickelt.<\/span><\/p>\n<p><span style=\"font-family: Arial;\"><b>Neues seit dem Schulstart<\/b><\/span><\/p>\n<p><span style=\"font-family: Arial;\">Das Schuljahr begann erstmals mit drei Jahrg\u00e4ngen am Hengsberg (Stufen 5 bis 7) und einer stark erweiterten Stufe 11\/EF unserer gymnasialen Oberstufe in der Talsbachstra\u00dfe. Unseren 125 Sch\u00fclern der neuen Stufe 11\/EF k\u00f6nnen wir nun tats\u00e4chlich dreizehn Leistungskurse in zehn (!) verschiedenen F\u00e4chern anbieten. Auch Sport, Erdkunde und der Newcomer Kunst sind dabei. Der gemeinsame Kraftakt der Erweiterung zahlt sich jetzt aus!<\/span><\/p>\n<p><span style=\"font-family: Arial;\">Unser Schulgottesdienst (Motto: Komm mit ins Team!) fand erstmals in der katholischen Kirche und zugleich in gemeinsamer \u00f6kumenischer Feier statt.<\/span><\/p>\n<p><span style=\"font-family: Arial;\">Unser Kollegium wird neuerdings verst\u00e4rkt durch Carolin Erdmann (Englisch, Sport), Katharina Jeschonek (Deutsch, Kunst), Alice Sch\u00f6ttler (Kunst, Franz\u00f6sisch), David Conrad (Englisch, Geschichte), Tobias Dorweiler und Kevin H\u00f6rnberger (beide Mathematik, Sozialwissenschaften), sowie Simon Jung (Mathematik, Geschichte). Einige haben leider vorerst nur einen Zeitvertrag f\u00fcr Kolleginnen in Elternzeit. Zum 1. November sind dreizehn\u00a0 neue Referendare angetreten. Wir hei\u00dfen alle herzlich willkommen!<\/span><\/p>\n<p><span style=\"font-family: Arial;\">Herr Dreisbach hat nach der Pensionierung von Frau Beldi das schwierige Alltagsgesch\u00e4ft der Vertretungsplanung mit Engagement \u00fcbernommen.<\/span><\/p>\n<p><span style=\"font-family: Arial;\">Erneut bot die Klassenfahrtswoche (s. Homepage-Artikel) in fast allen Jahrg\u00e4ngen neben attraktiven Zielen vor allem eins: eine stufenabh\u00e4ngig gelungene Mischung aus Lernerlebnis vor Ort und Gemeinschaftserfahrung.<\/span><\/p>\n<p><span style=\"font-family: Arial;\">Die neue Mensa am Hengsberg boomt. Das Essen ist gesund, schmeckt super und wird dankbar angenommen. Unser neues internetbasiertes Bestellsystem l\u00e4uft technisch einwandfrei, nur vergessen manche noch das Bestellen. Das wird sich einspielen.<\/span><\/p>\n<p><span style=\"font-family: Arial;\">Unsere Fl\u00fcchtlingsklassen sind aufgel\u00f6st! Manche dieser Sch\u00fcler werden jetzt an beruflichen Schulen unterrichtet, die meisten haben wir aber in bestehende Klassen integrieren k\u00f6nnen. Gro\u00dfes Lob an alle Beteiligten!<\/span><\/p>\n<p><span style=\"font-family: Arial;\">Neben normalem Unterricht, Klassenarbeiten und ersten Klausuren gab\u00b4s wie immer einige besondere Highlights. Dazu \u00a0gibt es viele lesenswerte Homepage-Artikel.<\/span><\/p>\n<p><span style=\"font-family: Arial;\">Bereits im September f\u00fchrte unser mittlerweile auf deutlich \u00fcber 100 Personen angewachsenes Kollegium eine sch\u00f6ne Exkursion in die H\u00fcgelwelt um Ahrweiler durch und besichtigte den ehemaligen atombombensicheren Regierungsbunker tief unter Weinreben.<\/span><\/p>\n<p><span style=\"font-family: Arial;\">Ein 3-D-Drucker erfreut seit Oktober nicht nur die Techniksch\u00fcler, sondern auch die Techniklehrer. Spielen und Lernen sind halt nicht immer gegens\u00e4tzlich!<\/span><\/p>\n<p><span style=\"font-family: Arial;\">Erneut ein Tag der Offenen T\u00fcr im November! Viele Besucher, gute Stimmung! Mal sehen, wie viele Kinder im Februar angemeldet werden.<\/span><\/p>\n<p><span style=\"font-family: Arial;\">Am zweiten Advent haben die Eierfelder Vereine nun schon fast traditionsgem\u00e4\u00df ihren Weihnachtsmarkt in unserer Aula gestaltet. Erneut ein Zeichen daf\u00fcr, dass wir die Schule Eiserfelds geworden sind.<\/span><\/p>\n<p><span style=\"font-family: Arial;\">Gro\u00dfe Freude gab\u2019s am Hengsberg \u00fcber das neue Kletterger\u00fcst. Eine Gemeinschaftsanstrengung von SV, Stadt Siegen, unseren 11er-Sch\u00fclern und vor allem aber unserem F\u00f6rderverein!<\/span><\/p>\n<p><span style=\"font-family: Arial;\">Nach dem Umbau am Hengsberg wird jetzt die Talsbachstra\u00dfe umgestaltet. Im Sommer 2018 starten wir dann dort erstmals mit f\u00fcnf Klassen pro Jahrgang. Das daf\u00fcr notwendige Umbaukonzept ist nach den Ferien entwickelt worden und in Ans\u00e4tzen schon umgesetzt. Die meisten Umbauten erfolgen aber im Sommer 2017. Uns geht die Arbeit momentan wahrlich nicht aus!<\/span><\/p>\n<p><span style=\"font-family: Arial;\">Am Mittwoch steht die Weihnachtsfeier der 5er an und verspricht angesichts der vielen Klassenbeitr\u00e4ge unserer J\u00fcngsten ein Erfolg zu werden.<\/span><\/p>\n<p><span style=\"font-family: Arial;\">Ja, und am Donnerstag werden wir wiederum ein Urgestein unserer Schule verabschieden: Frau Carta, von Beginn an nicht nur telefonische Stimme unserer Schule, sondern auch das Herz des Sekretariats, geht in den Ruhestand. Seit 1989 haben ausnahmslos alle Sch\u00fcler, ihre Eltern und alle Lehrer mit Gudrun Carta in vielf\u00e4ltiger Weise zu tun gehabt. Und sie konnten dabei von ihrer gelassenen, geduldigen und stets freundlichen Art profitieren. Wir w\u00fcnschen ihr alles Liebe und Gute f\u00fcr ihre private Zukunft!<\/span><\/p>\n<p><span style=\"font-family: Arial;\"><b>Und dann \u2013 ist erst einmal Schluss. Es gibt Ferien. Und die sind verdient!<\/b><\/span><\/p>\n<p><span style=\"font-family: Arial;\">Wir\u00a0w\u00fcnschen Ihnen und uns frohe und gesegnete Weihnachten und f\u00fcr 2017 Zuversicht, Gesundheit und pers\u00f6nliche Zufriedenheit. M\u00f6gen sich viele unserer W\u00fcnsche erf\u00fcllen!<br \/>\n<\/span><\/p>\n<p><span style=\"font-family: Arial;\">F\u00fcr das Kollegium der GEE<\/span><\/p>\n<p><span style=\"font-family: Arial;\">Uschi Zingler und Werner J\u00fcngst<\/span><\/p>\n","protected":false},"excerpt":{"rendered":"<p>Liebe Eltern, liebe Freunde unserer Gesamtschule, w\u00e4hrend wir diese Zeilen an Sie schreiben, stehen wir alle v\u00f6llig fassungslos vor dem schrecklichen Anschlag von Berlin. Unschuldige Opfer, vielfaches Leid. Der Terror hat sich auch in Deutschland etabliert, nicht zum ersten Mal in diesem Jahr. Dennoch! Wir m\u00f6chten in einer schnellen Zusammenschau \u00fcber unseren Alltag und unsere &hellip; <a href=\"https:\/\/www.gesamtschule-eiserfeld.de\/?p=7843\" class=\"more-link\"><span class=\"screen-reader-text\">Newsletter Weihnachten 2016<\/span> weiterlesen <span class=\"meta-nav\">&rarr;<\/span><\/a><\/p>\n","protected":false},"author":9,"featured_media":0,"comment_status":"closed","ping_status":"open","sticky":false,"template":"","format":"standard","meta":{"jetpack_post_was_ever_published":false,"_jetpack_newsletter_access":"","_jetpack_dont_email_post_to_subs":false,"_jetpack_newsletter_tier_id":0,"_jetpack_memberships_contains_paywalled_content":false,"_jetpack_memberships_contains_paid_content":false,"footnotes":"","jetpack_publicize_message":"","jetpack_publicize_feature_enabled":true,"jetpack_social_post_already_shared":true,"jetpack_social_options":{"image_generator_settings":{"template":"highway","default_image_id":0,"font":"","enabled":false},"version":2}},"categories":[62],"tags":[],"class_list":["post-7843","post","type-post","status-publish","format-standard","hentry","category-newsletter"],"yoast_head":"<!-- This site is optimized with the Yoast SEO plugin v27.4 - https:\/\/yoast.com\/product\/yoast-seo-wordpress\/ -->\n<title>Newsletter Weihnachten 2016 - Gesamtschule Eiserfeld<\/title>\n<meta name=\"robots\" content=\"index, follow, max-snippet:-1, max-image-preview:large, max-video-preview:-1\" \/>\n<link rel=\"canonical\" href=\"https:\/\/www.gesamtschule-eiserfeld.de\/?p=7843\" \/>\n<meta property=\"og:locale\" content=\"de_DE\" \/>\n<meta property=\"og:type\" content=\"article\" \/>\n<meta property=\"og:title\" content=\"Newsletter Weihnachten 2016 - Gesamtschule Eiserfeld\" \/>\n<meta property=\"og:description\" content=\"Liebe Eltern, liebe Freunde unserer Gesamtschule, w\u00e4hrend wir diese Zeilen an Sie schreiben, stehen wir alle v\u00f6llig fassungslos vor dem schrecklichen Anschlag von Berlin. Unschuldige Opfer, vielfaches Leid. Der Terror hat sich auch in Deutschland etabliert, nicht zum ersten Mal in diesem Jahr. Dennoch! Wir m\u00f6chten in einer schnellen Zusammenschau \u00fcber unseren Alltag und unsere &hellip; Newsletter Weihnachten 2016 weiterlesen &rarr;\" \/>\n<meta property=\"og:url\" content=\"https:\/\/www.gesamtschule-eiserfeld.de\/?p=7843\" \/>\n<meta property=\"og:site_name\" content=\"Gesamtschule Eiserfeld\" \/>\n<meta property=\"article:publisher\" content=\"https:\/\/www.facebook.com\/GEEiserfeld\" \/>\n<meta property=\"article:published_time\" content=\"2016-12-20T21:18:37+00:00\" \/>\n<meta property=\"article:modified_time\" content=\"2016-12-23T21:22:28+00:00\" \/>\n<meta name=\"author\" content=\"dorw\" \/>\n<meta name=\"twitter:card\" content=\"summary_large_image\" \/>\n<meta name=\"twitter:label1\" content=\"Verfasst von\" \/>\n\t<meta name=\"twitter:data1\" content=\"dorw\" \/>\n\t<meta name=\"twitter:label2\" content=\"Gesch\u00e4tzte Lesezeit\" \/>\n\t<meta name=\"twitter:data2\" content=\"4\u00a0Minuten\" \/>\n<script type=\"application\/ld+json\" class=\"yoast-schema-graph\">{\"@context\":\"https:\\\/\\\/schema.org\",\"@graph\":[{\"@type\":\"Article\",\"@id\":\"https:\\\/\\\/www.gesamtschule-eiserfeld.de\\\/?p=7843#article\",\"isPartOf\":{\"@id\":\"https:\\\/\\\/www.gesamtschule-eiserfeld.de\\\/?p=7843\"},\"author\":{\"name\":\"dorw\",\"@id\":\"https:\\\/\\\/www.gesamtschule-eiserfeld.de\\\/#\\\/schema\\\/person\\\/9f37123dd2ff514a1346db435bdb3784\"},\"headline\":\"Newsletter Weihnachten 2016\",\"datePublished\":\"2016-12-20T21:18:37+00:00\",\"dateModified\":\"2016-12-23T21:22:28+00:00\",\"mainEntityOfPage\":{\"@id\":\"https:\\\/\\\/www.gesamtschule-eiserfeld.de\\\/?p=7843\"},\"wordCount\":778,\"publisher\":{\"@id\":\"https:\\\/\\\/www.gesamtschule-eiserfeld.de\\\/#organization\"},\"articleSection\":[\"Newsletter\"],\"inLanguage\":\"de\"},{\"@type\":\"WebPage\",\"@id\":\"https:\\\/\\\/www.gesamtschule-eiserfeld.de\\\/?p=7843\",\"url\":\"https:\\\/\\\/www.gesamtschule-eiserfeld.de\\\/?p=7843\",\"name\":\"Newsletter Weihnachten 2016 - Gesamtschule Eiserfeld\",\"isPartOf\":{\"@id\":\"https:\\\/\\\/www.gesamtschule-eiserfeld.de\\\/#website\"},\"datePublished\":\"2016-12-20T21:18:37+00:00\",\"dateModified\":\"2016-12-23T21:22:28+00:00\",\"breadcrumb\":{\"@id\":\"https:\\\/\\\/www.gesamtschule-eiserfeld.de\\\/?p=7843#breadcrumb\"},\"inLanguage\":\"de\",\"potentialAction\":[{\"@type\":\"ReadAction\",\"target\":[\"https:\\\/\\\/www.gesamtschule-eiserfeld.de\\\/?p=7843\"]}]},{\"@type\":\"BreadcrumbList\",\"@id\":\"https:\\\/\\\/www.gesamtschule-eiserfeld.de\\\/?p=7843#breadcrumb\",\"itemListElement\":[{\"@type\":\"ListItem\",\"position\":1,\"name\":\"Startseite\",\"item\":\"https:\\\/\\\/www.gesamtschule-eiserfeld.de\\\/\"},{\"@type\":\"ListItem\",\"position\":2,\"name\":\"Newsletter Weihnachten 2016\"}]},{\"@type\":\"WebSite\",\"@id\":\"https:\\\/\\\/www.gesamtschule-eiserfeld.de\\\/#website\",\"url\":\"https:\\\/\\\/www.gesamtschule-eiserfeld.de\\\/\",\"name\":\"Gesamtschule Eiserfeld\",\"description\":\"\",\"publisher\":{\"@id\":\"https:\\\/\\\/www.gesamtschule-eiserfeld.de\\\/#organization\"},\"potentialAction\":[{\"@type\":\"SearchAction\",\"target\":{\"@type\":\"EntryPoint\",\"urlTemplate\":\"https:\\\/\\\/www.gesamtschule-eiserfeld.de\\\/?s={search_term_string}\"},\"query-input\":{\"@type\":\"PropertyValueSpecification\",\"valueRequired\":true,\"valueName\":\"search_term_string\"}}],\"inLanguage\":\"de\"},{\"@type\":\"Organization\",\"@id\":\"https:\\\/\\\/www.gesamtschule-eiserfeld.de\\\/#organization\",\"name\":\"Gesamtschule Eiserfeld\",\"url\":\"https:\\\/\\\/www.gesamtschule-eiserfeld.de\\\/\",\"logo\":{\"@type\":\"ImageObject\",\"inLanguage\":\"de\",\"@id\":\"https:\\\/\\\/www.gesamtschule-eiserfeld.de\\\/#\\\/schema\\\/logo\\\/image\\\/\",\"url\":\"https:\\\/\\\/i1.wp.com\\\/www.gesamtschule-eiserfeld.de\\\/wp-content\\\/uploads\\\/2019\\\/01\\\/GEE-Logo-neu.jpg?fit=436%2C126&ssl=1\",\"contentUrl\":\"https:\\\/\\\/i1.wp.com\\\/www.gesamtschule-eiserfeld.de\\\/wp-content\\\/uploads\\\/2019\\\/01\\\/GEE-Logo-neu.jpg?fit=436%2C126&ssl=1\",\"width\":436,\"height\":126,\"caption\":\"Gesamtschule Eiserfeld\"},\"image\":{\"@id\":\"https:\\\/\\\/www.gesamtschule-eiserfeld.de\\\/#\\\/schema\\\/logo\\\/image\\\/\"},\"sameAs\":[\"https:\\\/\\\/www.facebook.com\\\/GEEiserfeld\"]},{\"@type\":\"Person\",\"@id\":\"https:\\\/\\\/www.gesamtschule-eiserfeld.de\\\/#\\\/schema\\\/person\\\/9f37123dd2ff514a1346db435bdb3784\",\"name\":\"dorw\",\"sameAs\":[\"http:\\\/\\\/www.ge-eiserfeld.de\"],\"url\":\"https:\\\/\\\/www.gesamtschule-eiserfeld.de\\\/?author=9\"}]}<\/script>\n<!-- \/ Yoast SEO plugin. -->","yoast_head_json":{"title":"Newsletter Weihnachten 2016 - Gesamtschule Eiserfeld","robots":{"index":"index","follow":"follow","max-snippet":"max-snippet:-1","max-image-preview":"max-image-preview:large","max-video-preview":"max-video-preview:-1"},"canonical":"https:\/\/www.gesamtschule-eiserfeld.de\/?p=7843","og_locale":"de_DE","og_type":"article","og_title":"Newsletter Weihnachten 2016 - Gesamtschule Eiserfeld","og_description":"Liebe Eltern, liebe Freunde unserer Gesamtschule, w\u00e4hrend wir diese Zeilen an Sie schreiben, stehen wir alle v\u00f6llig fassungslos vor dem schrecklichen Anschlag von Berlin. Unschuldige Opfer, vielfaches Leid. Der Terror hat sich auch in Deutschland etabliert, nicht zum ersten Mal in diesem Jahr. Dennoch! Wir m\u00f6chten in einer schnellen Zusammenschau \u00fcber unseren Alltag und unsere &hellip; Newsletter Weihnachten 2016 weiterlesen &rarr;","og_url":"https:\/\/www.gesamtschule-eiserfeld.de\/?p=7843","og_site_name":"Gesamtschule Eiserfeld","article_publisher":"https:\/\/www.facebook.com\/GEEiserfeld","article_published_time":"2016-12-20T21:18:37+00:00","article_modified_time":"2016-12-23T21:22:28+00:00","author":"dorw","twitter_card":"summary_large_image","twitter_misc":{"Verfasst von":"dorw","Gesch\u00e4tzte Lesezeit":"4\u00a0Minuten"},"schema":{"@context":"https:\/\/schema.org","@graph":[{"@type":"Article","@id":"https:\/\/www.gesamtschule-eiserfeld.de\/?p=7843#article","isPartOf":{"@id":"https:\/\/www.gesamtschule-eiserfeld.de\/?p=7843"},"author":{"name":"dorw","@id":"https:\/\/www.gesamtschule-eiserfeld.de\/#\/schema\/person\/9f37123dd2ff514a1346db435bdb3784"},"headline":"Newsletter Weihnachten 2016","datePublished":"2016-12-20T21:18:37+00:00","dateModified":"2016-12-23T21:22:28+00:00","mainEntityOfPage":{"@id":"https:\/\/www.gesamtschule-eiserfeld.de\/?p=7843"},"wordCount":778,"publisher":{"@id":"https:\/\/www.gesamtschule-eiserfeld.de\/#organization"},"articleSection":["Newsletter"],"inLanguage":"de"},{"@type":"WebPage","@id":"https:\/\/www.gesamtschule-eiserfeld.de\/?p=7843","url":"https:\/\/www.gesamtschule-eiserfeld.de\/?p=7843","name":"Newsletter Weihnachten 2016 - Gesamtschule Eiserfeld","isPartOf":{"@id":"https:\/\/www.gesamtschule-eiserfeld.de\/#website"},"datePublished":"2016-12-20T21:18:37+00:00","dateModified":"2016-12-23T21:22:28+00:00","breadcrumb":{"@id":"https:\/\/www.gesamtschule-eiserfeld.de\/?p=7843#breadcrumb"},"inLanguage":"de","potentialAction":[{"@type":"ReadAction","target":["https:\/\/www.gesamtschule-eiserfeld.de\/?p=7843"]}]},{"@type":"BreadcrumbList","@id":"https:\/\/www.gesamtschule-eiserfeld.de\/?p=7843#breadcrumb","itemListElement":[{"@type":"ListItem","position":1,"name":"Startseite","item":"https:\/\/www.gesamtschule-eiserfeld.de\/"},{"@type":"ListItem","position":2,"name":"Newsletter Weihnachten 2016"}]},{"@type":"WebSite","@id":"https:\/\/www.gesamtschule-eiserfeld.de\/#website","url":"https:\/\/www.gesamtschule-eiserfeld.de\/","name":"Gesamtschule Eiserfeld","description":"","publisher":{"@id":"https:\/\/www.gesamtschule-eiserfeld.de\/#organization"},"potentialAction":[{"@type":"SearchAction","target":{"@type":"EntryPoint","urlTemplate":"https:\/\/www.gesamtschule-eiserfeld.de\/?s={search_term_string}"},"query-input":{"@type":"PropertyValueSpecification","valueRequired":true,"valueName":"search_term_string"}}],"inLanguage":"de"},{"@type":"Organization","@id":"https:\/\/www.gesamtschule-eiserfeld.de\/#organization","name":"Gesamtschule Eiserfeld","url":"https:\/\/www.gesamtschule-eiserfeld.de\/","logo":{"@type":"ImageObject","inLanguage":"de","@id":"https:\/\/www.gesamtschule-eiserfeld.de\/#\/schema\/logo\/image\/","url":"https:\/\/i1.wp.com\/www.gesamtschule-eiserfeld.de\/wp-content\/uploads\/2019\/01\/GEE-Logo-neu.jpg?fit=436%2C126&ssl=1","contentUrl":"https:\/\/i1.wp.com\/www.gesamtschule-eiserfeld.de\/wp-content\/uploads\/2019\/01\/GEE-Logo-neu.jpg?fit=436%2C126&ssl=1","width":436,"height":126,"caption":"Gesamtschule Eiserfeld"},"image":{"@id":"https:\/\/www.gesamtschule-eiserfeld.de\/#\/schema\/logo\/image\/"},"sameAs":["https:\/\/www.facebook.com\/GEEiserfeld"]},{"@type":"Person","@id":"https:\/\/www.gesamtschule-eiserfeld.de\/#\/schema\/person\/9f37123dd2ff514a1346db435bdb3784","name":"dorw","sameAs":["http:\/\/www.ge-eiserfeld.de"],"url":"https:\/\/www.gesamtschule-eiserfeld.de\/?author=9"}]}},"jetpack_publicize_connections":[],"jetpack_featured_media_url":"","jetpack_shortlink":"https:\/\/wp.me\/p2weeL-22v","jetpack_sharing_enabled":true,"_links":{"self":[{"href":"https:\/\/www.gesamtschule-eiserfeld.de\/index.php?rest_route=\/wp\/v2\/posts\/7843","targetHints":{"allow":["GET"]}}],"collection":[{"href":"https:\/\/www.gesamtschule-eiserfeld.de\/index.php?rest_route=\/wp\/v2\/posts"}],"about":[{"href":"https:\/\/www.gesamtschule-eiserfeld.de\/index.php?rest_route=\/wp\/v2\/types\/post"}],"author":[{"embeddable":true,"href":"https:\/\/www.gesamtschule-eiserfeld.de\/index.php?rest_route=\/wp\/v2\/users\/9"}],"replies":[{"embeddable":true,"href":"https:\/\/www.gesamtschule-eiserfeld.de\/index.php?rest_route=%2Fwp%2Fv2%2Fcomments&post=7843"}],"version-history":[{"count":0,"href":"https:\/\/www.gesamtschule-eiserfeld.de\/index.php?rest_route=\/wp\/v2\/posts\/7843\/revisions"}],"wp:attachment":[{"href":"https:\/\/www.gesamtschule-eiserfeld.de\/index.php?rest_route=%2Fwp%2Fv2%2Fmedia&parent=7843"}],"wp:term":[{"taxonomy":"category","embeddable":true,"href":"https:\/\/www.gesamtschule-eiserfeld.de\/index.php?rest_route=%2Fwp%2Fv2%2Fcategories&post=7843"},{"taxonomy":"post_tag","embeddable":true,"href":"https:\/\/www.gesamtschule-eiserfeld.de\/index.php?rest_route=%2Fwp%2Fv2%2Ftags&post=7843"}],"curies":[{"name":"wp","href":"https:\/\/api.w.org\/{rel}","templated":true}]}}