{"id":8647,"date":"2017-07-04T21:17:35","date_gmt":"2017-07-04T20:17:35","guid":{"rendered":"http:\/\/ge-eiserfeld.de\/?p=8647"},"modified":"2017-07-17T21:48:59","modified_gmt":"2017-07-17T20:48:59","slug":"die-wrde-des-menschen-ist-unantastbar","status":"publish","type":"post","link":"https:\/\/www.gesamtschule-eiserfeld.de\/?p=8647","title":{"rendered":"Die W&uuml;rde des Menschen ist unantastbar"},"content":{"rendered":"<p align=\"justify\"><a href=\"https:\/\/i0.wp.com\/gesamtschule-eiserfeld.de\/wp-content\/uploads\/2017\/07\/image-89.png\"><img data-recalc-dims=\"1\" loading=\"lazy\" decoding=\"async\" title=\"image\" style=\"border-top: 0px; border-right: 0px; background-image: none; border-bottom: 0px; float: left; padding-top: 0px; padding-left: 0px; border-left: 0px; margin: 8px 7px 0px 0px; display: inline; padding-right: 0px\" border=\"0\" alt=\"image\" src=\"https:\/\/i0.wp.com\/gesamtschule-eiserfeld.de\/wp-content\/uploads\/2017\/07\/image_thumb-88.png?resize=140%2C109\" width=\"140\" align=\"left\" height=\"109\"><\/a>[2017-07-03 MEIN] \u201eO, ein Renaissanceschloss\u201c, meinte Thore aus der 7 D beim ersten Blick auf die Wewelsburg. Obwohl die Stadt Siegen und die Burg bei B\u00fcren zum Erzbistum Paderborn geh\u00f6ren, besuchen Siegener Schulen nicht oft diesen Ort, der vor allem durch seine Geschichte aus dem letzten Jahrhundert bekannt ist. <\/p>\n<p><!--more--><\/p>\n<p align=\"justify\">In den Jahren 1933 bis 1945 plante Heinrich Himmler, Reichsf\u00fchrer der SS, die Burg als zentrale Versammlungsst\u00e4tte der Schutzstaffel. Um sie f\u00fcr seine Zwecke auszubauen, wurde in Niederhagen-Wewelsburg ein Nebenlager des Konzentrationslagers Sachsenhausen errichtet, in dem fast 1300 Menschen, etwa ein Drittel der H\u00e4ftlinge, vor allem durch Hunger und unvorstellbar harte Arbeit im Steinbruch und beim Bau der Burg get\u00f6tet wurden. <\/p>\n<p align=\"justify\"><a href=\"https:\/\/i0.wp.com\/gesamtschule-eiserfeld.de\/wp-content\/uploads\/2017\/07\/image-5.png\"><img data-recalc-dims=\"1\" loading=\"lazy\" decoding=\"async\" title=\"image\" style=\"border-left-width: 0px; border-right-width: 0px; background-image: none; border-bottom-width: 0px; float: right; padding-top: 0px; padding-left: 0px; margin: 8px 0px 0px 7px; display: inline; padding-right: 0px; border-top-width: 0px\" border=\"0\" alt=\"image\" src=\"https:\/\/i0.wp.com\/gesamtschule-eiserfeld.de\/wp-content\/uploads\/2017\/07\/image_thumb-5.png?resize=240%2C137\" width=\"240\" align=\"right\" height=\"137\"><\/a>Nach jahrzehntelanger Verdr\u00e4ngung des Terrors entschied man sich in den 1980er Jahren f\u00fcr die Errichtung einer Gedenkst\u00e4tte im ehemaligen Wachgeb\u00e4ude. Neben der Geschichte der T\u00e4ter und Opfer erf\u00e4hrt man hier vieles \u00fcber Mitwisser und Mitl\u00e4ufer, Lebenswege und Beweggr\u00fcnde sowie \u00fcber das Verhalten und die Lebensumst\u00e4nde der T\u00e4ter und vor allem der Opfer nach 1945. (Bild: Gedenkst\u00e4tte)  <\/p>\n<p align=\"justify\"><a href=\"https:\/\/i0.wp.com\/gesamtschule-eiserfeld.de\/wp-content\/uploads\/2017\/07\/image-6.png\"><img data-recalc-dims=\"1\" loading=\"lazy\" decoding=\"async\" title=\"image\" style=\"border-left-width: 0px; border-right-width: 0px; background-image: none; border-bottom-width: 0px; float: left; padding-top: 0px; padding-left: 0px; margin: 8px 7px 0px 0px; display: inline; padding-right: 0px; border-top-width: 0px\" border=\"0\" alt=\"image\" src=\"https:\/\/i0.wp.com\/gesamtschule-eiserfeld.de\/wp-content\/uploads\/2017\/07\/image_thumb-6.png?resize=240%2C161\" width=\"240\" align=\"left\" height=\"161\"><\/a>Am 3. Juli \u00f6ffneten Katharina Dehlinger, Diplom-Kulturp\u00e4dagogin, Monne Lentz, Trainerin in ziviler und gewaltfreier Konfliktbearbeitung sowie Museumsp\u00e4dagogin Agnes Ising trotz des eigentlichen Ruhetages unseren Siebtkl\u00e4sslern die Pforten der Gedenkst\u00e4tte f\u00fcr einen gemeinsamen intensiven Arbeitstag.  <\/p>\n<p align=\"justify\"><a href=\"https:\/\/i0.wp.com\/gesamtschule-eiserfeld.de\/wp-content\/uploads\/2017\/07\/image-7.png\"><img data-recalc-dims=\"1\" loading=\"lazy\" decoding=\"async\" title=\"image\" style=\"border-left-width: 0px; border-right-width: 0px; background-image: none; border-bottom-width: 0px; float: right; padding-top: 0px; padding-left: 0px; margin: 7px 0px 0px 8px; display: inline; padding-right: 0px; border-top-width: 0px\" border=\"0\" alt=\"image\" src=\"https:\/\/i0.wp.com\/gesamtschule-eiserfeld.de\/wp-content\/uploads\/2017\/07\/image_thumb-7.png?resize=209%2C135\" width=\"209\" align=\"right\" height=\"135\"><\/a>F\u00fcr Jugendliche haben die Museumsp\u00e4dagogen sich ein sehr modernes Bildungskonzept einfallen lassen. Aus dem breiten Spektrum der F\u00fchrungen und Seminare w\u00e4hlten sie in gemeinsamer Absprache mit GL-Lehrerin Pia Heinemann Themen aus, die den Interessen und dem Alter der Sch\u00fcler entsprechen.  <\/p>\n<p align=\"justify\">Zu Beginn des Studientages dachte die Gruppe dar\u00fcber nach, welche Werte in unserem Alltag eine Rolle spielen und welche f\u00fcr uns <strong>besonders<\/strong> wichtig sind. Neben dem Wunsch nach einem Leben in Gesundheit und Freiheit und nach Zusammenhalt mit Freunden und Familien entspann sich eine lebhafte Diskussion \u00fcber die Bedeutung und Gefahren des Handys.  <\/p>\n<p align=\"justify\"><a href=\"https:\/\/i0.wp.com\/gesamtschule-eiserfeld.de\/wp-content\/uploads\/2017\/07\/image-8.png\"><img data-recalc-dims=\"1\" loading=\"lazy\" decoding=\"async\" title=\"image\" style=\"border-left-width: 0px; border-right-width: 0px; background-image: none; border-bottom-width: 0px; float: left; padding-top: 0px; padding-left: 0px; margin: 8px 7px 0px 0px; display: inline; padding-right: 0px; border-top-width: 0px\" border=\"0\" alt=\"image\" src=\"https:\/\/i0.wp.com\/gesamtschule-eiserfeld.de\/wp-content\/uploads\/2017\/07\/image_thumb-8.png?resize=204%2C135\" width=\"204\" align=\"left\" height=\"135\"><\/a>Anschlie\u00dfend stiegen die Jugendlichen sechs Stockwerke hinab in den ehemaligen Fechtkeller, um ausgew\u00e4hlte Museumsobjekte intensiv zu betrachten und zu analysieren. \u00dcber allem stand die Frage, wie diskriminierendes und rassistisches Handeln sich auf T\u00e4ter, Opfer und Zuschauer auswirkt.  <\/p>\n<p align=\"justify\"><b>Was bedeutet W\u00fcrde? Wie funktionieren Mechanismen der Entw\u00fcrdigung? <\/b> <\/p>\n<p align=\"justify\">Beim Betrachten eines Fotos versetzten sich die Jugendlichen in die Rollen und Gef\u00fchle der beteiligten Personen: \u201e<i>Mir ist jetzt richtig klar geworden, dass die Juden und die anderen von den Nazis Verfolgten in schrecklicher Angst gelebt haben m\u00fcssen!\u201c (Hanna)<\/i>  <\/p>\n<p align=\"justify\"><a href=\"https:\/\/i0.wp.com\/gesamtschule-eiserfeld.de\/wp-content\/uploads\/2017\/07\/image-9.png\"><img data-recalc-dims=\"1\" loading=\"lazy\" decoding=\"async\" title=\"image\" style=\"border-left-width: 0px; border-right-width: 0px; background-image: none; border-bottom-width: 0px; float: left; padding-top: 0px; padding-left: 0px; margin: 8px 7px 0px 0px; display: inline; padding-right: 0px; border-top-width: 0px\" border=\"0\" alt=\"image\" src=\"https:\/\/i0.wp.com\/gesamtschule-eiserfeld.de\/wp-content\/uploads\/2017\/07\/image_thumb-9.png?resize=159%2C239\" width=\"159\" align=\"left\" height=\"239\"><\/a><a href=\"https:\/\/i0.wp.com\/gesamtschule-eiserfeld.de\/wp-content\/uploads\/2017\/07\/image-10.png\"><img data-recalc-dims=\"1\" loading=\"lazy\" decoding=\"async\" title=\"image\" style=\"border-left-width: 0px; border-right-width: 0px; background-image: none; border-bottom-width: 0px; float: right; padding-top: 0px; padding-left: 0px; margin: 7px 0px 0px 7px; display: inline; padding-right: 0px; border-top-width: 0px\" border=\"0\" alt=\"image\" src=\"https:\/\/i0.wp.com\/gesamtschule-eiserfeld.de\/wp-content\/uploads\/2017\/07\/image_thumb-10.png?resize=157%2C234\" width=\"157\" align=\"right\" height=\"234\"><\/a>\u201eGemeinschaft\u201c ist ein janusk\u00f6pfiger Begriff, wurde der ersten Sch\u00fclergruppe klar, als sie \u00fcber ausgrenzende Situationen nachdachte und diese in Standbildern nachstellte. Die Zuschauer wurden nach dem Konzept des Forumtheaters von A. Boal gebeten, das Standbild durch aktives Eingreifen zu ver\u00e4ndern. Durch einfaches Ins-Bild-Treten oder eine kleine Ber\u00fchrung ver\u00e4nderte sich die urspr\u00fcngliche Situation schlagartig. Aggressive Gesten und Haltungen sackten f\u00f6rmlich in sich zusammen, zusammengekr\u00fcmmte Gestalten richteten sich auf, Anspannung fiel ab \u2013 die Jugendlichen staunten, was man bei genauem Hinschauen wahrnimmt \u2013 und wie man durch couragiertes Handeln Konflikte l\u00f6sen kann.  <\/p>\n<p align=\"justify\"><a href=\"https:\/\/i0.wp.com\/gesamtschule-eiserfeld.de\/wp-content\/uploads\/2017\/07\/image-11.png\"><img data-recalc-dims=\"1\" loading=\"lazy\" decoding=\"async\" title=\"image\" style=\"border-left-width: 0px; border-right-width: 0px; background-image: none; border-bottom-width: 0px; float: left; padding-top: 0px; padding-left: 0px; margin: 7px 7px 0px 0px; display: inline; padding-right: 0px; border-top-width: 0px\" border=\"0\" alt=\"image\" src=\"https:\/\/i0.wp.com\/gesamtschule-eiserfeld.de\/wp-content\/uploads\/2017\/07\/image_thumb-11.png?resize=240%2C157\" width=\"240\" align=\"left\" height=\"157\"><\/a>Die zweite Gruppe untersuchte Mechanismen der Propaganda. Dazu sichtete sie aktuelle Tageszeitungen mit Blick auf Themen, in denen Ausgrenzung eine Rolle spielt. Im Anschluss daran meinte Noel: <i>\u201eMir ist heute der Wert der Pressefreiheit sehr bewusst geworden. Zeitungsartikel muss man nicht nur genau, sondern vor allem auch kritisch lesen.\u201c<\/i>  <\/p>\n<p align=\"justify\"><a href=\"https:\/\/i0.wp.com\/gesamtschule-eiserfeld.de\/wp-content\/uploads\/2017\/07\/image-12.png\"><img data-recalc-dims=\"1\" loading=\"lazy\" decoding=\"async\" title=\"image\" style=\"border-left-width: 0px; border-right-width: 0px; background-image: none; border-bottom-width: 0px; float: right; padding-top: 0px; padding-left: 0px; margin: 8px 0px 0px 7px; display: inline; padding-right: 0px; border-top-width: 0px\" border=\"0\" alt=\"image\" src=\"https:\/\/i0.wp.com\/gesamtschule-eiserfeld.de\/wp-content\/uploads\/2017\/07\/image_thumb-12.png?resize=240%2C160\" width=\"240\" align=\"right\" height=\"160\"><\/a>F\u00fcr die 7 D war der Besuch der Gedenkst\u00e4tte kein einfacher Tagesausflug, sondern intensives Lernen an einem besonderen Ort. Alle w\u00fcnschten sich sehr, die Burg besser kennenzulernen, tiefer in die Themen einzudringen, mehr Zeit zu haben, um sich die gesamte Ausstellung anzusehen und das ehemalige Gel\u00e4nde des Konzentrationslagers zu besuchen.  <\/p>\n<p align=\"justify\"><a href=\"https:\/\/i0.wp.com\/gesamtschule-eiserfeld.de\/wp-content\/uploads\/2017\/07\/image-13.png\"><img data-recalc-dims=\"1\" loading=\"lazy\" decoding=\"async\" title=\"image\" style=\"border-left-width: 0px; border-right-width: 0px; background-image: none; border-bottom-width: 0px; float: left; padding-top: 0px; padding-left: 0px; margin: 8px 8px 0px 0px; display: inline; padding-right: 0px; border-top-width: 0px\" border=\"0\" alt=\"image\" src=\"https:\/\/i0.wp.com\/gesamtschule-eiserfeld.de\/wp-content\/uploads\/2017\/07\/image_thumb-13.png?resize=240%2C160\" width=\"240\" align=\"left\" height=\"160\"><\/a>Sobald im 9. Jahrgang mehr Wissen \u00fcber den Nationalsozialismus und die heutigen Neonazis vorliegt, k\u00f6nnte ein mehrt\u00e4giger Besuch der Wewelsburg alle diese W\u00fcnsche erf\u00fcllen:  <\/p>\n<p align=\"justify\">Wohnen in der Jugendherberge im Inneren der Burg, Erarbeitung von Themen f\u00fcr Sch\u00fcler ab 15 Jahren, Gewinnen einer klaren Haltung zu Werten und W\u00fcrde.  <\/p>\n<p align=\"justify\"><a href=\"https:\/\/i0.wp.com\/gesamtschule-eiserfeld.de\/wp-content\/uploads\/2017\/07\/image-14.png\"><img data-recalc-dims=\"1\" loading=\"lazy\" decoding=\"async\" title=\"image\" style=\"border-left-width: 0px; border-right-width: 0px; background-image: none; border-bottom-width: 0px; float: right; padding-top: 0px; padding-left: 0px; margin: 9px 0px 0px 8px; display: inline; padding-right: 0px; border-top-width: 0px\" border=\"0\" alt=\"image\" src=\"https:\/\/i0.wp.com\/gesamtschule-eiserfeld.de\/wp-content\/uploads\/2017\/07\/image_thumb-14.png?resize=240%2C139\" width=\"240\" align=\"right\" height=\"139\"><\/a><b><i>\u201eWer heutzutage seine menschenverachtende Gesinnung in Wewelsburg zur Schau tragen will, wird des Platzes verwiesen.\u201c<\/i><\/b><b><i> <\/i><\/b><i>&#8211; <\/i>eine Regel, die man \u00fcberall beachten sollte.<\/p>\n","protected":false},"excerpt":{"rendered":"<p>[2017-07-03 MEIN] \u201eO, ein Renaissanceschloss\u201c, meinte Thore aus der 7 D beim ersten Blick auf die Wewelsburg. Obwohl die Stadt Siegen und die Burg bei B\u00fcren zum Erzbistum Paderborn geh\u00f6ren, besuchen Siegener Schulen nicht oft diesen Ort, der vor allem durch seine Geschichte aus dem letzten Jahrhundert bekannt ist.<\/p>\n","protected":false},"author":9,"featured_media":0,"comment_status":"closed","ping_status":"open","sticky":false,"template":"","format":"standard","meta":{"jetpack_post_was_ever_published":false,"_jetpack_newsletter_access":"","_jetpack_dont_email_post_to_subs":false,"_jetpack_newsletter_tier_id":0,"_jetpack_memberships_contains_paywalled_content":false,"_jetpack_memberships_contains_paid_content":false,"footnotes":"","jetpack_publicize_message":"","jetpack_publicize_feature_enabled":true,"jetpack_social_post_already_shared":true,"jetpack_social_options":{"image_generator_settings":{"template":"highway","default_image_id":0,"font":"","enabled":false},"version":2}},"categories":[18,97,53,35,41,10],"tags":[],"class_list":["post-8647","post","type-post","status-publish","format-standard","hentry","category-exkursion","category-fuer-vielfalt","category-gesellschaftslehre","category-jg-78","category-konzepte-78","category-projekte"],"yoast_head":"<!-- This site is optimized with the Yoast SEO plugin v27.4 - https:\/\/yoast.com\/product\/yoast-seo-wordpress\/ -->\n<title>Die W&uuml;rde des Menschen ist unantastbar - Gesamtschule Eiserfeld<\/title>\n<meta name=\"robots\" content=\"index, follow, max-snippet:-1, max-image-preview:large, max-video-preview:-1\" \/>\n<link rel=\"canonical\" href=\"https:\/\/www.gesamtschule-eiserfeld.de\/?p=8647\" \/>\n<meta property=\"og:locale\" content=\"de_DE\" \/>\n<meta property=\"og:type\" content=\"article\" \/>\n<meta property=\"og:title\" content=\"Die W&uuml;rde des Menschen ist unantastbar - Gesamtschule Eiserfeld\" \/>\n<meta property=\"og:description\" content=\"[2017-07-03 MEIN] \u201eO, ein Renaissanceschloss\u201c, meinte Thore aus der 7 D beim ersten Blick auf die Wewelsburg. Obwohl die Stadt Siegen und die Burg bei B\u00fcren zum Erzbistum Paderborn geh\u00f6ren, besuchen Siegener Schulen nicht oft diesen Ort, der vor allem durch seine Geschichte aus dem letzten Jahrhundert bekannt ist.\" \/>\n<meta property=\"og:url\" content=\"https:\/\/www.gesamtschule-eiserfeld.de\/?p=8647\" \/>\n<meta property=\"og:site_name\" content=\"Gesamtschule Eiserfeld\" \/>\n<meta property=\"article:publisher\" content=\"https:\/\/www.facebook.com\/GEEiserfeld\" \/>\n<meta property=\"article:published_time\" content=\"2017-07-04T20:17:35+00:00\" \/>\n<meta property=\"article:modified_time\" content=\"2017-07-17T20:48:59+00:00\" \/>\n<meta property=\"og:image\" content=\"http:\/\/gesamtschule-eiserfeld.de\/wp-content\/uploads\/2017\/07\/image_thumb-88.png\" \/>\n<meta name=\"author\" content=\"dorw\" \/>\n<meta name=\"twitter:card\" content=\"summary_large_image\" \/>\n<meta name=\"twitter:label1\" content=\"Verfasst von\" \/>\n\t<meta name=\"twitter:data1\" content=\"dorw\" \/>\n\t<meta name=\"twitter:label2\" content=\"Gesch\u00e4tzte Lesezeit\" \/>\n\t<meta name=\"twitter:data2\" content=\"3\u00a0Minuten\" \/>\n<script type=\"application\/ld+json\" class=\"yoast-schema-graph\">{\"@context\":\"https:\\\/\\\/schema.org\",\"@graph\":[{\"@type\":\"Article\",\"@id\":\"https:\\\/\\\/www.gesamtschule-eiserfeld.de\\\/?p=8647#article\",\"isPartOf\":{\"@id\":\"https:\\\/\\\/www.gesamtschule-eiserfeld.de\\\/?p=8647\"},\"author\":{\"name\":\"dorw\",\"@id\":\"https:\\\/\\\/www.gesamtschule-eiserfeld.de\\\/#\\\/schema\\\/person\\\/9f37123dd2ff514a1346db435bdb3784\"},\"headline\":\"Die W&uuml;rde des Menschen ist unantastbar\",\"datePublished\":\"2017-07-04T20:17:35+00:00\",\"dateModified\":\"2017-07-17T20:48:59+00:00\",\"mainEntityOfPage\":{\"@id\":\"https:\\\/\\\/www.gesamtschule-eiserfeld.de\\\/?p=8647\"},\"wordCount\":692,\"publisher\":{\"@id\":\"https:\\\/\\\/www.gesamtschule-eiserfeld.de\\\/#organization\"},\"image\":{\"@id\":\"https:\\\/\\\/www.gesamtschule-eiserfeld.de\\\/?p=8647#primaryimage\"},\"thumbnailUrl\":\"http:\\\/\\\/gesamtschule-eiserfeld.de\\\/wp-content\\\/uploads\\\/2017\\\/07\\\/image_thumb-88.png\",\"articleSection\":[\"Exkursion\",\"F\u00dcR VIELFALT\",\"Gesellschaftslehre\",\"Jg 7\\\/8\",\"Konzepte 7\\\/8\",\"Projekte\"],\"inLanguage\":\"de\"},{\"@type\":\"WebPage\",\"@id\":\"https:\\\/\\\/www.gesamtschule-eiserfeld.de\\\/?p=8647\",\"url\":\"https:\\\/\\\/www.gesamtschule-eiserfeld.de\\\/?p=8647\",\"name\":\"Die W&uuml;rde des Menschen ist unantastbar - Gesamtschule Eiserfeld\",\"isPartOf\":{\"@id\":\"https:\\\/\\\/www.gesamtschule-eiserfeld.de\\\/#website\"},\"primaryImageOfPage\":{\"@id\":\"https:\\\/\\\/www.gesamtschule-eiserfeld.de\\\/?p=8647#primaryimage\"},\"image\":{\"@id\":\"https:\\\/\\\/www.gesamtschule-eiserfeld.de\\\/?p=8647#primaryimage\"},\"thumbnailUrl\":\"http:\\\/\\\/gesamtschule-eiserfeld.de\\\/wp-content\\\/uploads\\\/2017\\\/07\\\/image_thumb-88.png\",\"datePublished\":\"2017-07-04T20:17:35+00:00\",\"dateModified\":\"2017-07-17T20:48:59+00:00\",\"breadcrumb\":{\"@id\":\"https:\\\/\\\/www.gesamtschule-eiserfeld.de\\\/?p=8647#breadcrumb\"},\"inLanguage\":\"de\",\"potentialAction\":[{\"@type\":\"ReadAction\",\"target\":[\"https:\\\/\\\/www.gesamtschule-eiserfeld.de\\\/?p=8647\"]}]},{\"@type\":\"ImageObject\",\"inLanguage\":\"de\",\"@id\":\"https:\\\/\\\/www.gesamtschule-eiserfeld.de\\\/?p=8647#primaryimage\",\"url\":\"http:\\\/\\\/gesamtschule-eiserfeld.de\\\/wp-content\\\/uploads\\\/2017\\\/07\\\/image_thumb-88.png\",\"contentUrl\":\"http:\\\/\\\/gesamtschule-eiserfeld.de\\\/wp-content\\\/uploads\\\/2017\\\/07\\\/image_thumb-88.png\"},{\"@type\":\"BreadcrumbList\",\"@id\":\"https:\\\/\\\/www.gesamtschule-eiserfeld.de\\\/?p=8647#breadcrumb\",\"itemListElement\":[{\"@type\":\"ListItem\",\"position\":1,\"name\":\"Startseite\",\"item\":\"https:\\\/\\\/www.gesamtschule-eiserfeld.de\\\/\"},{\"@type\":\"ListItem\",\"position\":2,\"name\":\"Die W&uuml;rde des Menschen ist unantastbar\"}]},{\"@type\":\"WebSite\",\"@id\":\"https:\\\/\\\/www.gesamtschule-eiserfeld.de\\\/#website\",\"url\":\"https:\\\/\\\/www.gesamtschule-eiserfeld.de\\\/\",\"name\":\"Gesamtschule Eiserfeld\",\"description\":\"\",\"publisher\":{\"@id\":\"https:\\\/\\\/www.gesamtschule-eiserfeld.de\\\/#organization\"},\"potentialAction\":[{\"@type\":\"SearchAction\",\"target\":{\"@type\":\"EntryPoint\",\"urlTemplate\":\"https:\\\/\\\/www.gesamtschule-eiserfeld.de\\\/?s={search_term_string}\"},\"query-input\":{\"@type\":\"PropertyValueSpecification\",\"valueRequired\":true,\"valueName\":\"search_term_string\"}}],\"inLanguage\":\"de\"},{\"@type\":\"Organization\",\"@id\":\"https:\\\/\\\/www.gesamtschule-eiserfeld.de\\\/#organization\",\"name\":\"Gesamtschule Eiserfeld\",\"url\":\"https:\\\/\\\/www.gesamtschule-eiserfeld.de\\\/\",\"logo\":{\"@type\":\"ImageObject\",\"inLanguage\":\"de\",\"@id\":\"https:\\\/\\\/www.gesamtschule-eiserfeld.de\\\/#\\\/schema\\\/logo\\\/image\\\/\",\"url\":\"https:\\\/\\\/i1.wp.com\\\/www.gesamtschule-eiserfeld.de\\\/wp-content\\\/uploads\\\/2019\\\/01\\\/GEE-Logo-neu.jpg?fit=436%2C126&ssl=1\",\"contentUrl\":\"https:\\\/\\\/i1.wp.com\\\/www.gesamtschule-eiserfeld.de\\\/wp-content\\\/uploads\\\/2019\\\/01\\\/GEE-Logo-neu.jpg?fit=436%2C126&ssl=1\",\"width\":436,\"height\":126,\"caption\":\"Gesamtschule Eiserfeld\"},\"image\":{\"@id\":\"https:\\\/\\\/www.gesamtschule-eiserfeld.de\\\/#\\\/schema\\\/logo\\\/image\\\/\"},\"sameAs\":[\"https:\\\/\\\/www.facebook.com\\\/GEEiserfeld\"]},{\"@type\":\"Person\",\"@id\":\"https:\\\/\\\/www.gesamtschule-eiserfeld.de\\\/#\\\/schema\\\/person\\\/9f37123dd2ff514a1346db435bdb3784\",\"name\":\"dorw\",\"sameAs\":[\"http:\\\/\\\/www.ge-eiserfeld.de\"],\"url\":\"https:\\\/\\\/www.gesamtschule-eiserfeld.de\\\/?author=9\"}]}<\/script>\n<!-- \/ Yoast SEO plugin. -->","yoast_head_json":{"title":"Die W&uuml;rde des Menschen ist unantastbar - Gesamtschule Eiserfeld","robots":{"index":"index","follow":"follow","max-snippet":"max-snippet:-1","max-image-preview":"max-image-preview:large","max-video-preview":"max-video-preview:-1"},"canonical":"https:\/\/www.gesamtschule-eiserfeld.de\/?p=8647","og_locale":"de_DE","og_type":"article","og_title":"Die W&uuml;rde des Menschen ist unantastbar - Gesamtschule Eiserfeld","og_description":"[2017-07-03 MEIN] \u201eO, ein Renaissanceschloss\u201c, meinte Thore aus der 7 D beim ersten Blick auf die Wewelsburg. Obwohl die Stadt Siegen und die Burg bei B\u00fcren zum Erzbistum Paderborn geh\u00f6ren, besuchen Siegener Schulen nicht oft diesen Ort, der vor allem durch seine Geschichte aus dem letzten Jahrhundert bekannt ist.","og_url":"https:\/\/www.gesamtschule-eiserfeld.de\/?p=8647","og_site_name":"Gesamtschule Eiserfeld","article_publisher":"https:\/\/www.facebook.com\/GEEiserfeld","article_published_time":"2017-07-04T20:17:35+00:00","article_modified_time":"2017-07-17T20:48:59+00:00","og_image":[{"url":"http:\/\/gesamtschule-eiserfeld.de\/wp-content\/uploads\/2017\/07\/image_thumb-88.png","type":"","width":"","height":""}],"author":"dorw","twitter_card":"summary_large_image","twitter_misc":{"Verfasst von":"dorw","Gesch\u00e4tzte Lesezeit":"3\u00a0Minuten"},"schema":{"@context":"https:\/\/schema.org","@graph":[{"@type":"Article","@id":"https:\/\/www.gesamtschule-eiserfeld.de\/?p=8647#article","isPartOf":{"@id":"https:\/\/www.gesamtschule-eiserfeld.de\/?p=8647"},"author":{"name":"dorw","@id":"https:\/\/www.gesamtschule-eiserfeld.de\/#\/schema\/person\/9f37123dd2ff514a1346db435bdb3784"},"headline":"Die W&uuml;rde des Menschen ist unantastbar","datePublished":"2017-07-04T20:17:35+00:00","dateModified":"2017-07-17T20:48:59+00:00","mainEntityOfPage":{"@id":"https:\/\/www.gesamtschule-eiserfeld.de\/?p=8647"},"wordCount":692,"publisher":{"@id":"https:\/\/www.gesamtschule-eiserfeld.de\/#organization"},"image":{"@id":"https:\/\/www.gesamtschule-eiserfeld.de\/?p=8647#primaryimage"},"thumbnailUrl":"http:\/\/gesamtschule-eiserfeld.de\/wp-content\/uploads\/2017\/07\/image_thumb-88.png","articleSection":["Exkursion","F\u00dcR VIELFALT","Gesellschaftslehre","Jg 7\/8","Konzepte 7\/8","Projekte"],"inLanguage":"de"},{"@type":"WebPage","@id":"https:\/\/www.gesamtschule-eiserfeld.de\/?p=8647","url":"https:\/\/www.gesamtschule-eiserfeld.de\/?p=8647","name":"Die W&uuml;rde des Menschen ist unantastbar - Gesamtschule Eiserfeld","isPartOf":{"@id":"https:\/\/www.gesamtschule-eiserfeld.de\/#website"},"primaryImageOfPage":{"@id":"https:\/\/www.gesamtschule-eiserfeld.de\/?p=8647#primaryimage"},"image":{"@id":"https:\/\/www.gesamtschule-eiserfeld.de\/?p=8647#primaryimage"},"thumbnailUrl":"http:\/\/gesamtschule-eiserfeld.de\/wp-content\/uploads\/2017\/07\/image_thumb-88.png","datePublished":"2017-07-04T20:17:35+00:00","dateModified":"2017-07-17T20:48:59+00:00","breadcrumb":{"@id":"https:\/\/www.gesamtschule-eiserfeld.de\/?p=8647#breadcrumb"},"inLanguage":"de","potentialAction":[{"@type":"ReadAction","target":["https:\/\/www.gesamtschule-eiserfeld.de\/?p=8647"]}]},{"@type":"ImageObject","inLanguage":"de","@id":"https:\/\/www.gesamtschule-eiserfeld.de\/?p=8647#primaryimage","url":"http:\/\/gesamtschule-eiserfeld.de\/wp-content\/uploads\/2017\/07\/image_thumb-88.png","contentUrl":"http:\/\/gesamtschule-eiserfeld.de\/wp-content\/uploads\/2017\/07\/image_thumb-88.png"},{"@type":"BreadcrumbList","@id":"https:\/\/www.gesamtschule-eiserfeld.de\/?p=8647#breadcrumb","itemListElement":[{"@type":"ListItem","position":1,"name":"Startseite","item":"https:\/\/www.gesamtschule-eiserfeld.de\/"},{"@type":"ListItem","position":2,"name":"Die W&uuml;rde des Menschen ist unantastbar"}]},{"@type":"WebSite","@id":"https:\/\/www.gesamtschule-eiserfeld.de\/#website","url":"https:\/\/www.gesamtschule-eiserfeld.de\/","name":"Gesamtschule Eiserfeld","description":"","publisher":{"@id":"https:\/\/www.gesamtschule-eiserfeld.de\/#organization"},"potentialAction":[{"@type":"SearchAction","target":{"@type":"EntryPoint","urlTemplate":"https:\/\/www.gesamtschule-eiserfeld.de\/?s={search_term_string}"},"query-input":{"@type":"PropertyValueSpecification","valueRequired":true,"valueName":"search_term_string"}}],"inLanguage":"de"},{"@type":"Organization","@id":"https:\/\/www.gesamtschule-eiserfeld.de\/#organization","name":"Gesamtschule Eiserfeld","url":"https:\/\/www.gesamtschule-eiserfeld.de\/","logo":{"@type":"ImageObject","inLanguage":"de","@id":"https:\/\/www.gesamtschule-eiserfeld.de\/#\/schema\/logo\/image\/","url":"https:\/\/i1.wp.com\/www.gesamtschule-eiserfeld.de\/wp-content\/uploads\/2019\/01\/GEE-Logo-neu.jpg?fit=436%2C126&ssl=1","contentUrl":"https:\/\/i1.wp.com\/www.gesamtschule-eiserfeld.de\/wp-content\/uploads\/2019\/01\/GEE-Logo-neu.jpg?fit=436%2C126&ssl=1","width":436,"height":126,"caption":"Gesamtschule Eiserfeld"},"image":{"@id":"https:\/\/www.gesamtschule-eiserfeld.de\/#\/schema\/logo\/image\/"},"sameAs":["https:\/\/www.facebook.com\/GEEiserfeld"]},{"@type":"Person","@id":"https:\/\/www.gesamtschule-eiserfeld.de\/#\/schema\/person\/9f37123dd2ff514a1346db435bdb3784","name":"dorw","sameAs":["http:\/\/www.ge-eiserfeld.de"],"url":"https:\/\/www.gesamtschule-eiserfeld.de\/?author=9"}]}},"jetpack_publicize_connections":[],"jetpack_featured_media_url":"","jetpack_shortlink":"https:\/\/wp.me\/p2weeL-2ft","jetpack_sharing_enabled":true,"_links":{"self":[{"href":"https:\/\/www.gesamtschule-eiserfeld.de\/index.php?rest_route=\/wp\/v2\/posts\/8647","targetHints":{"allow":["GET"]}}],"collection":[{"href":"https:\/\/www.gesamtschule-eiserfeld.de\/index.php?rest_route=\/wp\/v2\/posts"}],"about":[{"href":"https:\/\/www.gesamtschule-eiserfeld.de\/index.php?rest_route=\/wp\/v2\/types\/post"}],"author":[{"embeddable":true,"href":"https:\/\/www.gesamtschule-eiserfeld.de\/index.php?rest_route=\/wp\/v2\/users\/9"}],"replies":[{"embeddable":true,"href":"https:\/\/www.gesamtschule-eiserfeld.de\/index.php?rest_route=%2Fwp%2Fv2%2Fcomments&post=8647"}],"version-history":[{"count":0,"href":"https:\/\/www.gesamtschule-eiserfeld.de\/index.php?rest_route=\/wp\/v2\/posts\/8647\/revisions"}],"wp:attachment":[{"href":"https:\/\/www.gesamtschule-eiserfeld.de\/index.php?rest_route=%2Fwp%2Fv2%2Fmedia&parent=8647"}],"wp:term":[{"taxonomy":"category","embeddable":true,"href":"https:\/\/www.gesamtschule-eiserfeld.de\/index.php?rest_route=%2Fwp%2Fv2%2Fcategories&post=8647"},{"taxonomy":"post_tag","embeddable":true,"href":"https:\/\/www.gesamtschule-eiserfeld.de\/index.php?rest_route=%2Fwp%2Fv2%2Ftags&post=8647"}],"curies":[{"name":"wp","href":"https:\/\/api.w.org\/{rel}","templated":true}]}}