{"id":871,"date":"2012-08-17T16:36:15","date_gmt":"2012-08-17T14:36:15","guid":{"rendered":"http:\/\/ge-eiserfeld.de\/?p=871"},"modified":"2012-08-17T16:36:15","modified_gmt":"2012-08-17T14:36:15","slug":"weihnachtsfeier-der-5er-und-6er-2011","status":"publish","type":"post","link":"https:\/\/www.gesamtschule-eiserfeld.de\/?p=871","title":{"rendered":"Weihnachtsfeier der 5&#8217;er und 6&#8217;er 2011"},"content":{"rendered":"<p><img data-recalc-dims=\"1\" decoding=\"async\" style=\"margin: 0px 10px 0px 0px; display: inline; float: left\" align=\"left\" src=\"https:\/\/i0.wp.com\/www.gesamtschule-eiserfeld.de\/Events\/Weihnachtsfeiern\/11\/IMG_5320.jpg?w=474\">Am Mittwoch, den 21.12.11, fand unsere traditionelle Weihnachtsfeier der Jahrg\u00e4nge 5 und 6 statt.&nbsp; Durch das Programm f\u00fchrten zwei coole Moderatoren, die die vielen Auff\u00fchrungen auf der B\u00fchne mit der Weihnachtsgeschichte im Stall zu Bethlehem verkn\u00fcpften.<br \/>Die Zuschauer gerieten in den Bann des Zaubers der Weihnachtszeit und applaudierten begeistert die Auff\u00fchrungen der KInder: Jonglieren, Musizieren, Singen, Rap und Tanzen. Auch der Nikolaus durfte nicht fehlen und brachte viele Geschenke f\u00fcr alle Sch\u00fclerinnen und Sch\u00fcler \u2013 schlie\u00dflich waren alle ganz brav gewesen. (<a href=\"http:\/\/www.gesamtschule-eiserfeld.de\/Events\/Weihnachtsfeiern\/11\/Vorlage-Text-Bilder.html\">mehr<\/a>)<\/p>\n","protected":false},"excerpt":{"rendered":"<p>Am Mittwoch, den 21.12.11, fand unsere traditionelle Weihnachtsfeier der Jahrg\u00e4nge 5 und 6 statt.&nbsp; Durch das Programm f\u00fchrten zwei coole Moderatoren, die die vielen Auff\u00fchrungen auf der B\u00fchne mit der Weihnachtsgeschichte im Stall zu Bethlehem verkn\u00fcpften.Die Zuschauer gerieten in den Bann des Zaubers der Weihnachtszeit und applaudierten begeistert die Auff\u00fchrungen der KInder: Jonglieren, Musizieren, Singen, &hellip; <a href=\"https:\/\/www.gesamtschule-eiserfeld.de\/?p=871\" class=\"more-link\"><span class=\"screen-reader-text\">Weihnachtsfeier der 5&#8217;er und 6&#8217;er 2011<\/span> weiterlesen <span class=\"meta-nav\">&rarr;<\/span><\/a><\/p>\n","protected":false},"author":9,"featured_media":0,"comment_status":"closed","ping_status":"open","sticky":false,"template":"","format":"standard","meta":{"jetpack_post_was_ever_published":false,"_jetpack_newsletter_access":"","_jetpack_dont_email_post_to_subs":false,"_jetpack_newsletter_tier_id":0,"_jetpack_memberships_contains_paywalled_content":false,"_jetpack_memberships_contains_paid_content":false,"footnotes":"","jetpack_publicize_message":"","jetpack_publicize_feature_enabled":true,"jetpack_social_post_already_shared":false,"jetpack_social_options":{"image_generator_settings":{"template":"highway","default_image_id":0,"font":"","enabled":false},"version":2}},"categories":[1],"tags":[],"class_list":["post-871","post","type-post","status-publish","format-standard","hentry","category-allgemein"],"yoast_head":"<!-- This site is optimized with the Yoast SEO plugin v27.4 - https:\/\/yoast.com\/product\/yoast-seo-wordpress\/ -->\n<title>Weihnachtsfeier der 5&#039;er und 6&#039;er 2011 - Gesamtschule Eiserfeld<\/title>\n<meta name=\"robots\" content=\"index, follow, max-snippet:-1, max-image-preview:large, max-video-preview:-1\" \/>\n<link rel=\"canonical\" href=\"https:\/\/www.gesamtschule-eiserfeld.de\/?p=871\" \/>\n<meta property=\"og:locale\" content=\"de_DE\" \/>\n<meta property=\"og:type\" content=\"article\" \/>\n<meta property=\"og:title\" content=\"Weihnachtsfeier der 5&#039;er und 6&#039;er 2011 - Gesamtschule Eiserfeld\" \/>\n<meta property=\"og:description\" content=\"Am Mittwoch, den 21.12.11, fand unsere traditionelle Weihnachtsfeier der Jahrg\u00e4nge 5 und 6 statt.&nbsp; Durch das Programm f\u00fchrten zwei coole Moderatoren, die die vielen Auff\u00fchrungen auf der B\u00fchne mit der Weihnachtsgeschichte im Stall zu Bethlehem verkn\u00fcpften.Die Zuschauer gerieten in den Bann des Zaubers der Weihnachtszeit und applaudierten begeistert die Auff\u00fchrungen der KInder: Jonglieren, Musizieren, Singen, &hellip; Weihnachtsfeier der 5&#8217;er und 6&#8217;er 2011 weiterlesen &rarr;\" \/>\n<meta property=\"og:url\" content=\"https:\/\/www.gesamtschule-eiserfeld.de\/?p=871\" \/>\n<meta property=\"og:site_name\" content=\"Gesamtschule Eiserfeld\" \/>\n<meta property=\"article:publisher\" content=\"https:\/\/www.facebook.com\/GEEiserfeld\" \/>\n<meta property=\"article:published_time\" content=\"2012-08-17T14:36:15+00:00\" \/>\n<meta property=\"og:image\" content=\"http:\/\/www.gesamtschule-eiserfeld.de\/Events\/Weihnachtsfeiern\/11\/IMG_5320.jpg\" \/>\n<meta name=\"author\" content=\"dorw\" \/>\n<meta name=\"twitter:card\" content=\"summary_large_image\" \/>\n<meta name=\"twitter:label1\" content=\"Verfasst von\" \/>\n\t<meta name=\"twitter:data1\" content=\"dorw\" \/>\n<script type=\"application\/ld+json\" class=\"yoast-schema-graph\">{\"@context\":\"https:\\\/\\\/schema.org\",\"@graph\":[{\"@type\":\"Article\",\"@id\":\"https:\\\/\\\/www.gesamtschule-eiserfeld.de\\\/?p=871#article\",\"isPartOf\":{\"@id\":\"https:\\\/\\\/www.gesamtschule-eiserfeld.de\\\/?p=871\"},\"author\":{\"name\":\"dorw\",\"@id\":\"https:\\\/\\\/www.gesamtschule-eiserfeld.de\\\/#\\\/schema\\\/person\\\/9f37123dd2ff514a1346db435bdb3784\"},\"headline\":\"Weihnachtsfeier der 5&#8217;er und 6&#8217;er 2011\",\"datePublished\":\"2012-08-17T14:36:15+00:00\",\"mainEntityOfPage\":{\"@id\":\"https:\\\/\\\/www.gesamtschule-eiserfeld.de\\\/?p=871\"},\"wordCount\":94,\"publisher\":{\"@id\":\"https:\\\/\\\/www.gesamtschule-eiserfeld.de\\\/#organization\"},\"image\":{\"@id\":\"https:\\\/\\\/www.gesamtschule-eiserfeld.de\\\/?p=871#primaryimage\"},\"thumbnailUrl\":\"http:\\\/\\\/www.gesamtschule-eiserfeld.de\\\/Events\\\/Weihnachtsfeiern\\\/11\\\/IMG_5320.jpg\",\"inLanguage\":\"de\"},{\"@type\":\"WebPage\",\"@id\":\"https:\\\/\\\/www.gesamtschule-eiserfeld.de\\\/?p=871\",\"url\":\"https:\\\/\\\/www.gesamtschule-eiserfeld.de\\\/?p=871\",\"name\":\"Weihnachtsfeier der 5'er und 6'er 2011 - Gesamtschule Eiserfeld\",\"isPartOf\":{\"@id\":\"https:\\\/\\\/www.gesamtschule-eiserfeld.de\\\/#website\"},\"primaryImageOfPage\":{\"@id\":\"https:\\\/\\\/www.gesamtschule-eiserfeld.de\\\/?p=871#primaryimage\"},\"image\":{\"@id\":\"https:\\\/\\\/www.gesamtschule-eiserfeld.de\\\/?p=871#primaryimage\"},\"thumbnailUrl\":\"http:\\\/\\\/www.gesamtschule-eiserfeld.de\\\/Events\\\/Weihnachtsfeiern\\\/11\\\/IMG_5320.jpg\",\"datePublished\":\"2012-08-17T14:36:15+00:00\",\"breadcrumb\":{\"@id\":\"https:\\\/\\\/www.gesamtschule-eiserfeld.de\\\/?p=871#breadcrumb\"},\"inLanguage\":\"de\",\"potentialAction\":[{\"@type\":\"ReadAction\",\"target\":[\"https:\\\/\\\/www.gesamtschule-eiserfeld.de\\\/?p=871\"]}]},{\"@type\":\"ImageObject\",\"inLanguage\":\"de\",\"@id\":\"https:\\\/\\\/www.gesamtschule-eiserfeld.de\\\/?p=871#primaryimage\",\"url\":\"http:\\\/\\\/www.gesamtschule-eiserfeld.de\\\/Events\\\/Weihnachtsfeiern\\\/11\\\/IMG_5320.jpg\",\"contentUrl\":\"http:\\\/\\\/www.gesamtschule-eiserfeld.de\\\/Events\\\/Weihnachtsfeiern\\\/11\\\/IMG_5320.jpg\"},{\"@type\":\"BreadcrumbList\",\"@id\":\"https:\\\/\\\/www.gesamtschule-eiserfeld.de\\\/?p=871#breadcrumb\",\"itemListElement\":[{\"@type\":\"ListItem\",\"position\":1,\"name\":\"Startseite\",\"item\":\"https:\\\/\\\/www.gesamtschule-eiserfeld.de\\\/\"},{\"@type\":\"ListItem\",\"position\":2,\"name\":\"Weihnachtsfeier der 5&#8217;er und 6&#8217;er 2011\"}]},{\"@type\":\"WebSite\",\"@id\":\"https:\\\/\\\/www.gesamtschule-eiserfeld.de\\\/#website\",\"url\":\"https:\\\/\\\/www.gesamtschule-eiserfeld.de\\\/\",\"name\":\"Gesamtschule Eiserfeld\",\"description\":\"\",\"publisher\":{\"@id\":\"https:\\\/\\\/www.gesamtschule-eiserfeld.de\\\/#organization\"},\"potentialAction\":[{\"@type\":\"SearchAction\",\"target\":{\"@type\":\"EntryPoint\",\"urlTemplate\":\"https:\\\/\\\/www.gesamtschule-eiserfeld.de\\\/?s={search_term_string}\"},\"query-input\":{\"@type\":\"PropertyValueSpecification\",\"valueRequired\":true,\"valueName\":\"search_term_string\"}}],\"inLanguage\":\"de\"},{\"@type\":\"Organization\",\"@id\":\"https:\\\/\\\/www.gesamtschule-eiserfeld.de\\\/#organization\",\"name\":\"Gesamtschule Eiserfeld\",\"url\":\"https:\\\/\\\/www.gesamtschule-eiserfeld.de\\\/\",\"logo\":{\"@type\":\"ImageObject\",\"inLanguage\":\"de\",\"@id\":\"https:\\\/\\\/www.gesamtschule-eiserfeld.de\\\/#\\\/schema\\\/logo\\\/image\\\/\",\"url\":\"https:\\\/\\\/i1.wp.com\\\/www.gesamtschule-eiserfeld.de\\\/wp-content\\\/uploads\\\/2019\\\/01\\\/GEE-Logo-neu.jpg?fit=436%2C126&ssl=1\",\"contentUrl\":\"https:\\\/\\\/i1.wp.com\\\/www.gesamtschule-eiserfeld.de\\\/wp-content\\\/uploads\\\/2019\\\/01\\\/GEE-Logo-neu.jpg?fit=436%2C126&ssl=1\",\"width\":436,\"height\":126,\"caption\":\"Gesamtschule Eiserfeld\"},\"image\":{\"@id\":\"https:\\\/\\\/www.gesamtschule-eiserfeld.de\\\/#\\\/schema\\\/logo\\\/image\\\/\"},\"sameAs\":[\"https:\\\/\\\/www.facebook.com\\\/GEEiserfeld\"]},{\"@type\":\"Person\",\"@id\":\"https:\\\/\\\/www.gesamtschule-eiserfeld.de\\\/#\\\/schema\\\/person\\\/9f37123dd2ff514a1346db435bdb3784\",\"name\":\"dorw\",\"sameAs\":[\"http:\\\/\\\/www.ge-eiserfeld.de\"],\"url\":\"https:\\\/\\\/www.gesamtschule-eiserfeld.de\\\/?author=9\"}]}<\/script>\n<!-- \/ Yoast SEO plugin. -->","yoast_head_json":{"title":"Weihnachtsfeier der 5'er und 6'er 2011 - Gesamtschule Eiserfeld","robots":{"index":"index","follow":"follow","max-snippet":"max-snippet:-1","max-image-preview":"max-image-preview:large","max-video-preview":"max-video-preview:-1"},"canonical":"https:\/\/www.gesamtschule-eiserfeld.de\/?p=871","og_locale":"de_DE","og_type":"article","og_title":"Weihnachtsfeier der 5'er und 6'er 2011 - Gesamtschule Eiserfeld","og_description":"Am Mittwoch, den 21.12.11, fand unsere traditionelle Weihnachtsfeier der Jahrg\u00e4nge 5 und 6 statt.&nbsp; Durch das Programm f\u00fchrten zwei coole Moderatoren, die die vielen Auff\u00fchrungen auf der B\u00fchne mit der Weihnachtsgeschichte im Stall zu Bethlehem verkn\u00fcpften.Die Zuschauer gerieten in den Bann des Zaubers der Weihnachtszeit und applaudierten begeistert die Auff\u00fchrungen der KInder: Jonglieren, Musizieren, Singen, &hellip; Weihnachtsfeier der 5&#8217;er und 6&#8217;er 2011 weiterlesen &rarr;","og_url":"https:\/\/www.gesamtschule-eiserfeld.de\/?p=871","og_site_name":"Gesamtschule Eiserfeld","article_publisher":"https:\/\/www.facebook.com\/GEEiserfeld","article_published_time":"2012-08-17T14:36:15+00:00","og_image":[{"url":"http:\/\/www.gesamtschule-eiserfeld.de\/Events\/Weihnachtsfeiern\/11\/IMG_5320.jpg","type":"","width":"","height":""}],"author":"dorw","twitter_card":"summary_large_image","twitter_misc":{"Verfasst von":"dorw"},"schema":{"@context":"https:\/\/schema.org","@graph":[{"@type":"Article","@id":"https:\/\/www.gesamtschule-eiserfeld.de\/?p=871#article","isPartOf":{"@id":"https:\/\/www.gesamtschule-eiserfeld.de\/?p=871"},"author":{"name":"dorw","@id":"https:\/\/www.gesamtschule-eiserfeld.de\/#\/schema\/person\/9f37123dd2ff514a1346db435bdb3784"},"headline":"Weihnachtsfeier der 5&#8217;er und 6&#8217;er 2011","datePublished":"2012-08-17T14:36:15+00:00","mainEntityOfPage":{"@id":"https:\/\/www.gesamtschule-eiserfeld.de\/?p=871"},"wordCount":94,"publisher":{"@id":"https:\/\/www.gesamtschule-eiserfeld.de\/#organization"},"image":{"@id":"https:\/\/www.gesamtschule-eiserfeld.de\/?p=871#primaryimage"},"thumbnailUrl":"http:\/\/www.gesamtschule-eiserfeld.de\/Events\/Weihnachtsfeiern\/11\/IMG_5320.jpg","inLanguage":"de"},{"@type":"WebPage","@id":"https:\/\/www.gesamtschule-eiserfeld.de\/?p=871","url":"https:\/\/www.gesamtschule-eiserfeld.de\/?p=871","name":"Weihnachtsfeier der 5'er und 6'er 2011 - Gesamtschule Eiserfeld","isPartOf":{"@id":"https:\/\/www.gesamtschule-eiserfeld.de\/#website"},"primaryImageOfPage":{"@id":"https:\/\/www.gesamtschule-eiserfeld.de\/?p=871#primaryimage"},"image":{"@id":"https:\/\/www.gesamtschule-eiserfeld.de\/?p=871#primaryimage"},"thumbnailUrl":"http:\/\/www.gesamtschule-eiserfeld.de\/Events\/Weihnachtsfeiern\/11\/IMG_5320.jpg","datePublished":"2012-08-17T14:36:15+00:00","breadcrumb":{"@id":"https:\/\/www.gesamtschule-eiserfeld.de\/?p=871#breadcrumb"},"inLanguage":"de","potentialAction":[{"@type":"ReadAction","target":["https:\/\/www.gesamtschule-eiserfeld.de\/?p=871"]}]},{"@type":"ImageObject","inLanguage":"de","@id":"https:\/\/www.gesamtschule-eiserfeld.de\/?p=871#primaryimage","url":"http:\/\/www.gesamtschule-eiserfeld.de\/Events\/Weihnachtsfeiern\/11\/IMG_5320.jpg","contentUrl":"http:\/\/www.gesamtschule-eiserfeld.de\/Events\/Weihnachtsfeiern\/11\/IMG_5320.jpg"},{"@type":"BreadcrumbList","@id":"https:\/\/www.gesamtschule-eiserfeld.de\/?p=871#breadcrumb","itemListElement":[{"@type":"ListItem","position":1,"name":"Startseite","item":"https:\/\/www.gesamtschule-eiserfeld.de\/"},{"@type":"ListItem","position":2,"name":"Weihnachtsfeier der 5&#8217;er und 6&#8217;er 2011"}]},{"@type":"WebSite","@id":"https:\/\/www.gesamtschule-eiserfeld.de\/#website","url":"https:\/\/www.gesamtschule-eiserfeld.de\/","name":"Gesamtschule Eiserfeld","description":"","publisher":{"@id":"https:\/\/www.gesamtschule-eiserfeld.de\/#organization"},"potentialAction":[{"@type":"SearchAction","target":{"@type":"EntryPoint","urlTemplate":"https:\/\/www.gesamtschule-eiserfeld.de\/?s={search_term_string}"},"query-input":{"@type":"PropertyValueSpecification","valueRequired":true,"valueName":"search_term_string"}}],"inLanguage":"de"},{"@type":"Organization","@id":"https:\/\/www.gesamtschule-eiserfeld.de\/#organization","name":"Gesamtschule Eiserfeld","url":"https:\/\/www.gesamtschule-eiserfeld.de\/","logo":{"@type":"ImageObject","inLanguage":"de","@id":"https:\/\/www.gesamtschule-eiserfeld.de\/#\/schema\/logo\/image\/","url":"https:\/\/i1.wp.com\/www.gesamtschule-eiserfeld.de\/wp-content\/uploads\/2019\/01\/GEE-Logo-neu.jpg?fit=436%2C126&ssl=1","contentUrl":"https:\/\/i1.wp.com\/www.gesamtschule-eiserfeld.de\/wp-content\/uploads\/2019\/01\/GEE-Logo-neu.jpg?fit=436%2C126&ssl=1","width":436,"height":126,"caption":"Gesamtschule Eiserfeld"},"image":{"@id":"https:\/\/www.gesamtschule-eiserfeld.de\/#\/schema\/logo\/image\/"},"sameAs":["https:\/\/www.facebook.com\/GEEiserfeld"]},{"@type":"Person","@id":"https:\/\/www.gesamtschule-eiserfeld.de\/#\/schema\/person\/9f37123dd2ff514a1346db435bdb3784","name":"dorw","sameAs":["http:\/\/www.ge-eiserfeld.de"],"url":"https:\/\/www.gesamtschule-eiserfeld.de\/?author=9"}]}},"jetpack_publicize_connections":[],"jetpack_featured_media_url":"","jetpack_shortlink":"https:\/\/wp.me\/p2weeL-e3","jetpack_sharing_enabled":true,"_links":{"self":[{"href":"https:\/\/www.gesamtschule-eiserfeld.de\/index.php?rest_route=\/wp\/v2\/posts\/871","targetHints":{"allow":["GET"]}}],"collection":[{"href":"https:\/\/www.gesamtschule-eiserfeld.de\/index.php?rest_route=\/wp\/v2\/posts"}],"about":[{"href":"https:\/\/www.gesamtschule-eiserfeld.de\/index.php?rest_route=\/wp\/v2\/types\/post"}],"author":[{"embeddable":true,"href":"https:\/\/www.gesamtschule-eiserfeld.de\/index.php?rest_route=\/wp\/v2\/users\/9"}],"replies":[{"embeddable":true,"href":"https:\/\/www.gesamtschule-eiserfeld.de\/index.php?rest_route=%2Fwp%2Fv2%2Fcomments&post=871"}],"version-history":[{"count":0,"href":"https:\/\/www.gesamtschule-eiserfeld.de\/index.php?rest_route=\/wp\/v2\/posts\/871\/revisions"}],"wp:attachment":[{"href":"https:\/\/www.gesamtschule-eiserfeld.de\/index.php?rest_route=%2Fwp%2Fv2%2Fmedia&parent=871"}],"wp:term":[{"taxonomy":"category","embeddable":true,"href":"https:\/\/www.gesamtschule-eiserfeld.de\/index.php?rest_route=%2Fwp%2Fv2%2Fcategories&post=871"},{"taxonomy":"post_tag","embeddable":true,"href":"https:\/\/www.gesamtschule-eiserfeld.de\/index.php?rest_route=%2Fwp%2Fv2%2Ftags&post=871"}],"curies":[{"name":"wp","href":"https:\/\/api.w.org\/{rel}","templated":true}]}}