{"id":881,"date":"2012-08-17T16:43:33","date_gmt":"2012-08-17T14:43:33","guid":{"rendered":"http:\/\/ge-eiserfeld.de\/?p=881"},"modified":"2012-08-17T16:43:33","modified_gmt":"2012-08-17T14:43:33","slug":"ein-stck-erinnerung","status":"publish","type":"post","link":"https:\/\/www.gesamtschule-eiserfeld.de\/?p=881","title":{"rendered":"Ein &bdquo;St&uuml;ck&ldquo; Erinnerung"},"content":{"rendered":"<p align=\"justify\"><img data-recalc-dims=\"1\" loading=\"lazy\" decoding=\"async\" style=\"margin: 0px 10px 0px 0px; display: inline; float: left\" align=\"left\" src=\"https:\/\/i0.wp.com\/www.gesamtschule-eiserfeld.de\/Klassen\/12\/Stolperstein10d\/DSC00274.JPG?resize=277%2C208\" width=\"277\" height=\"208\">Am vergangenen Donnerstag setzten die Sch\u00fclerinnen und Sch\u00fcler der Klasse 10 D der St\u00e4dtischen Gesamtschule Eiserfeld einen Stolperstein f\u00fcr Georg F\u00fchr. Mit dem Setzen des Denkmals beendete die Klasse ein im Unterricht entstandenes Projekt zum Thema Nationalsozialismus. Nachdem die Sch\u00fclerinnen und Sch\u00fcler das Projekt \u201eStolperstein\u201c im Rahmen des Unterrichts kennen gelernt haben, engagierten sich die Jugendlichen aktiv, um auch in Siegen die Erinnerungskultur f\u00fcr die Opfer und Verfolgten des Nationalsozialismus aufrechtzuerhalten. Das Projekt \u201eStolperstein\u201c wurde urspr\u00fcnglich von dem K\u00f6lner K\u00fcnstler Gunter Demnig ins Leben gerufen, der Gedenktafeln aus Messing f\u00fcr die Opfer des Nationalsozialismus anfertigt, um somit dem Vergessen entgegenzuwirken. Mit dem Einlassen eines Stolpersteins vor dem letzten freiwilligen Wohnort des NS-Opfers soll an die Verfolgung von Juden, Sinti und Roma, politisch Verfolgten, Homosexuellen, Zeugen Jehovas und der Euthanasieopfer erinnert werden. (<a href=\"http:\/\/www.gesamtschule-eiserfeld.de\/Klassen\/12\/Stolperstein10d\/Vorlage-Text-Bilder.html\">mehr<\/a>)<\/p>\n","protected":false},"excerpt":{"rendered":"<p>Am vergangenen Donnerstag setzten die Sch\u00fclerinnen und Sch\u00fcler der Klasse 10 D der St\u00e4dtischen Gesamtschule Eiserfeld einen Stolperstein f\u00fcr Georg F\u00fchr. Mit dem Setzen des Denkmals beendete die Klasse ein im Unterricht entstandenes Projekt zum Thema Nationalsozialismus. Nachdem die Sch\u00fclerinnen und Sch\u00fcler das Projekt \u201eStolperstein\u201c im Rahmen des Unterrichts kennen gelernt haben, engagierten sich die &hellip; <a href=\"https:\/\/www.gesamtschule-eiserfeld.de\/?p=881\" class=\"more-link\"><span class=\"screen-reader-text\">Ein &bdquo;St&uuml;ck&ldquo; Erinnerung<\/span> weiterlesen <span class=\"meta-nav\">&rarr;<\/span><\/a><\/p>\n","protected":false},"author":9,"featured_media":0,"comment_status":"closed","ping_status":"open","sticky":false,"template":"","format":"standard","meta":{"jetpack_post_was_ever_published":false,"_jetpack_newsletter_access":"","_jetpack_dont_email_post_to_subs":false,"_jetpack_newsletter_tier_id":0,"_jetpack_memberships_contains_paywalled_content":false,"_jetpack_memberships_contains_paid_content":false,"footnotes":"","jetpack_publicize_message":"","jetpack_publicize_feature_enabled":true,"jetpack_social_post_already_shared":false,"jetpack_social_options":{"image_generator_settings":{"template":"highway","default_image_id":0,"font":"","enabled":false},"version":2}},"categories":[10],"tags":[],"class_list":["post-881","post","type-post","status-publish","format-standard","hentry","category-projekte"],"yoast_head":"<!-- This site is optimized with the Yoast SEO plugin v27.4 - https:\/\/yoast.com\/product\/yoast-seo-wordpress\/ -->\n<title>Ein &bdquo;St&uuml;ck&ldquo; Erinnerung - Gesamtschule Eiserfeld<\/title>\n<meta name=\"robots\" content=\"index, follow, max-snippet:-1, max-image-preview:large, max-video-preview:-1\" \/>\n<link rel=\"canonical\" href=\"https:\/\/www.gesamtschule-eiserfeld.de\/?p=881\" \/>\n<meta property=\"og:locale\" content=\"de_DE\" \/>\n<meta property=\"og:type\" content=\"article\" \/>\n<meta property=\"og:title\" content=\"Ein &bdquo;St&uuml;ck&ldquo; Erinnerung - Gesamtschule Eiserfeld\" \/>\n<meta property=\"og:description\" content=\"Am vergangenen Donnerstag setzten die Sch\u00fclerinnen und Sch\u00fcler der Klasse 10 D der St\u00e4dtischen Gesamtschule Eiserfeld einen Stolperstein f\u00fcr Georg F\u00fchr. Mit dem Setzen des Denkmals beendete die Klasse ein im Unterricht entstandenes Projekt zum Thema Nationalsozialismus. Nachdem die Sch\u00fclerinnen und Sch\u00fcler das Projekt \u201eStolperstein\u201c im Rahmen des Unterrichts kennen gelernt haben, engagierten sich die &hellip; Ein &bdquo;St&uuml;ck&ldquo; Erinnerung weiterlesen &rarr;\" \/>\n<meta property=\"og:url\" content=\"https:\/\/www.gesamtschule-eiserfeld.de\/?p=881\" \/>\n<meta property=\"og:site_name\" content=\"Gesamtschule Eiserfeld\" \/>\n<meta property=\"article:publisher\" content=\"https:\/\/www.facebook.com\/GEEiserfeld\" \/>\n<meta property=\"article:published_time\" content=\"2012-08-17T14:43:33+00:00\" \/>\n<meta property=\"og:image\" content=\"http:\/\/www.gesamtschule-eiserfeld.de\/Klassen\/12\/Stolperstein10d\/DSC00274.JPG\" \/>\n<meta name=\"author\" content=\"dorw\" \/>\n<meta name=\"twitter:card\" content=\"summary_large_image\" \/>\n<meta name=\"twitter:label1\" content=\"Verfasst von\" \/>\n\t<meta name=\"twitter:data1\" content=\"dorw\" \/>\n\t<meta name=\"twitter:label2\" content=\"Gesch\u00e4tzte Lesezeit\" \/>\n\t<meta name=\"twitter:data2\" content=\"1\u00a0Minute\" \/>\n<script type=\"application\/ld+json\" class=\"yoast-schema-graph\">{\"@context\":\"https:\\\/\\\/schema.org\",\"@graph\":[{\"@type\":\"Article\",\"@id\":\"https:\\\/\\\/www.gesamtschule-eiserfeld.de\\\/?p=881#article\",\"isPartOf\":{\"@id\":\"https:\\\/\\\/www.gesamtschule-eiserfeld.de\\\/?p=881\"},\"author\":{\"name\":\"dorw\",\"@id\":\"https:\\\/\\\/www.gesamtschule-eiserfeld.de\\\/#\\\/schema\\\/person\\\/9f37123dd2ff514a1346db435bdb3784\"},\"headline\":\"Ein &bdquo;St&uuml;ck&ldquo; Erinnerung\",\"datePublished\":\"2012-08-17T14:43:33+00:00\",\"mainEntityOfPage\":{\"@id\":\"https:\\\/\\\/www.gesamtschule-eiserfeld.de\\\/?p=881\"},\"wordCount\":150,\"publisher\":{\"@id\":\"https:\\\/\\\/www.gesamtschule-eiserfeld.de\\\/#organization\"},\"image\":{\"@id\":\"https:\\\/\\\/www.gesamtschule-eiserfeld.de\\\/?p=881#primaryimage\"},\"thumbnailUrl\":\"http:\\\/\\\/www.gesamtschule-eiserfeld.de\\\/Klassen\\\/12\\\/Stolperstein10d\\\/DSC00274.JPG\",\"articleSection\":[\"Projekte\"],\"inLanguage\":\"de\"},{\"@type\":\"WebPage\",\"@id\":\"https:\\\/\\\/www.gesamtschule-eiserfeld.de\\\/?p=881\",\"url\":\"https:\\\/\\\/www.gesamtschule-eiserfeld.de\\\/?p=881\",\"name\":\"Ein &bdquo;St&uuml;ck&ldquo; Erinnerung - Gesamtschule Eiserfeld\",\"isPartOf\":{\"@id\":\"https:\\\/\\\/www.gesamtschule-eiserfeld.de\\\/#website\"},\"primaryImageOfPage\":{\"@id\":\"https:\\\/\\\/www.gesamtschule-eiserfeld.de\\\/?p=881#primaryimage\"},\"image\":{\"@id\":\"https:\\\/\\\/www.gesamtschule-eiserfeld.de\\\/?p=881#primaryimage\"},\"thumbnailUrl\":\"http:\\\/\\\/www.gesamtschule-eiserfeld.de\\\/Klassen\\\/12\\\/Stolperstein10d\\\/DSC00274.JPG\",\"datePublished\":\"2012-08-17T14:43:33+00:00\",\"breadcrumb\":{\"@id\":\"https:\\\/\\\/www.gesamtschule-eiserfeld.de\\\/?p=881#breadcrumb\"},\"inLanguage\":\"de\",\"potentialAction\":[{\"@type\":\"ReadAction\",\"target\":[\"https:\\\/\\\/www.gesamtschule-eiserfeld.de\\\/?p=881\"]}]},{\"@type\":\"ImageObject\",\"inLanguage\":\"de\",\"@id\":\"https:\\\/\\\/www.gesamtschule-eiserfeld.de\\\/?p=881#primaryimage\",\"url\":\"http:\\\/\\\/www.gesamtschule-eiserfeld.de\\\/Klassen\\\/12\\\/Stolperstein10d\\\/DSC00274.JPG\",\"contentUrl\":\"http:\\\/\\\/www.gesamtschule-eiserfeld.de\\\/Klassen\\\/12\\\/Stolperstein10d\\\/DSC00274.JPG\"},{\"@type\":\"BreadcrumbList\",\"@id\":\"https:\\\/\\\/www.gesamtschule-eiserfeld.de\\\/?p=881#breadcrumb\",\"itemListElement\":[{\"@type\":\"ListItem\",\"position\":1,\"name\":\"Startseite\",\"item\":\"https:\\\/\\\/www.gesamtschule-eiserfeld.de\\\/\"},{\"@type\":\"ListItem\",\"position\":2,\"name\":\"Ein &bdquo;St&uuml;ck&ldquo; Erinnerung\"}]},{\"@type\":\"WebSite\",\"@id\":\"https:\\\/\\\/www.gesamtschule-eiserfeld.de\\\/#website\",\"url\":\"https:\\\/\\\/www.gesamtschule-eiserfeld.de\\\/\",\"name\":\"Gesamtschule Eiserfeld\",\"description\":\"\",\"publisher\":{\"@id\":\"https:\\\/\\\/www.gesamtschule-eiserfeld.de\\\/#organization\"},\"potentialAction\":[{\"@type\":\"SearchAction\",\"target\":{\"@type\":\"EntryPoint\",\"urlTemplate\":\"https:\\\/\\\/www.gesamtschule-eiserfeld.de\\\/?s={search_term_string}\"},\"query-input\":{\"@type\":\"PropertyValueSpecification\",\"valueRequired\":true,\"valueName\":\"search_term_string\"}}],\"inLanguage\":\"de\"},{\"@type\":\"Organization\",\"@id\":\"https:\\\/\\\/www.gesamtschule-eiserfeld.de\\\/#organization\",\"name\":\"Gesamtschule Eiserfeld\",\"url\":\"https:\\\/\\\/www.gesamtschule-eiserfeld.de\\\/\",\"logo\":{\"@type\":\"ImageObject\",\"inLanguage\":\"de\",\"@id\":\"https:\\\/\\\/www.gesamtschule-eiserfeld.de\\\/#\\\/schema\\\/logo\\\/image\\\/\",\"url\":\"https:\\\/\\\/i1.wp.com\\\/www.gesamtschule-eiserfeld.de\\\/wp-content\\\/uploads\\\/2019\\\/01\\\/GEE-Logo-neu.jpg?fit=436%2C126&ssl=1\",\"contentUrl\":\"https:\\\/\\\/i1.wp.com\\\/www.gesamtschule-eiserfeld.de\\\/wp-content\\\/uploads\\\/2019\\\/01\\\/GEE-Logo-neu.jpg?fit=436%2C126&ssl=1\",\"width\":436,\"height\":126,\"caption\":\"Gesamtschule Eiserfeld\"},\"image\":{\"@id\":\"https:\\\/\\\/www.gesamtschule-eiserfeld.de\\\/#\\\/schema\\\/logo\\\/image\\\/\"},\"sameAs\":[\"https:\\\/\\\/www.facebook.com\\\/GEEiserfeld\"]},{\"@type\":\"Person\",\"@id\":\"https:\\\/\\\/www.gesamtschule-eiserfeld.de\\\/#\\\/schema\\\/person\\\/9f37123dd2ff514a1346db435bdb3784\",\"name\":\"dorw\",\"sameAs\":[\"http:\\\/\\\/www.ge-eiserfeld.de\"],\"url\":\"https:\\\/\\\/www.gesamtschule-eiserfeld.de\\\/?author=9\"}]}<\/script>\n<!-- \/ Yoast SEO plugin. -->","yoast_head_json":{"title":"Ein &bdquo;St&uuml;ck&ldquo; Erinnerung - Gesamtschule Eiserfeld","robots":{"index":"index","follow":"follow","max-snippet":"max-snippet:-1","max-image-preview":"max-image-preview:large","max-video-preview":"max-video-preview:-1"},"canonical":"https:\/\/www.gesamtschule-eiserfeld.de\/?p=881","og_locale":"de_DE","og_type":"article","og_title":"Ein &bdquo;St&uuml;ck&ldquo; Erinnerung - Gesamtschule Eiserfeld","og_description":"Am vergangenen Donnerstag setzten die Sch\u00fclerinnen und Sch\u00fcler der Klasse 10 D der St\u00e4dtischen Gesamtschule Eiserfeld einen Stolperstein f\u00fcr Georg F\u00fchr. Mit dem Setzen des Denkmals beendete die Klasse ein im Unterricht entstandenes Projekt zum Thema Nationalsozialismus. Nachdem die Sch\u00fclerinnen und Sch\u00fcler das Projekt \u201eStolperstein\u201c im Rahmen des Unterrichts kennen gelernt haben, engagierten sich die &hellip; Ein &bdquo;St&uuml;ck&ldquo; Erinnerung weiterlesen &rarr;","og_url":"https:\/\/www.gesamtschule-eiserfeld.de\/?p=881","og_site_name":"Gesamtschule Eiserfeld","article_publisher":"https:\/\/www.facebook.com\/GEEiserfeld","article_published_time":"2012-08-17T14:43:33+00:00","og_image":[{"url":"http:\/\/www.gesamtschule-eiserfeld.de\/Klassen\/12\/Stolperstein10d\/DSC00274.JPG","type":"","width":"","height":""}],"author":"dorw","twitter_card":"summary_large_image","twitter_misc":{"Verfasst von":"dorw","Gesch\u00e4tzte Lesezeit":"1\u00a0Minute"},"schema":{"@context":"https:\/\/schema.org","@graph":[{"@type":"Article","@id":"https:\/\/www.gesamtschule-eiserfeld.de\/?p=881#article","isPartOf":{"@id":"https:\/\/www.gesamtschule-eiserfeld.de\/?p=881"},"author":{"name":"dorw","@id":"https:\/\/www.gesamtschule-eiserfeld.de\/#\/schema\/person\/9f37123dd2ff514a1346db435bdb3784"},"headline":"Ein &bdquo;St&uuml;ck&ldquo; Erinnerung","datePublished":"2012-08-17T14:43:33+00:00","mainEntityOfPage":{"@id":"https:\/\/www.gesamtschule-eiserfeld.de\/?p=881"},"wordCount":150,"publisher":{"@id":"https:\/\/www.gesamtschule-eiserfeld.de\/#organization"},"image":{"@id":"https:\/\/www.gesamtschule-eiserfeld.de\/?p=881#primaryimage"},"thumbnailUrl":"http:\/\/www.gesamtschule-eiserfeld.de\/Klassen\/12\/Stolperstein10d\/DSC00274.JPG","articleSection":["Projekte"],"inLanguage":"de"},{"@type":"WebPage","@id":"https:\/\/www.gesamtschule-eiserfeld.de\/?p=881","url":"https:\/\/www.gesamtschule-eiserfeld.de\/?p=881","name":"Ein &bdquo;St&uuml;ck&ldquo; Erinnerung - Gesamtschule Eiserfeld","isPartOf":{"@id":"https:\/\/www.gesamtschule-eiserfeld.de\/#website"},"primaryImageOfPage":{"@id":"https:\/\/www.gesamtschule-eiserfeld.de\/?p=881#primaryimage"},"image":{"@id":"https:\/\/www.gesamtschule-eiserfeld.de\/?p=881#primaryimage"},"thumbnailUrl":"http:\/\/www.gesamtschule-eiserfeld.de\/Klassen\/12\/Stolperstein10d\/DSC00274.JPG","datePublished":"2012-08-17T14:43:33+00:00","breadcrumb":{"@id":"https:\/\/www.gesamtschule-eiserfeld.de\/?p=881#breadcrumb"},"inLanguage":"de","potentialAction":[{"@type":"ReadAction","target":["https:\/\/www.gesamtschule-eiserfeld.de\/?p=881"]}]},{"@type":"ImageObject","inLanguage":"de","@id":"https:\/\/www.gesamtschule-eiserfeld.de\/?p=881#primaryimage","url":"http:\/\/www.gesamtschule-eiserfeld.de\/Klassen\/12\/Stolperstein10d\/DSC00274.JPG","contentUrl":"http:\/\/www.gesamtschule-eiserfeld.de\/Klassen\/12\/Stolperstein10d\/DSC00274.JPG"},{"@type":"BreadcrumbList","@id":"https:\/\/www.gesamtschule-eiserfeld.de\/?p=881#breadcrumb","itemListElement":[{"@type":"ListItem","position":1,"name":"Startseite","item":"https:\/\/www.gesamtschule-eiserfeld.de\/"},{"@type":"ListItem","position":2,"name":"Ein &bdquo;St&uuml;ck&ldquo; Erinnerung"}]},{"@type":"WebSite","@id":"https:\/\/www.gesamtschule-eiserfeld.de\/#website","url":"https:\/\/www.gesamtschule-eiserfeld.de\/","name":"Gesamtschule Eiserfeld","description":"","publisher":{"@id":"https:\/\/www.gesamtschule-eiserfeld.de\/#organization"},"potentialAction":[{"@type":"SearchAction","target":{"@type":"EntryPoint","urlTemplate":"https:\/\/www.gesamtschule-eiserfeld.de\/?s={search_term_string}"},"query-input":{"@type":"PropertyValueSpecification","valueRequired":true,"valueName":"search_term_string"}}],"inLanguage":"de"},{"@type":"Organization","@id":"https:\/\/www.gesamtschule-eiserfeld.de\/#organization","name":"Gesamtschule Eiserfeld","url":"https:\/\/www.gesamtschule-eiserfeld.de\/","logo":{"@type":"ImageObject","inLanguage":"de","@id":"https:\/\/www.gesamtschule-eiserfeld.de\/#\/schema\/logo\/image\/","url":"https:\/\/i1.wp.com\/www.gesamtschule-eiserfeld.de\/wp-content\/uploads\/2019\/01\/GEE-Logo-neu.jpg?fit=436%2C126&ssl=1","contentUrl":"https:\/\/i1.wp.com\/www.gesamtschule-eiserfeld.de\/wp-content\/uploads\/2019\/01\/GEE-Logo-neu.jpg?fit=436%2C126&ssl=1","width":436,"height":126,"caption":"Gesamtschule Eiserfeld"},"image":{"@id":"https:\/\/www.gesamtschule-eiserfeld.de\/#\/schema\/logo\/image\/"},"sameAs":["https:\/\/www.facebook.com\/GEEiserfeld"]},{"@type":"Person","@id":"https:\/\/www.gesamtschule-eiserfeld.de\/#\/schema\/person\/9f37123dd2ff514a1346db435bdb3784","name":"dorw","sameAs":["http:\/\/www.ge-eiserfeld.de"],"url":"https:\/\/www.gesamtschule-eiserfeld.de\/?author=9"}]}},"jetpack_publicize_connections":[],"jetpack_featured_media_url":"","jetpack_shortlink":"https:\/\/wp.me\/p2weeL-ed","jetpack_sharing_enabled":true,"_links":{"self":[{"href":"https:\/\/www.gesamtschule-eiserfeld.de\/index.php?rest_route=\/wp\/v2\/posts\/881","targetHints":{"allow":["GET"]}}],"collection":[{"href":"https:\/\/www.gesamtschule-eiserfeld.de\/index.php?rest_route=\/wp\/v2\/posts"}],"about":[{"href":"https:\/\/www.gesamtschule-eiserfeld.de\/index.php?rest_route=\/wp\/v2\/types\/post"}],"author":[{"embeddable":true,"href":"https:\/\/www.gesamtschule-eiserfeld.de\/index.php?rest_route=\/wp\/v2\/users\/9"}],"replies":[{"embeddable":true,"href":"https:\/\/www.gesamtschule-eiserfeld.de\/index.php?rest_route=%2Fwp%2Fv2%2Fcomments&post=881"}],"version-history":[{"count":0,"href":"https:\/\/www.gesamtschule-eiserfeld.de\/index.php?rest_route=\/wp\/v2\/posts\/881\/revisions"}],"wp:attachment":[{"href":"https:\/\/www.gesamtschule-eiserfeld.de\/index.php?rest_route=%2Fwp%2Fv2%2Fmedia&parent=881"}],"wp:term":[{"taxonomy":"category","embeddable":true,"href":"https:\/\/www.gesamtschule-eiserfeld.de\/index.php?rest_route=%2Fwp%2Fv2%2Fcategories&post=881"},{"taxonomy":"post_tag","embeddable":true,"href":"https:\/\/www.gesamtschule-eiserfeld.de\/index.php?rest_route=%2Fwp%2Fv2%2Ftags&post=881"}],"curies":[{"name":"wp","href":"https:\/\/api.w.org\/{rel}","templated":true}]}}