{"id":897,"date":"2012-08-17T17:07:38","date_gmt":"2012-08-17T15:07:38","guid":{"rendered":"http:\/\/ge-eiserfeld.de\/?p=897"},"modified":"2012-08-17T17:07:38","modified_gmt":"2012-08-17T15:07:38","slug":"mit-17-jung-sein-in-deutschland","status":"publish","type":"post","link":"https:\/\/www.gesamtschule-eiserfeld.de\/?p=897","title":{"rendered":"&bdquo;Mit 17! &ndash; Jung sein in Deutschland!&ldquo;"},"content":{"rendered":"<p><img data-recalc-dims=\"1\" loading=\"lazy\" decoding=\"async\" style=\"margin: 0px 10px 0px 0px; display: inline; float: left\" align=\"left\" src=\"https:\/\/i0.wp.com\/www.gesamtschule-eiserfeld.de\/index_bilder\/Bilder\/12\/P1060308.JPG?resize=250%2C188\" width=\"250\" height=\"188\">Am 29. M\u00e4rz 2012 besuchte die Klasse 10c im Rahmen des GL-Unterrichts die Ausstellung \u201eMit 17 \u2013 Jung sein in Deutschland\u201c. Welche Sorgen und N\u00f6te, Idole und Trends aber auch Zukunftsw\u00fcnsche die Jugendlichen in den 60er bis 80er Jahren hatten konnten die Sch\u00fclerinnen und Sch\u00fcler in der kunterbunten Ausstellung entdecken. Und einiges kam den Jugendlichen sehr bekannt vor: Zum Beispiel die Liebe zur Musik, welche in jeder Generation eine individuelle Konstante darstellt. Anschlie\u00dfend erkundeten die Sch\u00fclerinnen und Sch\u00fcler die spannende Dauerausstellung im Haus der Geschichte und entdeckten viele Bereiche wieder, die zuvor im Unterricht eine Rolle gespielt hatten. S. Paschold<\/p>\n","protected":false},"excerpt":{"rendered":"<p>Am 29. M\u00e4rz 2012 besuchte die Klasse 10c im Rahmen des GL-Unterrichts die Ausstellung \u201eMit 17 \u2013 Jung sein in Deutschland\u201c. Welche Sorgen und N\u00f6te, Idole und Trends aber auch Zukunftsw\u00fcnsche die Jugendlichen in den 60er bis 80er Jahren hatten konnten die Sch\u00fclerinnen und Sch\u00fcler in der kunterbunten Ausstellung entdecken. Und einiges kam den Jugendlichen &hellip; <a href=\"https:\/\/www.gesamtschule-eiserfeld.de\/?p=897\" class=\"more-link\"><span class=\"screen-reader-text\">&bdquo;Mit 17! &ndash; Jung sein in Deutschland!&ldquo;<\/span> weiterlesen <span class=\"meta-nav\">&rarr;<\/span><\/a><\/p>\n","protected":false},"author":9,"featured_media":0,"comment_status":"closed","ping_status":"open","sticky":false,"template":"","format":"standard","meta":{"jetpack_post_was_ever_published":false,"_jetpack_newsletter_access":"","_jetpack_dont_email_post_to_subs":false,"_jetpack_newsletter_tier_id":0,"_jetpack_memberships_contains_paywalled_content":false,"_jetpack_memberships_contains_paid_content":false,"footnotes":"","jetpack_publicize_message":"","jetpack_publicize_feature_enabled":true,"jetpack_social_post_already_shared":false,"jetpack_social_options":{"image_generator_settings":{"template":"highway","default_image_id":0,"font":"","enabled":false},"version":2}},"categories":[18],"tags":[],"class_list":["post-897","post","type-post","status-publish","format-standard","hentry","category-exkursion"],"yoast_head":"<!-- This site is optimized with the Yoast SEO plugin v27.4 - https:\/\/yoast.com\/product\/yoast-seo-wordpress\/ -->\n<title>&bdquo;Mit 17! &ndash; Jung sein in Deutschland!&ldquo; - Gesamtschule Eiserfeld<\/title>\n<meta name=\"robots\" content=\"index, follow, max-snippet:-1, max-image-preview:large, max-video-preview:-1\" \/>\n<link rel=\"canonical\" href=\"https:\/\/www.gesamtschule-eiserfeld.de\/?p=897\" \/>\n<meta property=\"og:locale\" content=\"de_DE\" \/>\n<meta property=\"og:type\" content=\"article\" \/>\n<meta property=\"og:title\" content=\"&bdquo;Mit 17! &ndash; Jung sein in Deutschland!&ldquo; - Gesamtschule Eiserfeld\" \/>\n<meta property=\"og:description\" content=\"Am 29. M\u00e4rz 2012 besuchte die Klasse 10c im Rahmen des GL-Unterrichts die Ausstellung \u201eMit 17 \u2013 Jung sein in Deutschland\u201c. Welche Sorgen und N\u00f6te, Idole und Trends aber auch Zukunftsw\u00fcnsche die Jugendlichen in den 60er bis 80er Jahren hatten konnten die Sch\u00fclerinnen und Sch\u00fcler in der kunterbunten Ausstellung entdecken. Und einiges kam den Jugendlichen &hellip; &bdquo;Mit 17! &ndash; Jung sein in Deutschland!&ldquo; weiterlesen &rarr;\" \/>\n<meta property=\"og:url\" content=\"https:\/\/www.gesamtschule-eiserfeld.de\/?p=897\" \/>\n<meta property=\"og:site_name\" content=\"Gesamtschule Eiserfeld\" \/>\n<meta property=\"article:publisher\" content=\"https:\/\/www.facebook.com\/GEEiserfeld\" \/>\n<meta property=\"article:published_time\" content=\"2012-08-17T15:07:38+00:00\" \/>\n<meta property=\"og:image\" content=\"http:\/\/www.gesamtschule-eiserfeld.de\/index_bilder\/Bilder\/12\/P1060308.JPG\" \/>\n<meta name=\"author\" content=\"dorw\" \/>\n<meta name=\"twitter:card\" content=\"summary_large_image\" \/>\n<meta name=\"twitter:label1\" content=\"Verfasst von\" \/>\n\t<meta name=\"twitter:data1\" content=\"dorw\" \/>\n\t<meta name=\"twitter:label2\" content=\"Gesch\u00e4tzte Lesezeit\" \/>\n\t<meta name=\"twitter:data2\" content=\"1\u00a0Minute\" \/>\n<script type=\"application\/ld+json\" class=\"yoast-schema-graph\">{\"@context\":\"https:\\\/\\\/schema.org\",\"@graph\":[{\"@type\":\"Article\",\"@id\":\"https:\\\/\\\/www.gesamtschule-eiserfeld.de\\\/?p=897#article\",\"isPartOf\":{\"@id\":\"https:\\\/\\\/www.gesamtschule-eiserfeld.de\\\/?p=897\"},\"author\":{\"name\":\"dorw\",\"@id\":\"https:\\\/\\\/www.gesamtschule-eiserfeld.de\\\/#\\\/schema\\\/person\\\/9f37123dd2ff514a1346db435bdb3784\"},\"headline\":\"&bdquo;Mit 17! &ndash; Jung sein in Deutschland!&ldquo;\",\"datePublished\":\"2012-08-17T15:07:38+00:00\",\"mainEntityOfPage\":{\"@id\":\"https:\\\/\\\/www.gesamtschule-eiserfeld.de\\\/?p=897\"},\"wordCount\":112,\"publisher\":{\"@id\":\"https:\\\/\\\/www.gesamtschule-eiserfeld.de\\\/#organization\"},\"image\":{\"@id\":\"https:\\\/\\\/www.gesamtschule-eiserfeld.de\\\/?p=897#primaryimage\"},\"thumbnailUrl\":\"http:\\\/\\\/www.gesamtschule-eiserfeld.de\\\/index_bilder\\\/Bilder\\\/12\\\/P1060308.JPG\",\"articleSection\":[\"Exkursion\"],\"inLanguage\":\"de\"},{\"@type\":\"WebPage\",\"@id\":\"https:\\\/\\\/www.gesamtschule-eiserfeld.de\\\/?p=897\",\"url\":\"https:\\\/\\\/www.gesamtschule-eiserfeld.de\\\/?p=897\",\"name\":\"&bdquo;Mit 17! &ndash; Jung sein in Deutschland!&ldquo; - Gesamtschule Eiserfeld\",\"isPartOf\":{\"@id\":\"https:\\\/\\\/www.gesamtschule-eiserfeld.de\\\/#website\"},\"primaryImageOfPage\":{\"@id\":\"https:\\\/\\\/www.gesamtschule-eiserfeld.de\\\/?p=897#primaryimage\"},\"image\":{\"@id\":\"https:\\\/\\\/www.gesamtschule-eiserfeld.de\\\/?p=897#primaryimage\"},\"thumbnailUrl\":\"http:\\\/\\\/www.gesamtschule-eiserfeld.de\\\/index_bilder\\\/Bilder\\\/12\\\/P1060308.JPG\",\"datePublished\":\"2012-08-17T15:07:38+00:00\",\"breadcrumb\":{\"@id\":\"https:\\\/\\\/www.gesamtschule-eiserfeld.de\\\/?p=897#breadcrumb\"},\"inLanguage\":\"de\",\"potentialAction\":[{\"@type\":\"ReadAction\",\"target\":[\"https:\\\/\\\/www.gesamtschule-eiserfeld.de\\\/?p=897\"]}]},{\"@type\":\"ImageObject\",\"inLanguage\":\"de\",\"@id\":\"https:\\\/\\\/www.gesamtschule-eiserfeld.de\\\/?p=897#primaryimage\",\"url\":\"http:\\\/\\\/www.gesamtschule-eiserfeld.de\\\/index_bilder\\\/Bilder\\\/12\\\/P1060308.JPG\",\"contentUrl\":\"http:\\\/\\\/www.gesamtschule-eiserfeld.de\\\/index_bilder\\\/Bilder\\\/12\\\/P1060308.JPG\"},{\"@type\":\"BreadcrumbList\",\"@id\":\"https:\\\/\\\/www.gesamtschule-eiserfeld.de\\\/?p=897#breadcrumb\",\"itemListElement\":[{\"@type\":\"ListItem\",\"position\":1,\"name\":\"Startseite\",\"item\":\"https:\\\/\\\/www.gesamtschule-eiserfeld.de\\\/\"},{\"@type\":\"ListItem\",\"position\":2,\"name\":\"&bdquo;Mit 17! &ndash; Jung sein in Deutschland!&ldquo;\"}]},{\"@type\":\"WebSite\",\"@id\":\"https:\\\/\\\/www.gesamtschule-eiserfeld.de\\\/#website\",\"url\":\"https:\\\/\\\/www.gesamtschule-eiserfeld.de\\\/\",\"name\":\"Gesamtschule Eiserfeld\",\"description\":\"\",\"publisher\":{\"@id\":\"https:\\\/\\\/www.gesamtschule-eiserfeld.de\\\/#organization\"},\"potentialAction\":[{\"@type\":\"SearchAction\",\"target\":{\"@type\":\"EntryPoint\",\"urlTemplate\":\"https:\\\/\\\/www.gesamtschule-eiserfeld.de\\\/?s={search_term_string}\"},\"query-input\":{\"@type\":\"PropertyValueSpecification\",\"valueRequired\":true,\"valueName\":\"search_term_string\"}}],\"inLanguage\":\"de\"},{\"@type\":\"Organization\",\"@id\":\"https:\\\/\\\/www.gesamtschule-eiserfeld.de\\\/#organization\",\"name\":\"Gesamtschule Eiserfeld\",\"url\":\"https:\\\/\\\/www.gesamtschule-eiserfeld.de\\\/\",\"logo\":{\"@type\":\"ImageObject\",\"inLanguage\":\"de\",\"@id\":\"https:\\\/\\\/www.gesamtschule-eiserfeld.de\\\/#\\\/schema\\\/logo\\\/image\\\/\",\"url\":\"https:\\\/\\\/i1.wp.com\\\/www.gesamtschule-eiserfeld.de\\\/wp-content\\\/uploads\\\/2019\\\/01\\\/GEE-Logo-neu.jpg?fit=436%2C126&ssl=1\",\"contentUrl\":\"https:\\\/\\\/i1.wp.com\\\/www.gesamtschule-eiserfeld.de\\\/wp-content\\\/uploads\\\/2019\\\/01\\\/GEE-Logo-neu.jpg?fit=436%2C126&ssl=1\",\"width\":436,\"height\":126,\"caption\":\"Gesamtschule Eiserfeld\"},\"image\":{\"@id\":\"https:\\\/\\\/www.gesamtschule-eiserfeld.de\\\/#\\\/schema\\\/logo\\\/image\\\/\"},\"sameAs\":[\"https:\\\/\\\/www.facebook.com\\\/GEEiserfeld\"]},{\"@type\":\"Person\",\"@id\":\"https:\\\/\\\/www.gesamtschule-eiserfeld.de\\\/#\\\/schema\\\/person\\\/9f37123dd2ff514a1346db435bdb3784\",\"name\":\"dorw\",\"sameAs\":[\"http:\\\/\\\/www.ge-eiserfeld.de\"],\"url\":\"https:\\\/\\\/www.gesamtschule-eiserfeld.de\\\/?author=9\"}]}<\/script>\n<!-- \/ Yoast SEO plugin. -->","yoast_head_json":{"title":"&bdquo;Mit 17! &ndash; Jung sein in Deutschland!&ldquo; - Gesamtschule Eiserfeld","robots":{"index":"index","follow":"follow","max-snippet":"max-snippet:-1","max-image-preview":"max-image-preview:large","max-video-preview":"max-video-preview:-1"},"canonical":"https:\/\/www.gesamtschule-eiserfeld.de\/?p=897","og_locale":"de_DE","og_type":"article","og_title":"&bdquo;Mit 17! &ndash; Jung sein in Deutschland!&ldquo; - Gesamtschule Eiserfeld","og_description":"Am 29. M\u00e4rz 2012 besuchte die Klasse 10c im Rahmen des GL-Unterrichts die Ausstellung \u201eMit 17 \u2013 Jung sein in Deutschland\u201c. Welche Sorgen und N\u00f6te, Idole und Trends aber auch Zukunftsw\u00fcnsche die Jugendlichen in den 60er bis 80er Jahren hatten konnten die Sch\u00fclerinnen und Sch\u00fcler in der kunterbunten Ausstellung entdecken. Und einiges kam den Jugendlichen &hellip; &bdquo;Mit 17! &ndash; Jung sein in Deutschland!&ldquo; weiterlesen &rarr;","og_url":"https:\/\/www.gesamtschule-eiserfeld.de\/?p=897","og_site_name":"Gesamtschule Eiserfeld","article_publisher":"https:\/\/www.facebook.com\/GEEiserfeld","article_published_time":"2012-08-17T15:07:38+00:00","og_image":[{"url":"http:\/\/www.gesamtschule-eiserfeld.de\/index_bilder\/Bilder\/12\/P1060308.JPG","type":"","width":"","height":""}],"author":"dorw","twitter_card":"summary_large_image","twitter_misc":{"Verfasst von":"dorw","Gesch\u00e4tzte Lesezeit":"1\u00a0Minute"},"schema":{"@context":"https:\/\/schema.org","@graph":[{"@type":"Article","@id":"https:\/\/www.gesamtschule-eiserfeld.de\/?p=897#article","isPartOf":{"@id":"https:\/\/www.gesamtschule-eiserfeld.de\/?p=897"},"author":{"name":"dorw","@id":"https:\/\/www.gesamtschule-eiserfeld.de\/#\/schema\/person\/9f37123dd2ff514a1346db435bdb3784"},"headline":"&bdquo;Mit 17! &ndash; Jung sein in Deutschland!&ldquo;","datePublished":"2012-08-17T15:07:38+00:00","mainEntityOfPage":{"@id":"https:\/\/www.gesamtschule-eiserfeld.de\/?p=897"},"wordCount":112,"publisher":{"@id":"https:\/\/www.gesamtschule-eiserfeld.de\/#organization"},"image":{"@id":"https:\/\/www.gesamtschule-eiserfeld.de\/?p=897#primaryimage"},"thumbnailUrl":"http:\/\/www.gesamtschule-eiserfeld.de\/index_bilder\/Bilder\/12\/P1060308.JPG","articleSection":["Exkursion"],"inLanguage":"de"},{"@type":"WebPage","@id":"https:\/\/www.gesamtschule-eiserfeld.de\/?p=897","url":"https:\/\/www.gesamtschule-eiserfeld.de\/?p=897","name":"&bdquo;Mit 17! &ndash; Jung sein in Deutschland!&ldquo; - Gesamtschule Eiserfeld","isPartOf":{"@id":"https:\/\/www.gesamtschule-eiserfeld.de\/#website"},"primaryImageOfPage":{"@id":"https:\/\/www.gesamtschule-eiserfeld.de\/?p=897#primaryimage"},"image":{"@id":"https:\/\/www.gesamtschule-eiserfeld.de\/?p=897#primaryimage"},"thumbnailUrl":"http:\/\/www.gesamtschule-eiserfeld.de\/index_bilder\/Bilder\/12\/P1060308.JPG","datePublished":"2012-08-17T15:07:38+00:00","breadcrumb":{"@id":"https:\/\/www.gesamtschule-eiserfeld.de\/?p=897#breadcrumb"},"inLanguage":"de","potentialAction":[{"@type":"ReadAction","target":["https:\/\/www.gesamtschule-eiserfeld.de\/?p=897"]}]},{"@type":"ImageObject","inLanguage":"de","@id":"https:\/\/www.gesamtschule-eiserfeld.de\/?p=897#primaryimage","url":"http:\/\/www.gesamtschule-eiserfeld.de\/index_bilder\/Bilder\/12\/P1060308.JPG","contentUrl":"http:\/\/www.gesamtschule-eiserfeld.de\/index_bilder\/Bilder\/12\/P1060308.JPG"},{"@type":"BreadcrumbList","@id":"https:\/\/www.gesamtschule-eiserfeld.de\/?p=897#breadcrumb","itemListElement":[{"@type":"ListItem","position":1,"name":"Startseite","item":"https:\/\/www.gesamtschule-eiserfeld.de\/"},{"@type":"ListItem","position":2,"name":"&bdquo;Mit 17! &ndash; Jung sein in Deutschland!&ldquo;"}]},{"@type":"WebSite","@id":"https:\/\/www.gesamtschule-eiserfeld.de\/#website","url":"https:\/\/www.gesamtschule-eiserfeld.de\/","name":"Gesamtschule Eiserfeld","description":"","publisher":{"@id":"https:\/\/www.gesamtschule-eiserfeld.de\/#organization"},"potentialAction":[{"@type":"SearchAction","target":{"@type":"EntryPoint","urlTemplate":"https:\/\/www.gesamtschule-eiserfeld.de\/?s={search_term_string}"},"query-input":{"@type":"PropertyValueSpecification","valueRequired":true,"valueName":"search_term_string"}}],"inLanguage":"de"},{"@type":"Organization","@id":"https:\/\/www.gesamtschule-eiserfeld.de\/#organization","name":"Gesamtschule Eiserfeld","url":"https:\/\/www.gesamtschule-eiserfeld.de\/","logo":{"@type":"ImageObject","inLanguage":"de","@id":"https:\/\/www.gesamtschule-eiserfeld.de\/#\/schema\/logo\/image\/","url":"https:\/\/i1.wp.com\/www.gesamtschule-eiserfeld.de\/wp-content\/uploads\/2019\/01\/GEE-Logo-neu.jpg?fit=436%2C126&ssl=1","contentUrl":"https:\/\/i1.wp.com\/www.gesamtschule-eiserfeld.de\/wp-content\/uploads\/2019\/01\/GEE-Logo-neu.jpg?fit=436%2C126&ssl=1","width":436,"height":126,"caption":"Gesamtschule Eiserfeld"},"image":{"@id":"https:\/\/www.gesamtschule-eiserfeld.de\/#\/schema\/logo\/image\/"},"sameAs":["https:\/\/www.facebook.com\/GEEiserfeld"]},{"@type":"Person","@id":"https:\/\/www.gesamtschule-eiserfeld.de\/#\/schema\/person\/9f37123dd2ff514a1346db435bdb3784","name":"dorw","sameAs":["http:\/\/www.ge-eiserfeld.de"],"url":"https:\/\/www.gesamtschule-eiserfeld.de\/?author=9"}]}},"jetpack_publicize_connections":[],"jetpack_featured_media_url":"","jetpack_shortlink":"https:\/\/wp.me\/p2weeL-et","jetpack_sharing_enabled":true,"_links":{"self":[{"href":"https:\/\/www.gesamtschule-eiserfeld.de\/index.php?rest_route=\/wp\/v2\/posts\/897","targetHints":{"allow":["GET"]}}],"collection":[{"href":"https:\/\/www.gesamtschule-eiserfeld.de\/index.php?rest_route=\/wp\/v2\/posts"}],"about":[{"href":"https:\/\/www.gesamtschule-eiserfeld.de\/index.php?rest_route=\/wp\/v2\/types\/post"}],"author":[{"embeddable":true,"href":"https:\/\/www.gesamtschule-eiserfeld.de\/index.php?rest_route=\/wp\/v2\/users\/9"}],"replies":[{"embeddable":true,"href":"https:\/\/www.gesamtschule-eiserfeld.de\/index.php?rest_route=%2Fwp%2Fv2%2Fcomments&post=897"}],"version-history":[{"count":0,"href":"https:\/\/www.gesamtschule-eiserfeld.de\/index.php?rest_route=\/wp\/v2\/posts\/897\/revisions"}],"wp:attachment":[{"href":"https:\/\/www.gesamtschule-eiserfeld.de\/index.php?rest_route=%2Fwp%2Fv2%2Fmedia&parent=897"}],"wp:term":[{"taxonomy":"category","embeddable":true,"href":"https:\/\/www.gesamtschule-eiserfeld.de\/index.php?rest_route=%2Fwp%2Fv2%2Fcategories&post=897"},{"taxonomy":"post_tag","embeddable":true,"href":"https:\/\/www.gesamtschule-eiserfeld.de\/index.php?rest_route=%2Fwp%2Fv2%2Ftags&post=897"}],"curies":[{"name":"wp","href":"https:\/\/api.w.org\/{rel}","templated":true}]}}