{"id":913,"date":"2012-08-17T17:16:01","date_gmt":"2012-08-17T15:16:01","guid":{"rendered":"http:\/\/ge-eiserfeld.de\/?p=913"},"modified":"2012-08-17T17:16:33","modified_gmt":"2012-08-17T15:16:33","slug":"1-franzsisch-lesewettbewerb-in-der-gesamtschule-eiserfeld","status":"publish","type":"post","link":"https:\/\/www.gesamtschule-eiserfeld.de\/?p=913","title":{"rendered":"1. Franz&ouml;sisch-Lesewettbewerb in der Gesamtschule Eiserfeld"},"content":{"rendered":"<p><img data-recalc-dims=\"1\" loading=\"lazy\" decoding=\"async\" style=\"margin: 0px 10px 0px 0px; display: inline; float: left\" align=\"left\" src=\"https:\/\/i0.wp.com\/www.gesamtschule-eiserfeld.de\/index_bilder\/Bilder\/12\/F-Lesewett.jpg?resize=299%2C224\" width=\"299\" height=\"224\">Am 16.05.2012 fand in der Bibliothek der 1. Franz\u00f6sisch-Lesewettbewerb statt. 12 Sch\u00fclerinnen und Sch\u00fcler der Jahrg\u00e4nge 6, 7 und 9 aus dem Kurs Franz\u00f6sisch Wahlpflicht I haben den Mut gehabt sich dem Publikum und der Jury zu stellen, bestehend aus Alice Billand (franz\u00f6sischer Gast), Roberta Gigliotti (Referendarin), Anne Sophie Dahm (6 A) und Lara Dahm (9 D) (Sch\u00fclerinnen mit franz\u00f6sischsprachigem Hintergrund). Zielsetzung des von der Franz\u00f6sisch-Fachschaftsvorsitzenden initiierten und organisierten Wettbewerbs C. Feldheim, ist die Motivation und das Interesse an der franz\u00f6sischen Sprache zu steigern, gr\u00f6\u00dferes Gewicht auf die Lesekompetenz zu legen und die Sch\u00fclerinnen und Sch\u00fcler zu begeistern. Die drei Vorlesegruppen bekamen nach Lernjahren eingeteilt, jeweils einen bekannten und unbekannten Text, der sich in Bezug auf Wortschatz und Textl\u00e4nge unterschied. (<a href=\"http:\/\/www.gesamtschule-eiserfeld.de\/Faecher-Kurse-AGs\/F\/Lesewettbewerb\/12\/Vorlesewettbewerb%20Franz.%20Artikel_Fotos.pdf\">mehr<\/a>)<\/p>\n","protected":false},"excerpt":{"rendered":"<p>Am 16.05.2012 fand in der Bibliothek der 1. Franz\u00f6sisch-Lesewettbewerb statt. 12 Sch\u00fclerinnen und Sch\u00fcler der Jahrg\u00e4nge 6, 7 und 9 aus dem Kurs Franz\u00f6sisch Wahlpflicht I haben den Mut gehabt sich dem Publikum und der Jury zu stellen, bestehend aus Alice Billand (franz\u00f6sischer Gast), Roberta Gigliotti (Referendarin), Anne Sophie Dahm (6 A) und Lara Dahm &hellip; <a href=\"https:\/\/www.gesamtschule-eiserfeld.de\/?p=913\" class=\"more-link\"><span class=\"screen-reader-text\">1. Franz&ouml;sisch-Lesewettbewerb in der Gesamtschule Eiserfeld<\/span> weiterlesen <span class=\"meta-nav\">&rarr;<\/span><\/a><\/p>\n","protected":false},"author":9,"featured_media":0,"comment_status":"closed","ping_status":"open","sticky":false,"template":"","format":"standard","meta":{"jetpack_post_was_ever_published":false,"_jetpack_newsletter_access":"","_jetpack_dont_email_post_to_subs":false,"_jetpack_newsletter_tier_id":0,"_jetpack_memberships_contains_paywalled_content":false,"_jetpack_memberships_contains_paid_content":false,"footnotes":"","jetpack_publicize_message":"","jetpack_publicize_feature_enabled":true,"jetpack_social_post_already_shared":false,"jetpack_social_options":{"image_generator_settings":{"template":"highway","default_image_id":0,"font":"","enabled":false},"version":2}},"categories":[10],"tags":[],"class_list":["post-913","post","type-post","status-publish","format-standard","hentry","category-projekte"],"yoast_head":"<!-- This site is optimized with the Yoast SEO plugin v27.4 - https:\/\/yoast.com\/product\/yoast-seo-wordpress\/ -->\n<title>1. Franz&ouml;sisch-Lesewettbewerb in der Gesamtschule Eiserfeld - Gesamtschule Eiserfeld<\/title>\n<meta name=\"robots\" content=\"index, follow, max-snippet:-1, max-image-preview:large, max-video-preview:-1\" \/>\n<link rel=\"canonical\" href=\"https:\/\/www.gesamtschule-eiserfeld.de\/?p=913\" \/>\n<meta property=\"og:locale\" content=\"de_DE\" \/>\n<meta property=\"og:type\" content=\"article\" \/>\n<meta property=\"og:title\" content=\"1. Franz&ouml;sisch-Lesewettbewerb in der Gesamtschule Eiserfeld - Gesamtschule Eiserfeld\" \/>\n<meta property=\"og:description\" content=\"Am 16.05.2012 fand in der Bibliothek der 1. Franz\u00f6sisch-Lesewettbewerb statt. 12 Sch\u00fclerinnen und Sch\u00fcler der Jahrg\u00e4nge 6, 7 und 9 aus dem Kurs Franz\u00f6sisch Wahlpflicht I haben den Mut gehabt sich dem Publikum und der Jury zu stellen, bestehend aus Alice Billand (franz\u00f6sischer Gast), Roberta Gigliotti (Referendarin), Anne Sophie Dahm (6 A) und Lara Dahm &hellip; 1. Franz&ouml;sisch-Lesewettbewerb in der Gesamtschule Eiserfeld weiterlesen &rarr;\" \/>\n<meta property=\"og:url\" content=\"https:\/\/www.gesamtschule-eiserfeld.de\/?p=913\" \/>\n<meta property=\"og:site_name\" content=\"Gesamtschule Eiserfeld\" \/>\n<meta property=\"article:publisher\" content=\"https:\/\/www.facebook.com\/GEEiserfeld\" \/>\n<meta property=\"article:published_time\" content=\"2012-08-17T15:16:01+00:00\" \/>\n<meta property=\"article:modified_time\" content=\"2012-08-17T15:16:33+00:00\" \/>\n<meta property=\"og:image\" content=\"http:\/\/www.gesamtschule-eiserfeld.de\/index_bilder\/Bilder\/12\/F-Lesewett.jpg\" \/>\n<meta name=\"author\" content=\"dorw\" \/>\n<meta name=\"twitter:card\" content=\"summary_large_image\" \/>\n<meta name=\"twitter:label1\" content=\"Verfasst von\" \/>\n\t<meta name=\"twitter:data1\" content=\"dorw\" \/>\n\t<meta name=\"twitter:label2\" content=\"Gesch\u00e4tzte Lesezeit\" \/>\n\t<meta name=\"twitter:data2\" content=\"1\u00a0Minute\" \/>\n<script type=\"application\/ld+json\" class=\"yoast-schema-graph\">{\"@context\":\"https:\\\/\\\/schema.org\",\"@graph\":[{\"@type\":\"Article\",\"@id\":\"https:\\\/\\\/www.gesamtschule-eiserfeld.de\\\/?p=913#article\",\"isPartOf\":{\"@id\":\"https:\\\/\\\/www.gesamtschule-eiserfeld.de\\\/?p=913\"},\"author\":{\"name\":\"dorw\",\"@id\":\"https:\\\/\\\/www.gesamtschule-eiserfeld.de\\\/#\\\/schema\\\/person\\\/9f37123dd2ff514a1346db435bdb3784\"},\"headline\":\"1. Franz&ouml;sisch-Lesewettbewerb in der Gesamtschule Eiserfeld\",\"datePublished\":\"2012-08-17T15:16:01+00:00\",\"dateModified\":\"2012-08-17T15:16:33+00:00\",\"mainEntityOfPage\":{\"@id\":\"https:\\\/\\\/www.gesamtschule-eiserfeld.de\\\/?p=913\"},\"wordCount\":134,\"publisher\":{\"@id\":\"https:\\\/\\\/www.gesamtschule-eiserfeld.de\\\/#organization\"},\"image\":{\"@id\":\"https:\\\/\\\/www.gesamtschule-eiserfeld.de\\\/?p=913#primaryimage\"},\"thumbnailUrl\":\"http:\\\/\\\/www.gesamtschule-eiserfeld.de\\\/index_bilder\\\/Bilder\\\/12\\\/F-Lesewett.jpg\",\"articleSection\":[\"Projekte\"],\"inLanguage\":\"de\"},{\"@type\":\"WebPage\",\"@id\":\"https:\\\/\\\/www.gesamtschule-eiserfeld.de\\\/?p=913\",\"url\":\"https:\\\/\\\/www.gesamtschule-eiserfeld.de\\\/?p=913\",\"name\":\"1. Franz&ouml;sisch-Lesewettbewerb in der Gesamtschule Eiserfeld - Gesamtschule Eiserfeld\",\"isPartOf\":{\"@id\":\"https:\\\/\\\/www.gesamtschule-eiserfeld.de\\\/#website\"},\"primaryImageOfPage\":{\"@id\":\"https:\\\/\\\/www.gesamtschule-eiserfeld.de\\\/?p=913#primaryimage\"},\"image\":{\"@id\":\"https:\\\/\\\/www.gesamtschule-eiserfeld.de\\\/?p=913#primaryimage\"},\"thumbnailUrl\":\"http:\\\/\\\/www.gesamtschule-eiserfeld.de\\\/index_bilder\\\/Bilder\\\/12\\\/F-Lesewett.jpg\",\"datePublished\":\"2012-08-17T15:16:01+00:00\",\"dateModified\":\"2012-08-17T15:16:33+00:00\",\"breadcrumb\":{\"@id\":\"https:\\\/\\\/www.gesamtschule-eiserfeld.de\\\/?p=913#breadcrumb\"},\"inLanguage\":\"de\",\"potentialAction\":[{\"@type\":\"ReadAction\",\"target\":[\"https:\\\/\\\/www.gesamtschule-eiserfeld.de\\\/?p=913\"]}]},{\"@type\":\"ImageObject\",\"inLanguage\":\"de\",\"@id\":\"https:\\\/\\\/www.gesamtschule-eiserfeld.de\\\/?p=913#primaryimage\",\"url\":\"http:\\\/\\\/www.gesamtschule-eiserfeld.de\\\/index_bilder\\\/Bilder\\\/12\\\/F-Lesewett.jpg\",\"contentUrl\":\"http:\\\/\\\/www.gesamtschule-eiserfeld.de\\\/index_bilder\\\/Bilder\\\/12\\\/F-Lesewett.jpg\"},{\"@type\":\"BreadcrumbList\",\"@id\":\"https:\\\/\\\/www.gesamtschule-eiserfeld.de\\\/?p=913#breadcrumb\",\"itemListElement\":[{\"@type\":\"ListItem\",\"position\":1,\"name\":\"Startseite\",\"item\":\"https:\\\/\\\/www.gesamtschule-eiserfeld.de\\\/\"},{\"@type\":\"ListItem\",\"position\":2,\"name\":\"1. Franz&ouml;sisch-Lesewettbewerb in der Gesamtschule Eiserfeld\"}]},{\"@type\":\"WebSite\",\"@id\":\"https:\\\/\\\/www.gesamtschule-eiserfeld.de\\\/#website\",\"url\":\"https:\\\/\\\/www.gesamtschule-eiserfeld.de\\\/\",\"name\":\"Gesamtschule Eiserfeld\",\"description\":\"\",\"publisher\":{\"@id\":\"https:\\\/\\\/www.gesamtschule-eiserfeld.de\\\/#organization\"},\"potentialAction\":[{\"@type\":\"SearchAction\",\"target\":{\"@type\":\"EntryPoint\",\"urlTemplate\":\"https:\\\/\\\/www.gesamtschule-eiserfeld.de\\\/?s={search_term_string}\"},\"query-input\":{\"@type\":\"PropertyValueSpecification\",\"valueRequired\":true,\"valueName\":\"search_term_string\"}}],\"inLanguage\":\"de\"},{\"@type\":\"Organization\",\"@id\":\"https:\\\/\\\/www.gesamtschule-eiserfeld.de\\\/#organization\",\"name\":\"Gesamtschule Eiserfeld\",\"url\":\"https:\\\/\\\/www.gesamtschule-eiserfeld.de\\\/\",\"logo\":{\"@type\":\"ImageObject\",\"inLanguage\":\"de\",\"@id\":\"https:\\\/\\\/www.gesamtschule-eiserfeld.de\\\/#\\\/schema\\\/logo\\\/image\\\/\",\"url\":\"https:\\\/\\\/i1.wp.com\\\/www.gesamtschule-eiserfeld.de\\\/wp-content\\\/uploads\\\/2019\\\/01\\\/GEE-Logo-neu.jpg?fit=436%2C126&ssl=1\",\"contentUrl\":\"https:\\\/\\\/i1.wp.com\\\/www.gesamtschule-eiserfeld.de\\\/wp-content\\\/uploads\\\/2019\\\/01\\\/GEE-Logo-neu.jpg?fit=436%2C126&ssl=1\",\"width\":436,\"height\":126,\"caption\":\"Gesamtschule Eiserfeld\"},\"image\":{\"@id\":\"https:\\\/\\\/www.gesamtschule-eiserfeld.de\\\/#\\\/schema\\\/logo\\\/image\\\/\"},\"sameAs\":[\"https:\\\/\\\/www.facebook.com\\\/GEEiserfeld\"]},{\"@type\":\"Person\",\"@id\":\"https:\\\/\\\/www.gesamtschule-eiserfeld.de\\\/#\\\/schema\\\/person\\\/9f37123dd2ff514a1346db435bdb3784\",\"name\":\"dorw\",\"sameAs\":[\"http:\\\/\\\/www.ge-eiserfeld.de\"],\"url\":\"https:\\\/\\\/www.gesamtschule-eiserfeld.de\\\/?author=9\"}]}<\/script>\n<!-- \/ Yoast SEO plugin. -->","yoast_head_json":{"title":"1. Franz&ouml;sisch-Lesewettbewerb in der Gesamtschule Eiserfeld - Gesamtschule Eiserfeld","robots":{"index":"index","follow":"follow","max-snippet":"max-snippet:-1","max-image-preview":"max-image-preview:large","max-video-preview":"max-video-preview:-1"},"canonical":"https:\/\/www.gesamtschule-eiserfeld.de\/?p=913","og_locale":"de_DE","og_type":"article","og_title":"1. Franz&ouml;sisch-Lesewettbewerb in der Gesamtschule Eiserfeld - Gesamtschule Eiserfeld","og_description":"Am 16.05.2012 fand in der Bibliothek der 1. Franz\u00f6sisch-Lesewettbewerb statt. 12 Sch\u00fclerinnen und Sch\u00fcler der Jahrg\u00e4nge 6, 7 und 9 aus dem Kurs Franz\u00f6sisch Wahlpflicht I haben den Mut gehabt sich dem Publikum und der Jury zu stellen, bestehend aus Alice Billand (franz\u00f6sischer Gast), Roberta Gigliotti (Referendarin), Anne Sophie Dahm (6 A) und Lara Dahm &hellip; 1. Franz&ouml;sisch-Lesewettbewerb in der Gesamtschule Eiserfeld weiterlesen &rarr;","og_url":"https:\/\/www.gesamtschule-eiserfeld.de\/?p=913","og_site_name":"Gesamtschule Eiserfeld","article_publisher":"https:\/\/www.facebook.com\/GEEiserfeld","article_published_time":"2012-08-17T15:16:01+00:00","article_modified_time":"2012-08-17T15:16:33+00:00","og_image":[{"url":"http:\/\/www.gesamtschule-eiserfeld.de\/index_bilder\/Bilder\/12\/F-Lesewett.jpg","type":"","width":"","height":""}],"author":"dorw","twitter_card":"summary_large_image","twitter_misc":{"Verfasst von":"dorw","Gesch\u00e4tzte Lesezeit":"1\u00a0Minute"},"schema":{"@context":"https:\/\/schema.org","@graph":[{"@type":"Article","@id":"https:\/\/www.gesamtschule-eiserfeld.de\/?p=913#article","isPartOf":{"@id":"https:\/\/www.gesamtschule-eiserfeld.de\/?p=913"},"author":{"name":"dorw","@id":"https:\/\/www.gesamtschule-eiserfeld.de\/#\/schema\/person\/9f37123dd2ff514a1346db435bdb3784"},"headline":"1. Franz&ouml;sisch-Lesewettbewerb in der Gesamtschule Eiserfeld","datePublished":"2012-08-17T15:16:01+00:00","dateModified":"2012-08-17T15:16:33+00:00","mainEntityOfPage":{"@id":"https:\/\/www.gesamtschule-eiserfeld.de\/?p=913"},"wordCount":134,"publisher":{"@id":"https:\/\/www.gesamtschule-eiserfeld.de\/#organization"},"image":{"@id":"https:\/\/www.gesamtschule-eiserfeld.de\/?p=913#primaryimage"},"thumbnailUrl":"http:\/\/www.gesamtschule-eiserfeld.de\/index_bilder\/Bilder\/12\/F-Lesewett.jpg","articleSection":["Projekte"],"inLanguage":"de"},{"@type":"WebPage","@id":"https:\/\/www.gesamtschule-eiserfeld.de\/?p=913","url":"https:\/\/www.gesamtschule-eiserfeld.de\/?p=913","name":"1. Franz&ouml;sisch-Lesewettbewerb in der Gesamtschule Eiserfeld - Gesamtschule Eiserfeld","isPartOf":{"@id":"https:\/\/www.gesamtschule-eiserfeld.de\/#website"},"primaryImageOfPage":{"@id":"https:\/\/www.gesamtschule-eiserfeld.de\/?p=913#primaryimage"},"image":{"@id":"https:\/\/www.gesamtschule-eiserfeld.de\/?p=913#primaryimage"},"thumbnailUrl":"http:\/\/www.gesamtschule-eiserfeld.de\/index_bilder\/Bilder\/12\/F-Lesewett.jpg","datePublished":"2012-08-17T15:16:01+00:00","dateModified":"2012-08-17T15:16:33+00:00","breadcrumb":{"@id":"https:\/\/www.gesamtschule-eiserfeld.de\/?p=913#breadcrumb"},"inLanguage":"de","potentialAction":[{"@type":"ReadAction","target":["https:\/\/www.gesamtschule-eiserfeld.de\/?p=913"]}]},{"@type":"ImageObject","inLanguage":"de","@id":"https:\/\/www.gesamtschule-eiserfeld.de\/?p=913#primaryimage","url":"http:\/\/www.gesamtschule-eiserfeld.de\/index_bilder\/Bilder\/12\/F-Lesewett.jpg","contentUrl":"http:\/\/www.gesamtschule-eiserfeld.de\/index_bilder\/Bilder\/12\/F-Lesewett.jpg"},{"@type":"BreadcrumbList","@id":"https:\/\/www.gesamtschule-eiserfeld.de\/?p=913#breadcrumb","itemListElement":[{"@type":"ListItem","position":1,"name":"Startseite","item":"https:\/\/www.gesamtschule-eiserfeld.de\/"},{"@type":"ListItem","position":2,"name":"1. Franz&ouml;sisch-Lesewettbewerb in der Gesamtschule Eiserfeld"}]},{"@type":"WebSite","@id":"https:\/\/www.gesamtschule-eiserfeld.de\/#website","url":"https:\/\/www.gesamtschule-eiserfeld.de\/","name":"Gesamtschule Eiserfeld","description":"","publisher":{"@id":"https:\/\/www.gesamtschule-eiserfeld.de\/#organization"},"potentialAction":[{"@type":"SearchAction","target":{"@type":"EntryPoint","urlTemplate":"https:\/\/www.gesamtschule-eiserfeld.de\/?s={search_term_string}"},"query-input":{"@type":"PropertyValueSpecification","valueRequired":true,"valueName":"search_term_string"}}],"inLanguage":"de"},{"@type":"Organization","@id":"https:\/\/www.gesamtschule-eiserfeld.de\/#organization","name":"Gesamtschule Eiserfeld","url":"https:\/\/www.gesamtschule-eiserfeld.de\/","logo":{"@type":"ImageObject","inLanguage":"de","@id":"https:\/\/www.gesamtschule-eiserfeld.de\/#\/schema\/logo\/image\/","url":"https:\/\/i1.wp.com\/www.gesamtschule-eiserfeld.de\/wp-content\/uploads\/2019\/01\/GEE-Logo-neu.jpg?fit=436%2C126&ssl=1","contentUrl":"https:\/\/i1.wp.com\/www.gesamtschule-eiserfeld.de\/wp-content\/uploads\/2019\/01\/GEE-Logo-neu.jpg?fit=436%2C126&ssl=1","width":436,"height":126,"caption":"Gesamtschule Eiserfeld"},"image":{"@id":"https:\/\/www.gesamtschule-eiserfeld.de\/#\/schema\/logo\/image\/"},"sameAs":["https:\/\/www.facebook.com\/GEEiserfeld"]},{"@type":"Person","@id":"https:\/\/www.gesamtschule-eiserfeld.de\/#\/schema\/person\/9f37123dd2ff514a1346db435bdb3784","name":"dorw","sameAs":["http:\/\/www.ge-eiserfeld.de"],"url":"https:\/\/www.gesamtschule-eiserfeld.de\/?author=9"}]}},"jetpack_publicize_connections":[],"jetpack_featured_media_url":"","jetpack_shortlink":"https:\/\/wp.me\/p2weeL-eJ","jetpack_sharing_enabled":true,"_links":{"self":[{"href":"https:\/\/www.gesamtschule-eiserfeld.de\/index.php?rest_route=\/wp\/v2\/posts\/913","targetHints":{"allow":["GET"]}}],"collection":[{"href":"https:\/\/www.gesamtschule-eiserfeld.de\/index.php?rest_route=\/wp\/v2\/posts"}],"about":[{"href":"https:\/\/www.gesamtschule-eiserfeld.de\/index.php?rest_route=\/wp\/v2\/types\/post"}],"author":[{"embeddable":true,"href":"https:\/\/www.gesamtschule-eiserfeld.de\/index.php?rest_route=\/wp\/v2\/users\/9"}],"replies":[{"embeddable":true,"href":"https:\/\/www.gesamtschule-eiserfeld.de\/index.php?rest_route=%2Fwp%2Fv2%2Fcomments&post=913"}],"version-history":[{"count":0,"href":"https:\/\/www.gesamtschule-eiserfeld.de\/index.php?rest_route=\/wp\/v2\/posts\/913\/revisions"}],"wp:attachment":[{"href":"https:\/\/www.gesamtschule-eiserfeld.de\/index.php?rest_route=%2Fwp%2Fv2%2Fmedia&parent=913"}],"wp:term":[{"taxonomy":"category","embeddable":true,"href":"https:\/\/www.gesamtschule-eiserfeld.de\/index.php?rest_route=%2Fwp%2Fv2%2Fcategories&post=913"},{"taxonomy":"post_tag","embeddable":true,"href":"https:\/\/www.gesamtschule-eiserfeld.de\/index.php?rest_route=%2Fwp%2Fv2%2Ftags&post=913"}],"curies":[{"name":"wp","href":"https:\/\/api.w.org\/{rel}","templated":true}]}}