{"id":917,"date":"2012-08-17T17:18:01","date_gmt":"2012-08-17T15:18:01","guid":{"rendered":"http:\/\/ge-eiserfeld.de\/?p=917"},"modified":"2012-08-17T17:18:01","modified_gmt":"2012-08-17T15:18:01","slug":"mutige-slammer-gesucht","status":"publish","type":"post","link":"https:\/\/www.gesamtschule-eiserfeld.de\/?p=917","title":{"rendered":"Mutige Slammer gesucht"},"content":{"rendered":"<p align=\"justify\"><img data-recalc-dims=\"1\" loading=\"lazy\" decoding=\"async\" style=\"margin: 0px 10px 0px 0px; display: inline; float: left\" align=\"left\" src=\"https:\/\/i0.wp.com\/www.gesamtschule-eiserfeld.de\/index_bilder\/Bilder\/12\/Foto_5.JPG?resize=240%2C178\" width=\"240\" height=\"178\">Ihr Selbstgedichtetes auf \u00f6ffentlicher B\u00fchne vorzutragen, dazu sollten jetzt die noch unentdeckten poetischen Talente unserer Schule ermutigt werden. Mit dem Ziel, die Sch\u00fclerinnen und Sch\u00fcler der Jahrgangsstufe 11 f\u00fcr den Poetry Slam zu begeistern, war der Leiter des Lektora-Verlags, Karsten Strack, eigens aus Paderborn angereist. \u201eDeine Texte sind da, um geh\u00f6rt zu werden!\u201c, lautete die Botschaft. Dass es sich beim Poetry Slam um einen Dichter-Wettstreit mit Publikums-Wertung handelt, hat sich inzwischen herumgesprochen. Wo diese noch recht junge Kunstform herkommt, <\/p>\n<p><!--more--><\/p>\n<p align=\"justify\">welche Regeln gelten und welche Texte und Pr\u00e4sentationen die besten Sieg-Chancen haben, dies und Weiteres erz\u00e4hlte Karsten Strack in seinem witzig-kurzweiligen Vortrag in der Bibliothek. Das Jahrgangsstufen-Publikum folgte ihm, wie man so sagt, gebannt und war insbesondere von den eingespielten Videos beeindruckt, die zeigten, was szenebekannte Poetry Slammer so drauf haben. Mutige Nachwuchs-Slammer sind gerade jetzt besonders gesucht. Denn in diesem Jahr finden erstmals Westf\u00e4lische U20-Poetry-Slam-Meisterschaften statt. Die regionalen Vorentscheidungen starten im September. In Siegen findet am 28. September ein Qualifikations-Slam statt. Weitere Infos unter www.lektora.de. Ob es Karsten Strack tats\u00e4chlich gelungen ist, den potentiellen Slam-Talenten unserer Schule den entscheidenden Karriere-Kick zu verpassen, wird sich also sp\u00e4testens im Herbst herausstellen.<br \/>B. Vormweg<\/p>\n","protected":false},"excerpt":{"rendered":"<p>Ihr Selbstgedichtetes auf \u00f6ffentlicher B\u00fchne vorzutragen, dazu sollten jetzt die noch unentdeckten poetischen Talente unserer Schule ermutigt werden. Mit dem Ziel, die Sch\u00fclerinnen und Sch\u00fcler der Jahrgangsstufe 11 f\u00fcr den Poetry Slam zu begeistern, war der Leiter des Lektora-Verlags, Karsten Strack, eigens aus Paderborn angereist. \u201eDeine Texte sind da, um geh\u00f6rt zu werden!\u201c, lautete die &hellip; <a href=\"https:\/\/www.gesamtschule-eiserfeld.de\/?p=917\" class=\"more-link\"><span class=\"screen-reader-text\">Mutige Slammer gesucht<\/span> weiterlesen <span class=\"meta-nav\">&rarr;<\/span><\/a><\/p>\n","protected":false},"author":9,"featured_media":0,"comment_status":"closed","ping_status":"open","sticky":false,"template":"","format":"standard","meta":{"jetpack_post_was_ever_published":false,"_jetpack_newsletter_access":"","_jetpack_dont_email_post_to_subs":false,"_jetpack_newsletter_tier_id":0,"_jetpack_memberships_contains_paywalled_content":false,"_jetpack_memberships_contains_paid_content":false,"footnotes":"","jetpack_publicize_message":"","jetpack_publicize_feature_enabled":true,"jetpack_social_post_already_shared":false,"jetpack_social_options":{"image_generator_settings":{"template":"highway","default_image_id":0,"font":"","enabled":false},"version":2}},"categories":[10,26],"tags":[],"class_list":["post-917","post","type-post","status-publish","format-standard","hentry","category-projekte","category-sekundarstufe-ii"],"yoast_head":"<!-- This site is optimized with the Yoast SEO plugin v27.4 - https:\/\/yoast.com\/product\/yoast-seo-wordpress\/ -->\n<title>Mutige Slammer gesucht - Gesamtschule Eiserfeld<\/title>\n<meta name=\"robots\" content=\"index, follow, max-snippet:-1, max-image-preview:large, max-video-preview:-1\" \/>\n<link rel=\"canonical\" href=\"https:\/\/www.gesamtschule-eiserfeld.de\/?p=917\" \/>\n<meta property=\"og:locale\" content=\"de_DE\" \/>\n<meta property=\"og:type\" content=\"article\" \/>\n<meta property=\"og:title\" content=\"Mutige Slammer gesucht - Gesamtschule Eiserfeld\" \/>\n<meta property=\"og:description\" content=\"Ihr Selbstgedichtetes auf \u00f6ffentlicher B\u00fchne vorzutragen, dazu sollten jetzt die noch unentdeckten poetischen Talente unserer Schule ermutigt werden. Mit dem Ziel, die Sch\u00fclerinnen und Sch\u00fcler der Jahrgangsstufe 11 f\u00fcr den Poetry Slam zu begeistern, war der Leiter des Lektora-Verlags, Karsten Strack, eigens aus Paderborn angereist. \u201eDeine Texte sind da, um geh\u00f6rt zu werden!\u201c, lautete die &hellip; Mutige Slammer gesucht weiterlesen &rarr;\" \/>\n<meta property=\"og:url\" content=\"https:\/\/www.gesamtschule-eiserfeld.de\/?p=917\" \/>\n<meta property=\"og:site_name\" content=\"Gesamtschule Eiserfeld\" \/>\n<meta property=\"article:publisher\" content=\"https:\/\/www.facebook.com\/GEEiserfeld\" \/>\n<meta property=\"article:published_time\" content=\"2012-08-17T15:18:01+00:00\" \/>\n<meta property=\"og:image\" content=\"http:\/\/www.gesamtschule-eiserfeld.de\/index_bilder\/Bilder\/12\/Foto_5.JPG\" \/>\n<meta name=\"author\" content=\"dorw\" \/>\n<meta name=\"twitter:card\" content=\"summary_large_image\" \/>\n<meta name=\"twitter:label1\" content=\"Verfasst von\" \/>\n\t<meta name=\"twitter:data1\" content=\"dorw\" \/>\n\t<meta name=\"twitter:label2\" content=\"Gesch\u00e4tzte Lesezeit\" \/>\n\t<meta name=\"twitter:data2\" content=\"1\u00a0Minute\" \/>\n<script type=\"application\/ld+json\" class=\"yoast-schema-graph\">{\"@context\":\"https:\\\/\\\/schema.org\",\"@graph\":[{\"@type\":\"Article\",\"@id\":\"https:\\\/\\\/www.gesamtschule-eiserfeld.de\\\/?p=917#article\",\"isPartOf\":{\"@id\":\"https:\\\/\\\/www.gesamtschule-eiserfeld.de\\\/?p=917\"},\"author\":{\"name\":\"dorw\",\"@id\":\"https:\\\/\\\/www.gesamtschule-eiserfeld.de\\\/#\\\/schema\\\/person\\\/9f37123dd2ff514a1346db435bdb3784\"},\"headline\":\"Mutige Slammer gesucht\",\"datePublished\":\"2012-08-17T15:18:01+00:00\",\"mainEntityOfPage\":{\"@id\":\"https:\\\/\\\/www.gesamtschule-eiserfeld.de\\\/?p=917\"},\"wordCount\":205,\"publisher\":{\"@id\":\"https:\\\/\\\/www.gesamtschule-eiserfeld.de\\\/#organization\"},\"image\":{\"@id\":\"https:\\\/\\\/www.gesamtschule-eiserfeld.de\\\/?p=917#primaryimage\"},\"thumbnailUrl\":\"http:\\\/\\\/www.gesamtschule-eiserfeld.de\\\/index_bilder\\\/Bilder\\\/12\\\/Foto_5.JPG\",\"articleSection\":[\"Projekte\",\"Sekundarstufe II\"],\"inLanguage\":\"de\"},{\"@type\":\"WebPage\",\"@id\":\"https:\\\/\\\/www.gesamtschule-eiserfeld.de\\\/?p=917\",\"url\":\"https:\\\/\\\/www.gesamtschule-eiserfeld.de\\\/?p=917\",\"name\":\"Mutige Slammer gesucht - Gesamtschule Eiserfeld\",\"isPartOf\":{\"@id\":\"https:\\\/\\\/www.gesamtschule-eiserfeld.de\\\/#website\"},\"primaryImageOfPage\":{\"@id\":\"https:\\\/\\\/www.gesamtschule-eiserfeld.de\\\/?p=917#primaryimage\"},\"image\":{\"@id\":\"https:\\\/\\\/www.gesamtschule-eiserfeld.de\\\/?p=917#primaryimage\"},\"thumbnailUrl\":\"http:\\\/\\\/www.gesamtschule-eiserfeld.de\\\/index_bilder\\\/Bilder\\\/12\\\/Foto_5.JPG\",\"datePublished\":\"2012-08-17T15:18:01+00:00\",\"breadcrumb\":{\"@id\":\"https:\\\/\\\/www.gesamtschule-eiserfeld.de\\\/?p=917#breadcrumb\"},\"inLanguage\":\"de\",\"potentialAction\":[{\"@type\":\"ReadAction\",\"target\":[\"https:\\\/\\\/www.gesamtschule-eiserfeld.de\\\/?p=917\"]}]},{\"@type\":\"ImageObject\",\"inLanguage\":\"de\",\"@id\":\"https:\\\/\\\/www.gesamtschule-eiserfeld.de\\\/?p=917#primaryimage\",\"url\":\"http:\\\/\\\/www.gesamtschule-eiserfeld.de\\\/index_bilder\\\/Bilder\\\/12\\\/Foto_5.JPG\",\"contentUrl\":\"http:\\\/\\\/www.gesamtschule-eiserfeld.de\\\/index_bilder\\\/Bilder\\\/12\\\/Foto_5.JPG\"},{\"@type\":\"BreadcrumbList\",\"@id\":\"https:\\\/\\\/www.gesamtschule-eiserfeld.de\\\/?p=917#breadcrumb\",\"itemListElement\":[{\"@type\":\"ListItem\",\"position\":1,\"name\":\"Startseite\",\"item\":\"https:\\\/\\\/www.gesamtschule-eiserfeld.de\\\/\"},{\"@type\":\"ListItem\",\"position\":2,\"name\":\"Mutige Slammer gesucht\"}]},{\"@type\":\"WebSite\",\"@id\":\"https:\\\/\\\/www.gesamtschule-eiserfeld.de\\\/#website\",\"url\":\"https:\\\/\\\/www.gesamtschule-eiserfeld.de\\\/\",\"name\":\"Gesamtschule Eiserfeld\",\"description\":\"\",\"publisher\":{\"@id\":\"https:\\\/\\\/www.gesamtschule-eiserfeld.de\\\/#organization\"},\"potentialAction\":[{\"@type\":\"SearchAction\",\"target\":{\"@type\":\"EntryPoint\",\"urlTemplate\":\"https:\\\/\\\/www.gesamtschule-eiserfeld.de\\\/?s={search_term_string}\"},\"query-input\":{\"@type\":\"PropertyValueSpecification\",\"valueRequired\":true,\"valueName\":\"search_term_string\"}}],\"inLanguage\":\"de\"},{\"@type\":\"Organization\",\"@id\":\"https:\\\/\\\/www.gesamtschule-eiserfeld.de\\\/#organization\",\"name\":\"Gesamtschule Eiserfeld\",\"url\":\"https:\\\/\\\/www.gesamtschule-eiserfeld.de\\\/\",\"logo\":{\"@type\":\"ImageObject\",\"inLanguage\":\"de\",\"@id\":\"https:\\\/\\\/www.gesamtschule-eiserfeld.de\\\/#\\\/schema\\\/logo\\\/image\\\/\",\"url\":\"https:\\\/\\\/i1.wp.com\\\/www.gesamtschule-eiserfeld.de\\\/wp-content\\\/uploads\\\/2019\\\/01\\\/GEE-Logo-neu.jpg?fit=436%2C126&ssl=1\",\"contentUrl\":\"https:\\\/\\\/i1.wp.com\\\/www.gesamtschule-eiserfeld.de\\\/wp-content\\\/uploads\\\/2019\\\/01\\\/GEE-Logo-neu.jpg?fit=436%2C126&ssl=1\",\"width\":436,\"height\":126,\"caption\":\"Gesamtschule Eiserfeld\"},\"image\":{\"@id\":\"https:\\\/\\\/www.gesamtschule-eiserfeld.de\\\/#\\\/schema\\\/logo\\\/image\\\/\"},\"sameAs\":[\"https:\\\/\\\/www.facebook.com\\\/GEEiserfeld\"]},{\"@type\":\"Person\",\"@id\":\"https:\\\/\\\/www.gesamtschule-eiserfeld.de\\\/#\\\/schema\\\/person\\\/9f37123dd2ff514a1346db435bdb3784\",\"name\":\"dorw\",\"sameAs\":[\"http:\\\/\\\/www.ge-eiserfeld.de\"],\"url\":\"https:\\\/\\\/www.gesamtschule-eiserfeld.de\\\/?author=9\"}]}<\/script>\n<!-- \/ Yoast SEO plugin. -->","yoast_head_json":{"title":"Mutige Slammer gesucht - Gesamtschule Eiserfeld","robots":{"index":"index","follow":"follow","max-snippet":"max-snippet:-1","max-image-preview":"max-image-preview:large","max-video-preview":"max-video-preview:-1"},"canonical":"https:\/\/www.gesamtschule-eiserfeld.de\/?p=917","og_locale":"de_DE","og_type":"article","og_title":"Mutige Slammer gesucht - Gesamtschule Eiserfeld","og_description":"Ihr Selbstgedichtetes auf \u00f6ffentlicher B\u00fchne vorzutragen, dazu sollten jetzt die noch unentdeckten poetischen Talente unserer Schule ermutigt werden. Mit dem Ziel, die Sch\u00fclerinnen und Sch\u00fcler der Jahrgangsstufe 11 f\u00fcr den Poetry Slam zu begeistern, war der Leiter des Lektora-Verlags, Karsten Strack, eigens aus Paderborn angereist. \u201eDeine Texte sind da, um geh\u00f6rt zu werden!\u201c, lautete die &hellip; Mutige Slammer gesucht weiterlesen &rarr;","og_url":"https:\/\/www.gesamtschule-eiserfeld.de\/?p=917","og_site_name":"Gesamtschule Eiserfeld","article_publisher":"https:\/\/www.facebook.com\/GEEiserfeld","article_published_time":"2012-08-17T15:18:01+00:00","og_image":[{"url":"http:\/\/www.gesamtschule-eiserfeld.de\/index_bilder\/Bilder\/12\/Foto_5.JPG","type":"","width":"","height":""}],"author":"dorw","twitter_card":"summary_large_image","twitter_misc":{"Verfasst von":"dorw","Gesch\u00e4tzte Lesezeit":"1\u00a0Minute"},"schema":{"@context":"https:\/\/schema.org","@graph":[{"@type":"Article","@id":"https:\/\/www.gesamtschule-eiserfeld.de\/?p=917#article","isPartOf":{"@id":"https:\/\/www.gesamtschule-eiserfeld.de\/?p=917"},"author":{"name":"dorw","@id":"https:\/\/www.gesamtschule-eiserfeld.de\/#\/schema\/person\/9f37123dd2ff514a1346db435bdb3784"},"headline":"Mutige Slammer gesucht","datePublished":"2012-08-17T15:18:01+00:00","mainEntityOfPage":{"@id":"https:\/\/www.gesamtschule-eiserfeld.de\/?p=917"},"wordCount":205,"publisher":{"@id":"https:\/\/www.gesamtschule-eiserfeld.de\/#organization"},"image":{"@id":"https:\/\/www.gesamtschule-eiserfeld.de\/?p=917#primaryimage"},"thumbnailUrl":"http:\/\/www.gesamtschule-eiserfeld.de\/index_bilder\/Bilder\/12\/Foto_5.JPG","articleSection":["Projekte","Sekundarstufe II"],"inLanguage":"de"},{"@type":"WebPage","@id":"https:\/\/www.gesamtschule-eiserfeld.de\/?p=917","url":"https:\/\/www.gesamtschule-eiserfeld.de\/?p=917","name":"Mutige Slammer gesucht - Gesamtschule Eiserfeld","isPartOf":{"@id":"https:\/\/www.gesamtschule-eiserfeld.de\/#website"},"primaryImageOfPage":{"@id":"https:\/\/www.gesamtschule-eiserfeld.de\/?p=917#primaryimage"},"image":{"@id":"https:\/\/www.gesamtschule-eiserfeld.de\/?p=917#primaryimage"},"thumbnailUrl":"http:\/\/www.gesamtschule-eiserfeld.de\/index_bilder\/Bilder\/12\/Foto_5.JPG","datePublished":"2012-08-17T15:18:01+00:00","breadcrumb":{"@id":"https:\/\/www.gesamtschule-eiserfeld.de\/?p=917#breadcrumb"},"inLanguage":"de","potentialAction":[{"@type":"ReadAction","target":["https:\/\/www.gesamtschule-eiserfeld.de\/?p=917"]}]},{"@type":"ImageObject","inLanguage":"de","@id":"https:\/\/www.gesamtschule-eiserfeld.de\/?p=917#primaryimage","url":"http:\/\/www.gesamtschule-eiserfeld.de\/index_bilder\/Bilder\/12\/Foto_5.JPG","contentUrl":"http:\/\/www.gesamtschule-eiserfeld.de\/index_bilder\/Bilder\/12\/Foto_5.JPG"},{"@type":"BreadcrumbList","@id":"https:\/\/www.gesamtschule-eiserfeld.de\/?p=917#breadcrumb","itemListElement":[{"@type":"ListItem","position":1,"name":"Startseite","item":"https:\/\/www.gesamtschule-eiserfeld.de\/"},{"@type":"ListItem","position":2,"name":"Mutige Slammer gesucht"}]},{"@type":"WebSite","@id":"https:\/\/www.gesamtschule-eiserfeld.de\/#website","url":"https:\/\/www.gesamtschule-eiserfeld.de\/","name":"Gesamtschule Eiserfeld","description":"","publisher":{"@id":"https:\/\/www.gesamtschule-eiserfeld.de\/#organization"},"potentialAction":[{"@type":"SearchAction","target":{"@type":"EntryPoint","urlTemplate":"https:\/\/www.gesamtschule-eiserfeld.de\/?s={search_term_string}"},"query-input":{"@type":"PropertyValueSpecification","valueRequired":true,"valueName":"search_term_string"}}],"inLanguage":"de"},{"@type":"Organization","@id":"https:\/\/www.gesamtschule-eiserfeld.de\/#organization","name":"Gesamtschule Eiserfeld","url":"https:\/\/www.gesamtschule-eiserfeld.de\/","logo":{"@type":"ImageObject","inLanguage":"de","@id":"https:\/\/www.gesamtschule-eiserfeld.de\/#\/schema\/logo\/image\/","url":"https:\/\/i1.wp.com\/www.gesamtschule-eiserfeld.de\/wp-content\/uploads\/2019\/01\/GEE-Logo-neu.jpg?fit=436%2C126&ssl=1","contentUrl":"https:\/\/i1.wp.com\/www.gesamtschule-eiserfeld.de\/wp-content\/uploads\/2019\/01\/GEE-Logo-neu.jpg?fit=436%2C126&ssl=1","width":436,"height":126,"caption":"Gesamtschule Eiserfeld"},"image":{"@id":"https:\/\/www.gesamtschule-eiserfeld.de\/#\/schema\/logo\/image\/"},"sameAs":["https:\/\/www.facebook.com\/GEEiserfeld"]},{"@type":"Person","@id":"https:\/\/www.gesamtschule-eiserfeld.de\/#\/schema\/person\/9f37123dd2ff514a1346db435bdb3784","name":"dorw","sameAs":["http:\/\/www.ge-eiserfeld.de"],"url":"https:\/\/www.gesamtschule-eiserfeld.de\/?author=9"}]}},"jetpack_publicize_connections":[],"jetpack_featured_media_url":"","jetpack_shortlink":"https:\/\/wp.me\/p2weeL-eN","jetpack_sharing_enabled":true,"_links":{"self":[{"href":"https:\/\/www.gesamtschule-eiserfeld.de\/index.php?rest_route=\/wp\/v2\/posts\/917","targetHints":{"allow":["GET"]}}],"collection":[{"href":"https:\/\/www.gesamtschule-eiserfeld.de\/index.php?rest_route=\/wp\/v2\/posts"}],"about":[{"href":"https:\/\/www.gesamtschule-eiserfeld.de\/index.php?rest_route=\/wp\/v2\/types\/post"}],"author":[{"embeddable":true,"href":"https:\/\/www.gesamtschule-eiserfeld.de\/index.php?rest_route=\/wp\/v2\/users\/9"}],"replies":[{"embeddable":true,"href":"https:\/\/www.gesamtschule-eiserfeld.de\/index.php?rest_route=%2Fwp%2Fv2%2Fcomments&post=917"}],"version-history":[{"count":0,"href":"https:\/\/www.gesamtschule-eiserfeld.de\/index.php?rest_route=\/wp\/v2\/posts\/917\/revisions"}],"wp:attachment":[{"href":"https:\/\/www.gesamtschule-eiserfeld.de\/index.php?rest_route=%2Fwp%2Fv2%2Fmedia&parent=917"}],"wp:term":[{"taxonomy":"category","embeddable":true,"href":"https:\/\/www.gesamtschule-eiserfeld.de\/index.php?rest_route=%2Fwp%2Fv2%2Fcategories&post=917"},{"taxonomy":"post_tag","embeddable":true,"href":"https:\/\/www.gesamtschule-eiserfeld.de\/index.php?rest_route=%2Fwp%2Fv2%2Ftags&post=917"}],"curies":[{"name":"wp","href":"https:\/\/api.w.org\/{rel}","templated":true}]}}