{"id":9185,"date":"2017-09-20T19:43:00","date_gmt":"2017-09-20T18:43:00","guid":{"rendered":"http:\/\/ge-eiserfeld.de\/?p=9185"},"modified":"2017-09-21T22:00:53","modified_gmt":"2017-09-21T21:00:53","slug":"wann-sind-wir-endlich-da","status":"publish","type":"post","link":"https:\/\/www.gesamtschule-eiserfeld.de\/?p=9185","title":{"rendered":"&bdquo;Wann sind wir endlich da?&ldquo; &#8230;"},"content":{"rendered":"<p align=\"justify\"><a href=\"https:\/\/i0.wp.com\/gesamtschule-eiserfeld.de\/wp-content\/uploads\/2017\/09\/clip_image002.png\"><img data-recalc-dims=\"1\" loading=\"lazy\" decoding=\"async\" title=\"clip_image002\" style=\"background-image: none; float: left; margin: 0px 10px 0px 0px; display: inline; border-image: none\" border=\"0\" hspace=\"12\" alt=\"clip_image002\" src=\"https:\/\/i0.wp.com\/gesamtschule-eiserfeld.de\/wp-content\/uploads\/2017\/09\/clip_image002_thumb.png?resize=225%2C168\" width=\"225\" align=\"left\" height=\"168\"><\/a>[2017-09-18 Z\u00d6LL] F\u00fcnf Tage lang stellte die Klasse 6D jeden Morgen diese Frage und konnte es nicht aushalten, endlich mit den verschiedenen Aktivit\u00e4ten der Klassenfahrtswoche zu starten.<br \/>Bereits am Montag gab es einiges zu erleben \u2013 n\u00e4mlich einen Ausflug in den \u00f6rtlichen Reinhold Forster Erbstollen. <\/p>\n<p><!--more--><\/p>\n<p align=\"justify\">Hier wurde die Klasse von zwei Experten des Bergbauwesens erwartet und mit Helm, festem Schuhwerk und dicker Jacke ausgestattet durch den Stollen gef\u00fchrt.<\/p>\n<p><p align=\"justify\">Auch am Dienstag wurde Siegen unsicher gemacht \u2013 die 6D in der Feuer- und Rettungswache. <i>\u201eWerden wir wirklich stehengelassen, wenn die Feuerwehrm\u00e4nner einen Einsatz haben?\u201c<\/i> Und ja, das wurden wir \u2013 aber nat\u00fcrlich erst p\u00fcnktlich nach der sehr spannenden F\u00fchrung. Vom Feuerwehrauto \u00fcber den Trainingsraum bis hin zur Leitstelle durften die Kinder dabei viel kennenlernen und auch hautnah besichtigen.<\/p>\n<p align=\"justify\">Mittwoch \u2013 Treffpunkt Hauptbahnhof, es geht zum K\u00f6lner Zoo! Vom Elefant \u00fcber die Flamingos bis hin zum Flughund \u2013 verschiedenste Tiere wurden mithilfe einer Zoorallye ausfindig gemacht und beobachtet. <i>\u201eDie Zeit war viel zu kurz, das n\u00e4chste Mal bleiben wir bis abends hier!\u201c<\/i> \u2013 war das allgemeine Res\u00fcmee des Tages.<\/p>\n<p align=\"justify\"><a href=\"https:\/\/i0.wp.com\/gesamtschule-eiserfeld.de\/wp-content\/uploads\/2017\/09\/clip_image004.png\"><img data-recalc-dims=\"1\" loading=\"lazy\" decoding=\"async\" title=\"clip_image004\" style=\"background-image: none; float: left; margin: 0px 10px 0px 0px; display: inline; border-image: none\" border=\"0\" hspace=\"12\" alt=\"clip_image004\" src=\"https:\/\/i0.wp.com\/gesamtschule-eiserfeld.de\/wp-content\/uploads\/2017\/09\/clip_image004_thumb.png?resize=168%2C224\" width=\"168\" align=\"left\" height=\"224\"><\/a>Donnerstags erwartete die Klasse der k\u00fcnstlerische Punkt der Woche \u2013 ein Besuch im Museum f\u00fcr Gegenwartskunst in der Oberstadt. Mit allen Sinnen Kunst erleben, war das Ziel des Tages. Aber nicht nur Gem\u00e4lde bekannter Rubenspreistr\u00e4ger sollten besichtigt werden, sondern die Sch\u00fclerinnen und Sch\u00fcler wurden selbst zu kleinen Nachwuchsk\u00fcnstlern. Denn nach der interessanten F\u00fchrung durch den \u00f6ffentlichen Teil des Museums, ging es ins Atelier. Mit geschlossenen Augen und nur zwei Bleistiften ausgestattet, wurde das Blindzeichnen in den Fokus ger\u00fcckt. Dabei sind viele tolle Gem\u00e4lde entstanden, die nun den Klassenraum zieren.<\/p>\n<p align=\"justify\"><a href=\"https:\/\/i0.wp.com\/gesamtschule-eiserfeld.de\/wp-content\/uploads\/2017\/09\/clip_image006.png\"><img data-recalc-dims=\"1\" loading=\"lazy\" decoding=\"async\" title=\"clip_image006\" style=\"background-image: none; float: right; margin: 0px 0px 0px 10px; display: inline; border-image: none\" border=\"0\" hspace=\"12\" alt=\"clip_image006\" src=\"https:\/\/i0.wp.com\/gesamtschule-eiserfeld.de\/wp-content\/uploads\/2017\/09\/clip_image006_thumb.png?resize=240%2C180\" width=\"240\" align=\"right\" height=\"180\"><\/a>Auch eine sch\u00f6ne Woche muss mal zu Ende gehen und zwar sportlich. Die Klasse machte sich freitags auf zur Minigolf Arena, um dort die ein oder andere Partie Golf zu spielen.<\/p>\n<p align=\"justify\">Was abschlie\u00dfend blieb, war die Frage: <i>\u201eM\u00fcssen wir n\u00e4chste Woche wieder Unterricht machen?\u201c<\/i><\/p>\n","protected":false},"excerpt":{"rendered":"<p>[2017-09-18 Z\u00d6LL] F\u00fcnf Tage lang stellte die Klasse 6D jeden Morgen diese Frage und konnte es nicht aushalten, endlich mit den verschiedenen Aktivit\u00e4ten der Klassenfahrtswoche zu starten.Bereits am Montag gab es einiges zu erleben \u2013 n\u00e4mlich einen Ausflug in den \u00f6rtlichen Reinhold Forster Erbstollen.<\/p>\n","protected":false},"author":9,"featured_media":0,"comment_status":"closed","ping_status":"open","sticky":false,"template":"","format":"standard","meta":{"jetpack_post_was_ever_published":false,"_jetpack_newsletter_access":"","_jetpack_dont_email_post_to_subs":false,"_jetpack_newsletter_tier_id":0,"_jetpack_memberships_contains_paywalled_content":false,"_jetpack_memberships_contains_paid_content":false,"footnotes":"","jetpack_publicize_message":"","jetpack_publicize_feature_enabled":true,"jetpack_social_post_already_shared":true,"jetpack_social_options":{"image_generator_settings":{"template":"highway","default_image_id":0,"font":"","enabled":false},"version":2}},"categories":[18,34],"tags":[],"class_list":["post-9185","post","type-post","status-publish","format-standard","hentry","category-exkursion","category-jg-56"],"yoast_head":"<!-- This site is optimized with the Yoast SEO plugin v27.4 - https:\/\/yoast.com\/product\/yoast-seo-wordpress\/ -->\n<title>&bdquo;Wann sind wir endlich da?&ldquo; ... - Gesamtschule Eiserfeld<\/title>\n<meta name=\"robots\" content=\"index, follow, max-snippet:-1, max-image-preview:large, max-video-preview:-1\" \/>\n<link rel=\"canonical\" href=\"https:\/\/www.gesamtschule-eiserfeld.de\/?p=9185\" \/>\n<meta property=\"og:locale\" content=\"de_DE\" \/>\n<meta property=\"og:type\" content=\"article\" \/>\n<meta property=\"og:title\" content=\"&bdquo;Wann sind wir endlich da?&ldquo; ... - Gesamtschule Eiserfeld\" \/>\n<meta property=\"og:description\" content=\"[2017-09-18 Z\u00d6LL] F\u00fcnf Tage lang stellte die Klasse 6D jeden Morgen diese Frage und konnte es nicht aushalten, endlich mit den verschiedenen Aktivit\u00e4ten der Klassenfahrtswoche zu starten.Bereits am Montag gab es einiges zu erleben \u2013 n\u00e4mlich einen Ausflug in den \u00f6rtlichen Reinhold Forster Erbstollen.\" \/>\n<meta property=\"og:url\" content=\"https:\/\/www.gesamtschule-eiserfeld.de\/?p=9185\" \/>\n<meta property=\"og:site_name\" content=\"Gesamtschule Eiserfeld\" \/>\n<meta property=\"article:publisher\" content=\"https:\/\/www.facebook.com\/GEEiserfeld\" \/>\n<meta property=\"article:published_time\" content=\"2017-09-20T18:43:00+00:00\" \/>\n<meta property=\"article:modified_time\" content=\"2017-09-21T21:00:53+00:00\" \/>\n<meta property=\"og:image\" content=\"http:\/\/gesamtschule-eiserfeld.de\/wp-content\/uploads\/2017\/09\/clip_image002_thumb.png\" \/>\n<meta name=\"author\" content=\"dorw\" \/>\n<meta name=\"twitter:card\" content=\"summary_large_image\" \/>\n<meta name=\"twitter:label1\" content=\"Verfasst von\" \/>\n\t<meta name=\"twitter:data1\" content=\"dorw\" \/>\n\t<meta name=\"twitter:label2\" content=\"Gesch\u00e4tzte Lesezeit\" \/>\n\t<meta name=\"twitter:data2\" content=\"2\u00a0Minuten\" \/>\n<script type=\"application\/ld+json\" class=\"yoast-schema-graph\">{\"@context\":\"https:\\\/\\\/schema.org\",\"@graph\":[{\"@type\":\"Article\",\"@id\":\"https:\\\/\\\/www.gesamtschule-eiserfeld.de\\\/?p=9185#article\",\"isPartOf\":{\"@id\":\"https:\\\/\\\/www.gesamtschule-eiserfeld.de\\\/?p=9185\"},\"author\":{\"name\":\"dorw\",\"@id\":\"https:\\\/\\\/www.gesamtschule-eiserfeld.de\\\/#\\\/schema\\\/person\\\/9f37123dd2ff514a1346db435bdb3784\"},\"headline\":\"&bdquo;Wann sind wir endlich da?&ldquo; &#8230;\",\"datePublished\":\"2017-09-20T18:43:00+00:00\",\"dateModified\":\"2017-09-21T21:00:53+00:00\",\"mainEntityOfPage\":{\"@id\":\"https:\\\/\\\/www.gesamtschule-eiserfeld.de\\\/?p=9185\"},\"wordCount\":337,\"publisher\":{\"@id\":\"https:\\\/\\\/www.gesamtschule-eiserfeld.de\\\/#organization\"},\"image\":{\"@id\":\"https:\\\/\\\/www.gesamtschule-eiserfeld.de\\\/?p=9185#primaryimage\"},\"thumbnailUrl\":\"http:\\\/\\\/gesamtschule-eiserfeld.de\\\/wp-content\\\/uploads\\\/2017\\\/09\\\/clip_image002_thumb.png\",\"articleSection\":[\"Exkursion\",\"Jg 5\\\/6\"],\"inLanguage\":\"de\"},{\"@type\":\"WebPage\",\"@id\":\"https:\\\/\\\/www.gesamtschule-eiserfeld.de\\\/?p=9185\",\"url\":\"https:\\\/\\\/www.gesamtschule-eiserfeld.de\\\/?p=9185\",\"name\":\"&bdquo;Wann sind wir endlich da?&ldquo; ... - Gesamtschule Eiserfeld\",\"isPartOf\":{\"@id\":\"https:\\\/\\\/www.gesamtschule-eiserfeld.de\\\/#website\"},\"primaryImageOfPage\":{\"@id\":\"https:\\\/\\\/www.gesamtschule-eiserfeld.de\\\/?p=9185#primaryimage\"},\"image\":{\"@id\":\"https:\\\/\\\/www.gesamtschule-eiserfeld.de\\\/?p=9185#primaryimage\"},\"thumbnailUrl\":\"http:\\\/\\\/gesamtschule-eiserfeld.de\\\/wp-content\\\/uploads\\\/2017\\\/09\\\/clip_image002_thumb.png\",\"datePublished\":\"2017-09-20T18:43:00+00:00\",\"dateModified\":\"2017-09-21T21:00:53+00:00\",\"breadcrumb\":{\"@id\":\"https:\\\/\\\/www.gesamtschule-eiserfeld.de\\\/?p=9185#breadcrumb\"},\"inLanguage\":\"de\",\"potentialAction\":[{\"@type\":\"ReadAction\",\"target\":[\"https:\\\/\\\/www.gesamtschule-eiserfeld.de\\\/?p=9185\"]}]},{\"@type\":\"ImageObject\",\"inLanguage\":\"de\",\"@id\":\"https:\\\/\\\/www.gesamtschule-eiserfeld.de\\\/?p=9185#primaryimage\",\"url\":\"http:\\\/\\\/gesamtschule-eiserfeld.de\\\/wp-content\\\/uploads\\\/2017\\\/09\\\/clip_image002_thumb.png\",\"contentUrl\":\"http:\\\/\\\/gesamtschule-eiserfeld.de\\\/wp-content\\\/uploads\\\/2017\\\/09\\\/clip_image002_thumb.png\"},{\"@type\":\"BreadcrumbList\",\"@id\":\"https:\\\/\\\/www.gesamtschule-eiserfeld.de\\\/?p=9185#breadcrumb\",\"itemListElement\":[{\"@type\":\"ListItem\",\"position\":1,\"name\":\"Startseite\",\"item\":\"https:\\\/\\\/www.gesamtschule-eiserfeld.de\\\/\"},{\"@type\":\"ListItem\",\"position\":2,\"name\":\"&bdquo;Wann sind wir endlich da?&ldquo; &#8230;\"}]},{\"@type\":\"WebSite\",\"@id\":\"https:\\\/\\\/www.gesamtschule-eiserfeld.de\\\/#website\",\"url\":\"https:\\\/\\\/www.gesamtschule-eiserfeld.de\\\/\",\"name\":\"Gesamtschule Eiserfeld\",\"description\":\"\",\"publisher\":{\"@id\":\"https:\\\/\\\/www.gesamtschule-eiserfeld.de\\\/#organization\"},\"potentialAction\":[{\"@type\":\"SearchAction\",\"target\":{\"@type\":\"EntryPoint\",\"urlTemplate\":\"https:\\\/\\\/www.gesamtschule-eiserfeld.de\\\/?s={search_term_string}\"},\"query-input\":{\"@type\":\"PropertyValueSpecification\",\"valueRequired\":true,\"valueName\":\"search_term_string\"}}],\"inLanguage\":\"de\"},{\"@type\":\"Organization\",\"@id\":\"https:\\\/\\\/www.gesamtschule-eiserfeld.de\\\/#organization\",\"name\":\"Gesamtschule Eiserfeld\",\"url\":\"https:\\\/\\\/www.gesamtschule-eiserfeld.de\\\/\",\"logo\":{\"@type\":\"ImageObject\",\"inLanguage\":\"de\",\"@id\":\"https:\\\/\\\/www.gesamtschule-eiserfeld.de\\\/#\\\/schema\\\/logo\\\/image\\\/\",\"url\":\"https:\\\/\\\/i1.wp.com\\\/www.gesamtschule-eiserfeld.de\\\/wp-content\\\/uploads\\\/2019\\\/01\\\/GEE-Logo-neu.jpg?fit=436%2C126&ssl=1\",\"contentUrl\":\"https:\\\/\\\/i1.wp.com\\\/www.gesamtschule-eiserfeld.de\\\/wp-content\\\/uploads\\\/2019\\\/01\\\/GEE-Logo-neu.jpg?fit=436%2C126&ssl=1\",\"width\":436,\"height\":126,\"caption\":\"Gesamtschule Eiserfeld\"},\"image\":{\"@id\":\"https:\\\/\\\/www.gesamtschule-eiserfeld.de\\\/#\\\/schema\\\/logo\\\/image\\\/\"},\"sameAs\":[\"https:\\\/\\\/www.facebook.com\\\/GEEiserfeld\"]},{\"@type\":\"Person\",\"@id\":\"https:\\\/\\\/www.gesamtschule-eiserfeld.de\\\/#\\\/schema\\\/person\\\/9f37123dd2ff514a1346db435bdb3784\",\"name\":\"dorw\",\"sameAs\":[\"http:\\\/\\\/www.ge-eiserfeld.de\"],\"url\":\"https:\\\/\\\/www.gesamtschule-eiserfeld.de\\\/?author=9\"}]}<\/script>\n<!-- \/ Yoast SEO plugin. -->","yoast_head_json":{"title":"&bdquo;Wann sind wir endlich da?&ldquo; ... - Gesamtschule Eiserfeld","robots":{"index":"index","follow":"follow","max-snippet":"max-snippet:-1","max-image-preview":"max-image-preview:large","max-video-preview":"max-video-preview:-1"},"canonical":"https:\/\/www.gesamtschule-eiserfeld.de\/?p=9185","og_locale":"de_DE","og_type":"article","og_title":"&bdquo;Wann sind wir endlich da?&ldquo; ... - Gesamtschule Eiserfeld","og_description":"[2017-09-18 Z\u00d6LL] F\u00fcnf Tage lang stellte die Klasse 6D jeden Morgen diese Frage und konnte es nicht aushalten, endlich mit den verschiedenen Aktivit\u00e4ten der Klassenfahrtswoche zu starten.Bereits am Montag gab es einiges zu erleben \u2013 n\u00e4mlich einen Ausflug in den \u00f6rtlichen Reinhold Forster Erbstollen.","og_url":"https:\/\/www.gesamtschule-eiserfeld.de\/?p=9185","og_site_name":"Gesamtschule Eiserfeld","article_publisher":"https:\/\/www.facebook.com\/GEEiserfeld","article_published_time":"2017-09-20T18:43:00+00:00","article_modified_time":"2017-09-21T21:00:53+00:00","og_image":[{"url":"http:\/\/gesamtschule-eiserfeld.de\/wp-content\/uploads\/2017\/09\/clip_image002_thumb.png","type":"","width":"","height":""}],"author":"dorw","twitter_card":"summary_large_image","twitter_misc":{"Verfasst von":"dorw","Gesch\u00e4tzte Lesezeit":"2\u00a0Minuten"},"schema":{"@context":"https:\/\/schema.org","@graph":[{"@type":"Article","@id":"https:\/\/www.gesamtschule-eiserfeld.de\/?p=9185#article","isPartOf":{"@id":"https:\/\/www.gesamtschule-eiserfeld.de\/?p=9185"},"author":{"name":"dorw","@id":"https:\/\/www.gesamtschule-eiserfeld.de\/#\/schema\/person\/9f37123dd2ff514a1346db435bdb3784"},"headline":"&bdquo;Wann sind wir endlich da?&ldquo; &#8230;","datePublished":"2017-09-20T18:43:00+00:00","dateModified":"2017-09-21T21:00:53+00:00","mainEntityOfPage":{"@id":"https:\/\/www.gesamtschule-eiserfeld.de\/?p=9185"},"wordCount":337,"publisher":{"@id":"https:\/\/www.gesamtschule-eiserfeld.de\/#organization"},"image":{"@id":"https:\/\/www.gesamtschule-eiserfeld.de\/?p=9185#primaryimage"},"thumbnailUrl":"http:\/\/gesamtschule-eiserfeld.de\/wp-content\/uploads\/2017\/09\/clip_image002_thumb.png","articleSection":["Exkursion","Jg 5\/6"],"inLanguage":"de"},{"@type":"WebPage","@id":"https:\/\/www.gesamtschule-eiserfeld.de\/?p=9185","url":"https:\/\/www.gesamtschule-eiserfeld.de\/?p=9185","name":"&bdquo;Wann sind wir endlich da?&ldquo; ... - Gesamtschule Eiserfeld","isPartOf":{"@id":"https:\/\/www.gesamtschule-eiserfeld.de\/#website"},"primaryImageOfPage":{"@id":"https:\/\/www.gesamtschule-eiserfeld.de\/?p=9185#primaryimage"},"image":{"@id":"https:\/\/www.gesamtschule-eiserfeld.de\/?p=9185#primaryimage"},"thumbnailUrl":"http:\/\/gesamtschule-eiserfeld.de\/wp-content\/uploads\/2017\/09\/clip_image002_thumb.png","datePublished":"2017-09-20T18:43:00+00:00","dateModified":"2017-09-21T21:00:53+00:00","breadcrumb":{"@id":"https:\/\/www.gesamtschule-eiserfeld.de\/?p=9185#breadcrumb"},"inLanguage":"de","potentialAction":[{"@type":"ReadAction","target":["https:\/\/www.gesamtschule-eiserfeld.de\/?p=9185"]}]},{"@type":"ImageObject","inLanguage":"de","@id":"https:\/\/www.gesamtschule-eiserfeld.de\/?p=9185#primaryimage","url":"http:\/\/gesamtschule-eiserfeld.de\/wp-content\/uploads\/2017\/09\/clip_image002_thumb.png","contentUrl":"http:\/\/gesamtschule-eiserfeld.de\/wp-content\/uploads\/2017\/09\/clip_image002_thumb.png"},{"@type":"BreadcrumbList","@id":"https:\/\/www.gesamtschule-eiserfeld.de\/?p=9185#breadcrumb","itemListElement":[{"@type":"ListItem","position":1,"name":"Startseite","item":"https:\/\/www.gesamtschule-eiserfeld.de\/"},{"@type":"ListItem","position":2,"name":"&bdquo;Wann sind wir endlich da?&ldquo; &#8230;"}]},{"@type":"WebSite","@id":"https:\/\/www.gesamtschule-eiserfeld.de\/#website","url":"https:\/\/www.gesamtschule-eiserfeld.de\/","name":"Gesamtschule Eiserfeld","description":"","publisher":{"@id":"https:\/\/www.gesamtschule-eiserfeld.de\/#organization"},"potentialAction":[{"@type":"SearchAction","target":{"@type":"EntryPoint","urlTemplate":"https:\/\/www.gesamtschule-eiserfeld.de\/?s={search_term_string}"},"query-input":{"@type":"PropertyValueSpecification","valueRequired":true,"valueName":"search_term_string"}}],"inLanguage":"de"},{"@type":"Organization","@id":"https:\/\/www.gesamtschule-eiserfeld.de\/#organization","name":"Gesamtschule Eiserfeld","url":"https:\/\/www.gesamtschule-eiserfeld.de\/","logo":{"@type":"ImageObject","inLanguage":"de","@id":"https:\/\/www.gesamtschule-eiserfeld.de\/#\/schema\/logo\/image\/","url":"https:\/\/i1.wp.com\/www.gesamtschule-eiserfeld.de\/wp-content\/uploads\/2019\/01\/GEE-Logo-neu.jpg?fit=436%2C126&ssl=1","contentUrl":"https:\/\/i1.wp.com\/www.gesamtschule-eiserfeld.de\/wp-content\/uploads\/2019\/01\/GEE-Logo-neu.jpg?fit=436%2C126&ssl=1","width":436,"height":126,"caption":"Gesamtschule Eiserfeld"},"image":{"@id":"https:\/\/www.gesamtschule-eiserfeld.de\/#\/schema\/logo\/image\/"},"sameAs":["https:\/\/www.facebook.com\/GEEiserfeld"]},{"@type":"Person","@id":"https:\/\/www.gesamtschule-eiserfeld.de\/#\/schema\/person\/9f37123dd2ff514a1346db435bdb3784","name":"dorw","sameAs":["http:\/\/www.ge-eiserfeld.de"],"url":"https:\/\/www.gesamtschule-eiserfeld.de\/?author=9"}]}},"jetpack_publicize_connections":[],"jetpack_featured_media_url":"","jetpack_shortlink":"https:\/\/wp.me\/p2weeL-2o9","jetpack_sharing_enabled":true,"_links":{"self":[{"href":"https:\/\/www.gesamtschule-eiserfeld.de\/index.php?rest_route=\/wp\/v2\/posts\/9185","targetHints":{"allow":["GET"]}}],"collection":[{"href":"https:\/\/www.gesamtschule-eiserfeld.de\/index.php?rest_route=\/wp\/v2\/posts"}],"about":[{"href":"https:\/\/www.gesamtschule-eiserfeld.de\/index.php?rest_route=\/wp\/v2\/types\/post"}],"author":[{"embeddable":true,"href":"https:\/\/www.gesamtschule-eiserfeld.de\/index.php?rest_route=\/wp\/v2\/users\/9"}],"replies":[{"embeddable":true,"href":"https:\/\/www.gesamtschule-eiserfeld.de\/index.php?rest_route=%2Fwp%2Fv2%2Fcomments&post=9185"}],"version-history":[{"count":0,"href":"https:\/\/www.gesamtschule-eiserfeld.de\/index.php?rest_route=\/wp\/v2\/posts\/9185\/revisions"}],"wp:attachment":[{"href":"https:\/\/www.gesamtschule-eiserfeld.de\/index.php?rest_route=%2Fwp%2Fv2%2Fmedia&parent=9185"}],"wp:term":[{"taxonomy":"category","embeddable":true,"href":"https:\/\/www.gesamtschule-eiserfeld.de\/index.php?rest_route=%2Fwp%2Fv2%2Fcategories&post=9185"},{"taxonomy":"post_tag","embeddable":true,"href":"https:\/\/www.gesamtschule-eiserfeld.de\/index.php?rest_route=%2Fwp%2Fv2%2Ftags&post=9185"}],"curies":[{"name":"wp","href":"https:\/\/api.w.org\/{rel}","templated":true}]}}