{"id":9715,"date":"2018-01-18T15:00:00","date_gmt":"2018-01-18T14:00:00","guid":{"rendered":"http:\/\/ge-eiserfeld.de\/?p=9715"},"modified":"2018-01-22T20:28:00","modified_gmt":"2018-01-22T19:28:00","slug":"tag-der-offenen-tr-an-der-gee","status":"publish","type":"post","link":"https:\/\/www.gesamtschule-eiserfeld.de\/?p=9715","title":{"rendered":"TAG DER OFFENEN T&Uuml;R &ndash; Tagesablauf"},"content":{"rendered":"<p align=\"justify\">\n<p align=\"justify\"><a href=\"https:\/\/i0.wp.com\/gesamtschule-eiserfeld.de\/wp-content\/uploads\/2018\/01\/image_thumb8.png\"><img data-recalc-dims=\"1\" loading=\"lazy\" decoding=\"async\" title=\"image_thumb8\" style=\"border-left-width: 0px; border-right-width: 0px; background-image: none; border-bottom-width: 0px; float: left; padding-top: 0px; padding-left: 0px; margin: 6px 6px 0px 0px; display: inline; padding-right: 0px; border-top-width: 0px\" border=\"0\" alt=\"image_thumb8\" src=\"https:\/\/i0.wp.com\/gesamtschule-eiserfeld.de\/wp-content\/uploads\/2018\/01\/image_thumb8_thumb.png?resize=169%2C89\" width=\"169\" align=\"left\" height=\"89\"><\/a>[2018-01-11 DICK]<strong> <\/strong>Immer mehr setzt die Gesamtschule Eiserfeld auf Weiterentwicklung, Vielfalt und Qualit\u00e4t. Mit diesen Zielvorstellungen im Gep\u00e4ck l\u00e4dt die Schule am <strong><font style=\"background-color: #ffff00\" color=\"#000000\">Samstag, den 20. Januar 2018 von 10 bis 14 Uhr<\/font><\/strong> alle interessierten Eltern und Kinder zum Tag der offenen T\u00fcr ein. <\/p>\n<p><!--more--><\/p>\n<p align=\"justify\">Wir \u00f6ffnen unsere Pforten sowohl im Hauptgeb\u00e4ude in der <strong><font color=\"#000000\">Talsbachstra\u00dfe<\/font><\/strong> als auch an unserem zweiten Standort am <font style=\"background-color: #ffff00\" color=\"#000000\"><strong><\/strong><\/font><strong>Hengsberg<\/strong><font style=\"background-color: #ffff00\" color=\"#000000\"><strong><\/strong><\/font>. Damit m\u00f6chten wir besonders allen zuk\u00fcnftigen Sch\u00fclern erm\u00f6glichen, sich mit ihrem neuen Lebensraum Schule vertraut zu machen.  <\/p>\n<p align=\"justify\"><b><i>Was wird am Tag der offenen T\u00fcr angeboten?<\/i><\/b> <\/p>\n<p align=\"justify\">\n<p align=\"justify\">Zahlreiche Arbeitsgemeinschaften pr\u00e4sentieren sich und unser Nachmittagsangebot f\u00fcr die vorwiegend unteren Jahrg\u00e4nge. Angefangen bei der Tier- und Imkerei AG \u00fcber Sportspiele bis hin zur AG N\u00e4hen \u2013 ein breit gef\u00e4chertes Angebot erwartet alle Besucher und bietet f\u00fcr jeden Geschmack etwas. Daneben kann Unterricht in allen Klassen besucht werden, sei es Projektunterricht im Fach Kunst der Mittelstufe oder Experimente in naturwissenschaftlichen F\u00e4chern der gymnasialen Oberstufe.  <\/p>\n<p align=\"justify\"><b><i>Wie ist der Ablauf in beiden Geb\u00e4uden organisiert?<\/i><\/b>  <\/p>\n<p align=\"justify\">Alle Unterrichtsangebote der <font color=\"#0000ff\">Jahrg\u00e4nge 8 bis 13<\/font> und <font color=\"#0000ff\">einige Arbeitsgemeinschaften<\/font> finden im Hauptgeb\u00e4ude in der <font color=\"#0000ff\">Talsbachstra\u00dfe<\/font> statt. Die Ganztagseinrichtung, Unterrichtsangebote der <font color=\"#ff0000\">Jahrg\u00e4nge 5 bis 7<\/font> sowie weitere Arbeitsgemeinschaften k\u00f6nnen im Geb\u00e4ude am <font color=\"#ff0000\">Hengsberg<\/font> besichtigt werden. An beiden Standorten werden ebenfalls zahlreiche F\u00fchrungen in kleinen Gruppen stattfinden. In regelm\u00e4\u00dfigen Zeitabst\u00e4nden begleiten Oberstufensch\u00fcler interessierte G\u00e4ste \u00fcber den Fu\u00dfweg von der Talsbachstra\u00dfe zum Hengsberg, um die Verbindung zwischen beiden Geb\u00e4uden leichter zu gestalten.  <\/p>\n<p align=\"justify\"><b><i><\/i><\/b> <\/p>\n<p align=\"justify\"><b><i>Wir freuen uns auf zahlreiche Besucher, interessante Gespr\u00e4che und einen ereignisreichen Tag.<\/i><\/b><\/p>\n","protected":false},"excerpt":{"rendered":"<p>[2018-01-11 DICK] Immer mehr setzt die Gesamtschule Eiserfeld auf Weiterentwicklung, Vielfalt und Qualit\u00e4t. Mit diesen Zielvorstellungen im Gep\u00e4ck l\u00e4dt die Schule am Samstag, den 20. Januar 2018 von 10 bis 14 Uhr alle interessierten Eltern und Kinder zum Tag der offenen T\u00fcr ein.<\/p>\n","protected":false},"author":9,"featured_media":0,"comment_status":"closed","ping_status":"open","sticky":false,"template":"","format":"standard","meta":{"jetpack_post_was_ever_published":false,"_jetpack_newsletter_access":"","_jetpack_dont_email_post_to_subs":false,"_jetpack_newsletter_tier_id":0,"_jetpack_memberships_contains_paywalled_content":false,"_jetpack_memberships_contains_paid_content":false,"footnotes":"","jetpack_publicize_message":"","jetpack_publicize_feature_enabled":true,"jetpack_social_post_already_shared":true,"jetpack_social_options":{"image_generator_settings":{"template":"highway","default_image_id":0,"font":"","enabled":false},"version":2}},"categories":[54,1,34,26,81],"tags":[],"class_list":["post-9715","post","type-post","status-publish","format-standard","hentry","category-aktionen","category-allgemein","category-jg-56","category-sekundarstufe-ii","category-tag-der-offenen-tuer"],"yoast_head":"<!-- This site is optimized with the Yoast SEO plugin v27.4 - https:\/\/yoast.com\/product\/yoast-seo-wordpress\/ -->\n<title>TAG DER OFFENEN T&Uuml;R &ndash; Tagesablauf - Gesamtschule Eiserfeld<\/title>\n<meta name=\"robots\" content=\"index, follow, max-snippet:-1, max-image-preview:large, max-video-preview:-1\" \/>\n<link rel=\"canonical\" href=\"https:\/\/www.gesamtschule-eiserfeld.de\/?p=9715\" \/>\n<meta property=\"og:locale\" content=\"de_DE\" \/>\n<meta property=\"og:type\" content=\"article\" \/>\n<meta property=\"og:title\" content=\"TAG DER OFFENEN T&Uuml;R &ndash; Tagesablauf - Gesamtschule Eiserfeld\" \/>\n<meta property=\"og:description\" content=\"[2018-01-11 DICK] Immer mehr setzt die Gesamtschule Eiserfeld auf Weiterentwicklung, Vielfalt und Qualit\u00e4t. Mit diesen Zielvorstellungen im Gep\u00e4ck l\u00e4dt die Schule am Samstag, den 20. Januar 2018 von 10 bis 14 Uhr alle interessierten Eltern und Kinder zum Tag der offenen T\u00fcr ein.\" \/>\n<meta property=\"og:url\" content=\"https:\/\/www.gesamtschule-eiserfeld.de\/?p=9715\" \/>\n<meta property=\"og:site_name\" content=\"Gesamtschule Eiserfeld\" \/>\n<meta property=\"article:publisher\" content=\"https:\/\/www.facebook.com\/GEEiserfeld\" \/>\n<meta property=\"article:published_time\" content=\"2018-01-18T14:00:00+00:00\" \/>\n<meta property=\"article:modified_time\" content=\"2018-01-22T19:28:00+00:00\" \/>\n<meta property=\"og:image\" content=\"http:\/\/gesamtschule-eiserfeld.de\/wp-content\/uploads\/2018\/01\/image_thumb8_thumb.png\" \/>\n<meta name=\"author\" content=\"dorw\" \/>\n<meta name=\"twitter:card\" content=\"summary_large_image\" \/>\n<meta name=\"twitter:label1\" content=\"Verfasst von\" \/>\n\t<meta name=\"twitter:data1\" content=\"dorw\" \/>\n\t<meta name=\"twitter:label2\" content=\"Gesch\u00e4tzte Lesezeit\" \/>\n\t<meta name=\"twitter:data2\" content=\"1\u00a0Minute\" \/>\n<script type=\"application\/ld+json\" class=\"yoast-schema-graph\">{\"@context\":\"https:\\\/\\\/schema.org\",\"@graph\":[{\"@type\":\"Article\",\"@id\":\"https:\\\/\\\/www.gesamtschule-eiserfeld.de\\\/?p=9715#article\",\"isPartOf\":{\"@id\":\"https:\\\/\\\/www.gesamtschule-eiserfeld.de\\\/?p=9715\"},\"author\":{\"name\":\"dorw\",\"@id\":\"https:\\\/\\\/www.gesamtschule-eiserfeld.de\\\/#\\\/schema\\\/person\\\/9f37123dd2ff514a1346db435bdb3784\"},\"headline\":\"TAG DER OFFENEN T&Uuml;R &ndash; Tagesablauf\",\"datePublished\":\"2018-01-18T14:00:00+00:00\",\"dateModified\":\"2018-01-22T19:28:00+00:00\",\"mainEntityOfPage\":{\"@id\":\"https:\\\/\\\/www.gesamtschule-eiserfeld.de\\\/?p=9715\"},\"wordCount\":274,\"publisher\":{\"@id\":\"https:\\\/\\\/www.gesamtschule-eiserfeld.de\\\/#organization\"},\"image\":{\"@id\":\"https:\\\/\\\/www.gesamtschule-eiserfeld.de\\\/?p=9715#primaryimage\"},\"thumbnailUrl\":\"http:\\\/\\\/gesamtschule-eiserfeld.de\\\/wp-content\\\/uploads\\\/2018\\\/01\\\/image_thumb8_thumb.png\",\"articleSection\":{\"0\":\"Aktionen\",\"2\":\"Jg 5\\\/6\",\"3\":\"Sekundarstufe II\",\"4\":\"TAG DER OFFENEN T\u00dcR\"},\"inLanguage\":\"de\"},{\"@type\":\"WebPage\",\"@id\":\"https:\\\/\\\/www.gesamtschule-eiserfeld.de\\\/?p=9715\",\"url\":\"https:\\\/\\\/www.gesamtschule-eiserfeld.de\\\/?p=9715\",\"name\":\"TAG DER OFFENEN T&Uuml;R &ndash; Tagesablauf - Gesamtschule Eiserfeld\",\"isPartOf\":{\"@id\":\"https:\\\/\\\/www.gesamtschule-eiserfeld.de\\\/#website\"},\"primaryImageOfPage\":{\"@id\":\"https:\\\/\\\/www.gesamtschule-eiserfeld.de\\\/?p=9715#primaryimage\"},\"image\":{\"@id\":\"https:\\\/\\\/www.gesamtschule-eiserfeld.de\\\/?p=9715#primaryimage\"},\"thumbnailUrl\":\"http:\\\/\\\/gesamtschule-eiserfeld.de\\\/wp-content\\\/uploads\\\/2018\\\/01\\\/image_thumb8_thumb.png\",\"datePublished\":\"2018-01-18T14:00:00+00:00\",\"dateModified\":\"2018-01-22T19:28:00+00:00\",\"breadcrumb\":{\"@id\":\"https:\\\/\\\/www.gesamtschule-eiserfeld.de\\\/?p=9715#breadcrumb\"},\"inLanguage\":\"de\",\"potentialAction\":[{\"@type\":\"ReadAction\",\"target\":[\"https:\\\/\\\/www.gesamtschule-eiserfeld.de\\\/?p=9715\"]}]},{\"@type\":\"ImageObject\",\"inLanguage\":\"de\",\"@id\":\"https:\\\/\\\/www.gesamtschule-eiserfeld.de\\\/?p=9715#primaryimage\",\"url\":\"http:\\\/\\\/gesamtschule-eiserfeld.de\\\/wp-content\\\/uploads\\\/2018\\\/01\\\/image_thumb8_thumb.png\",\"contentUrl\":\"http:\\\/\\\/gesamtschule-eiserfeld.de\\\/wp-content\\\/uploads\\\/2018\\\/01\\\/image_thumb8_thumb.png\"},{\"@type\":\"BreadcrumbList\",\"@id\":\"https:\\\/\\\/www.gesamtschule-eiserfeld.de\\\/?p=9715#breadcrumb\",\"itemListElement\":[{\"@type\":\"ListItem\",\"position\":1,\"name\":\"Startseite\",\"item\":\"https:\\\/\\\/www.gesamtschule-eiserfeld.de\\\/\"},{\"@type\":\"ListItem\",\"position\":2,\"name\":\"TAG DER OFFENEN T&Uuml;R &ndash; Tagesablauf\"}]},{\"@type\":\"WebSite\",\"@id\":\"https:\\\/\\\/www.gesamtschule-eiserfeld.de\\\/#website\",\"url\":\"https:\\\/\\\/www.gesamtschule-eiserfeld.de\\\/\",\"name\":\"Gesamtschule Eiserfeld\",\"description\":\"\",\"publisher\":{\"@id\":\"https:\\\/\\\/www.gesamtschule-eiserfeld.de\\\/#organization\"},\"potentialAction\":[{\"@type\":\"SearchAction\",\"target\":{\"@type\":\"EntryPoint\",\"urlTemplate\":\"https:\\\/\\\/www.gesamtschule-eiserfeld.de\\\/?s={search_term_string}\"},\"query-input\":{\"@type\":\"PropertyValueSpecification\",\"valueRequired\":true,\"valueName\":\"search_term_string\"}}],\"inLanguage\":\"de\"},{\"@type\":\"Organization\",\"@id\":\"https:\\\/\\\/www.gesamtschule-eiserfeld.de\\\/#organization\",\"name\":\"Gesamtschule Eiserfeld\",\"url\":\"https:\\\/\\\/www.gesamtschule-eiserfeld.de\\\/\",\"logo\":{\"@type\":\"ImageObject\",\"inLanguage\":\"de\",\"@id\":\"https:\\\/\\\/www.gesamtschule-eiserfeld.de\\\/#\\\/schema\\\/logo\\\/image\\\/\",\"url\":\"https:\\\/\\\/i1.wp.com\\\/www.gesamtschule-eiserfeld.de\\\/wp-content\\\/uploads\\\/2019\\\/01\\\/GEE-Logo-neu.jpg?fit=436%2C126&ssl=1\",\"contentUrl\":\"https:\\\/\\\/i1.wp.com\\\/www.gesamtschule-eiserfeld.de\\\/wp-content\\\/uploads\\\/2019\\\/01\\\/GEE-Logo-neu.jpg?fit=436%2C126&ssl=1\",\"width\":436,\"height\":126,\"caption\":\"Gesamtschule Eiserfeld\"},\"image\":{\"@id\":\"https:\\\/\\\/www.gesamtschule-eiserfeld.de\\\/#\\\/schema\\\/logo\\\/image\\\/\"},\"sameAs\":[\"https:\\\/\\\/www.facebook.com\\\/GEEiserfeld\"]},{\"@type\":\"Person\",\"@id\":\"https:\\\/\\\/www.gesamtschule-eiserfeld.de\\\/#\\\/schema\\\/person\\\/9f37123dd2ff514a1346db435bdb3784\",\"name\":\"dorw\",\"sameAs\":[\"http:\\\/\\\/www.ge-eiserfeld.de\"],\"url\":\"https:\\\/\\\/www.gesamtschule-eiserfeld.de\\\/?author=9\"}]}<\/script>\n<!-- \/ Yoast SEO plugin. -->","yoast_head_json":{"title":"TAG DER OFFENEN T&Uuml;R &ndash; Tagesablauf - Gesamtschule Eiserfeld","robots":{"index":"index","follow":"follow","max-snippet":"max-snippet:-1","max-image-preview":"max-image-preview:large","max-video-preview":"max-video-preview:-1"},"canonical":"https:\/\/www.gesamtschule-eiserfeld.de\/?p=9715","og_locale":"de_DE","og_type":"article","og_title":"TAG DER OFFENEN T&Uuml;R &ndash; Tagesablauf - Gesamtschule Eiserfeld","og_description":"[2018-01-11 DICK] Immer mehr setzt die Gesamtschule Eiserfeld auf Weiterentwicklung, Vielfalt und Qualit\u00e4t. Mit diesen Zielvorstellungen im Gep\u00e4ck l\u00e4dt die Schule am Samstag, den 20. Januar 2018 von 10 bis 14 Uhr alle interessierten Eltern und Kinder zum Tag der offenen T\u00fcr ein.","og_url":"https:\/\/www.gesamtschule-eiserfeld.de\/?p=9715","og_site_name":"Gesamtschule Eiserfeld","article_publisher":"https:\/\/www.facebook.com\/GEEiserfeld","article_published_time":"2018-01-18T14:00:00+00:00","article_modified_time":"2018-01-22T19:28:00+00:00","og_image":[{"url":"http:\/\/gesamtschule-eiserfeld.de\/wp-content\/uploads\/2018\/01\/image_thumb8_thumb.png","type":"","width":"","height":""}],"author":"dorw","twitter_card":"summary_large_image","twitter_misc":{"Verfasst von":"dorw","Gesch\u00e4tzte Lesezeit":"1\u00a0Minute"},"schema":{"@context":"https:\/\/schema.org","@graph":[{"@type":"Article","@id":"https:\/\/www.gesamtschule-eiserfeld.de\/?p=9715#article","isPartOf":{"@id":"https:\/\/www.gesamtschule-eiserfeld.de\/?p=9715"},"author":{"name":"dorw","@id":"https:\/\/www.gesamtschule-eiserfeld.de\/#\/schema\/person\/9f37123dd2ff514a1346db435bdb3784"},"headline":"TAG DER OFFENEN T&Uuml;R &ndash; Tagesablauf","datePublished":"2018-01-18T14:00:00+00:00","dateModified":"2018-01-22T19:28:00+00:00","mainEntityOfPage":{"@id":"https:\/\/www.gesamtschule-eiserfeld.de\/?p=9715"},"wordCount":274,"publisher":{"@id":"https:\/\/www.gesamtschule-eiserfeld.de\/#organization"},"image":{"@id":"https:\/\/www.gesamtschule-eiserfeld.de\/?p=9715#primaryimage"},"thumbnailUrl":"http:\/\/gesamtschule-eiserfeld.de\/wp-content\/uploads\/2018\/01\/image_thumb8_thumb.png","articleSection":{"0":"Aktionen","2":"Jg 5\/6","3":"Sekundarstufe II","4":"TAG DER OFFENEN T\u00dcR"},"inLanguage":"de"},{"@type":"WebPage","@id":"https:\/\/www.gesamtschule-eiserfeld.de\/?p=9715","url":"https:\/\/www.gesamtschule-eiserfeld.de\/?p=9715","name":"TAG DER OFFENEN T&Uuml;R &ndash; Tagesablauf - Gesamtschule Eiserfeld","isPartOf":{"@id":"https:\/\/www.gesamtschule-eiserfeld.de\/#website"},"primaryImageOfPage":{"@id":"https:\/\/www.gesamtschule-eiserfeld.de\/?p=9715#primaryimage"},"image":{"@id":"https:\/\/www.gesamtschule-eiserfeld.de\/?p=9715#primaryimage"},"thumbnailUrl":"http:\/\/gesamtschule-eiserfeld.de\/wp-content\/uploads\/2018\/01\/image_thumb8_thumb.png","datePublished":"2018-01-18T14:00:00+00:00","dateModified":"2018-01-22T19:28:00+00:00","breadcrumb":{"@id":"https:\/\/www.gesamtschule-eiserfeld.de\/?p=9715#breadcrumb"},"inLanguage":"de","potentialAction":[{"@type":"ReadAction","target":["https:\/\/www.gesamtschule-eiserfeld.de\/?p=9715"]}]},{"@type":"ImageObject","inLanguage":"de","@id":"https:\/\/www.gesamtschule-eiserfeld.de\/?p=9715#primaryimage","url":"http:\/\/gesamtschule-eiserfeld.de\/wp-content\/uploads\/2018\/01\/image_thumb8_thumb.png","contentUrl":"http:\/\/gesamtschule-eiserfeld.de\/wp-content\/uploads\/2018\/01\/image_thumb8_thumb.png"},{"@type":"BreadcrumbList","@id":"https:\/\/www.gesamtschule-eiserfeld.de\/?p=9715#breadcrumb","itemListElement":[{"@type":"ListItem","position":1,"name":"Startseite","item":"https:\/\/www.gesamtschule-eiserfeld.de\/"},{"@type":"ListItem","position":2,"name":"TAG DER OFFENEN T&Uuml;R &ndash; Tagesablauf"}]},{"@type":"WebSite","@id":"https:\/\/www.gesamtschule-eiserfeld.de\/#website","url":"https:\/\/www.gesamtschule-eiserfeld.de\/","name":"Gesamtschule Eiserfeld","description":"","publisher":{"@id":"https:\/\/www.gesamtschule-eiserfeld.de\/#organization"},"potentialAction":[{"@type":"SearchAction","target":{"@type":"EntryPoint","urlTemplate":"https:\/\/www.gesamtschule-eiserfeld.de\/?s={search_term_string}"},"query-input":{"@type":"PropertyValueSpecification","valueRequired":true,"valueName":"search_term_string"}}],"inLanguage":"de"},{"@type":"Organization","@id":"https:\/\/www.gesamtschule-eiserfeld.de\/#organization","name":"Gesamtschule Eiserfeld","url":"https:\/\/www.gesamtschule-eiserfeld.de\/","logo":{"@type":"ImageObject","inLanguage":"de","@id":"https:\/\/www.gesamtschule-eiserfeld.de\/#\/schema\/logo\/image\/","url":"https:\/\/i1.wp.com\/www.gesamtschule-eiserfeld.de\/wp-content\/uploads\/2019\/01\/GEE-Logo-neu.jpg?fit=436%2C126&ssl=1","contentUrl":"https:\/\/i1.wp.com\/www.gesamtschule-eiserfeld.de\/wp-content\/uploads\/2019\/01\/GEE-Logo-neu.jpg?fit=436%2C126&ssl=1","width":436,"height":126,"caption":"Gesamtschule Eiserfeld"},"image":{"@id":"https:\/\/www.gesamtschule-eiserfeld.de\/#\/schema\/logo\/image\/"},"sameAs":["https:\/\/www.facebook.com\/GEEiserfeld"]},{"@type":"Person","@id":"https:\/\/www.gesamtschule-eiserfeld.de\/#\/schema\/person\/9f37123dd2ff514a1346db435bdb3784","name":"dorw","sameAs":["http:\/\/www.ge-eiserfeld.de"],"url":"https:\/\/www.gesamtschule-eiserfeld.de\/?author=9"}]}},"jetpack_publicize_connections":[],"jetpack_featured_media_url":"","jetpack_shortlink":"https:\/\/wp.me\/p2weeL-2wH","jetpack_sharing_enabled":true,"_links":{"self":[{"href":"https:\/\/www.gesamtschule-eiserfeld.de\/index.php?rest_route=\/wp\/v2\/posts\/9715","targetHints":{"allow":["GET"]}}],"collection":[{"href":"https:\/\/www.gesamtschule-eiserfeld.de\/index.php?rest_route=\/wp\/v2\/posts"}],"about":[{"href":"https:\/\/www.gesamtschule-eiserfeld.de\/index.php?rest_route=\/wp\/v2\/types\/post"}],"author":[{"embeddable":true,"href":"https:\/\/www.gesamtschule-eiserfeld.de\/index.php?rest_route=\/wp\/v2\/users\/9"}],"replies":[{"embeddable":true,"href":"https:\/\/www.gesamtschule-eiserfeld.de\/index.php?rest_route=%2Fwp%2Fv2%2Fcomments&post=9715"}],"version-history":[{"count":0,"href":"https:\/\/www.gesamtschule-eiserfeld.de\/index.php?rest_route=\/wp\/v2\/posts\/9715\/revisions"}],"wp:attachment":[{"href":"https:\/\/www.gesamtschule-eiserfeld.de\/index.php?rest_route=%2Fwp%2Fv2%2Fmedia&parent=9715"}],"wp:term":[{"taxonomy":"category","embeddable":true,"href":"https:\/\/www.gesamtschule-eiserfeld.de\/index.php?rest_route=%2Fwp%2Fv2%2Fcategories&post=9715"},{"taxonomy":"post_tag","embeddable":true,"href":"https:\/\/www.gesamtschule-eiserfeld.de\/index.php?rest_route=%2Fwp%2Fv2%2Ftags&post=9715"}],"curies":[{"name":"wp","href":"https:\/\/api.w.org\/{rel}","templated":true}]}}